{"id":66639,"date":"2026-04-27T21:28:37","date_gmt":"2026-04-28T00:28:37","guid":{"rendered":"https:\/\/radiorevelacionfm.cl\/?p=66639"},"modified":"2026-04-27T21:28:37","modified_gmt":"2026-04-28T00:28:37","slug":"diputada-valdebenito-pide-esclarecer-uso-de-traslado-aeromedico-desde-hospital-regional-tras-investigacion-de-contraloria","status":"publish","type":"post","link":"https:\/\/radiorevelacionfm.cl\/?p=66639","title":{"rendered":"Diputada Valdebenito pide esclarecer uso de traslado aerom\u00e9dico desde Hospital Regional tras investigaci\u00f3n de Contralor\u00eda"},"content":{"rendered":"<div class=\"flex_column av_one_full  flex_column_div av-zero-column-padding first  avia-builder-el-0  el_before_av_one_full  avia-builder-el-first  \" style='border-radius:0px; '><div  class='avia-image-container  av-styling-    avia-builder-el-1  avia-builder-el-no-sibling  avia-align-center '  itemprop=\"image\" itemscope=\"itemscope\" itemtype=\"https:\/\/schema.org\/ImageObject\"  ><div class='avia-image-container-inner'><div class='avia-image-overlay-wrap'><img decoding=\"async\" class='wp-image-66640 avia-img-lazy-loading-not-66640 avia_image' src=\"https:\/\/radiorevelacionfm.cl\/wp-content\/uploads\/2026\/04\/image0-5-2-1.jpeg\" alt='' title='image0 (5) (2) (1)' height=\"686\" width=\"801\"  itemprop=\"thumbnailUrl\" srcset=\"https:\/\/radiorevelacionfm.cl\/wp-content\/uploads\/2026\/04\/image0-5-2-1.jpeg 801w, https:\/\/radiorevelacionfm.cl\/wp-content\/uploads\/2026\/04\/image0-5-2-1-300x257.jpeg 300w, https:\/\/radiorevelacionfm.cl\/wp-content\/uploads\/2026\/04\/image0-5-2-1-768x658.jpeg 768w, https:\/\/radiorevelacionfm.cl\/wp-content\/uploads\/2026\/04\/image0-5-2-1-705x604.jpeg 705w, https:\/\/radiorevelacionfm.cl\/wp-content\/uploads\/2026\/04\/image0-5-2-1-450x385.jpeg 450w, https:\/\/radiorevelacionfm.cl\/wp-content\/uploads\/2026\/04\/image0-5-2-1-600x514.jpeg 600w\" sizes=\"(max-width: 801px) 100vw, 801px\" \/><\/div><\/div><\/div><\/div><div class=\"flex_column av_one_full  flex_column_div av-zero-column-padding first  avia-builder-el-2  el_after_av_one_full  el_before_av_one_full  column-top-margin\" style='border-radius:0px; '><section class=\"av_textblock_section \"  itemscope=\"itemscope\" itemtype=\"https:\/\/schema.org\/BlogPosting\" itemprop=\"blogPost\" ><div class='avia_textblock  '   itemprop=\"text\" ><p style=\"text-align: center;\"><strong><span style=\"font-size: 18pt;\">Diputada Valdebenito pide esclarecer uso de traslado aerom\u00e9dico desde Hospital Regional tras investigaci\u00f3n de Contralor\u00eda<\/span><\/strong><\/p>\n<div id=\"gtx-trans\" style=\"position: absolute; left: -50px; top: 4.31534px;\">\n<div class=\"gtx-trans-icon\"><\/div>\n<\/div>\n<\/div><\/section><\/div><div class=\"flex_column av_one_full  flex_column_div av-zero-column-padding first  avia-builder-el-4  el_after_av_one_full  el_before_av_hr  column-top-margin\" style='border-radius:0px; '><section class=\"av_textblock_section \"  itemscope=\"itemscope\" itemtype=\"https:\/\/schema.org\/BlogPosting\" itemprop=\"blogPost\" ><div class='avia_textblock  '   itemprop=\"text\" ><p style=\"text-align: justify;\"><strong><em>La parlamentaria tambi\u00e9n espera un pronunciamiento de la ministra de Salud, para que adopte medidas concretas y esclarezca esta situaci\u00f3n.<\/em><\/strong><\/p>\n<p style=\"text-align: justify;\">A ra\u00edz de la investigaci\u00f3n que lleva adelante la Contralor\u00eda General de la Rep\u00fablica por un eventual uso irregular de un traslado aerom\u00e9dico en la Regi\u00f3n de Ays\u00e9n -tal como public\u00f3 hoy el medio Emol- la diputada Alejandra Valdebenito abord\u00f3 la situaci\u00f3n, calific\u00e1ndola como un tema de alta sensibilidad para el territorio.<\/p>\n<p style=\"text-align: justify;\">El caso \u2014que involucra el traslado del hijo de la directora (s) del Hospital Regional de Coyhaique\u2014 ha generado preocupaci\u00f3n en la regi\u00f3n, considerando las dificultades de acceso a prestaciones de salud de mayor complejidad y la relevancia de los vuelos aerom\u00e9dicos en zonas extremas.<\/p>\n<p style=\"text-align: justify;\">\u201cEste es un tema muy sensible para quienes vivimos en Ays\u00e9n. Muchas familias han enfrentado situaciones cr\u00edticas de salud con seres queridos y saben lo que significa necesitar un traslado urgente fuera de la regi\u00f3n\u201d, se\u00f1al\u00f3 la parlamentaria.<\/p>\n<p style=\"text-align: justify;\">En esa l\u00ednea, la diputada enfatiz\u00f3 que estos procesos est\u00e1n regulados por normativas y criterios cl\u00ednicos, y que los recursos del Estado son limitados.<\/p>\n<p style=\"text-align: justify;\">\u201cLos traslados est\u00e1n protocolizados dentro de la macrored. Ahora, cuando las familias deciden trasladar a un paciente fuera de nuestra red, lamentablemente ese costo debe ser asumido de manera particular\u201d, explic\u00f3.<\/p>\n<p style=\"text-align: justify;\">Asimismo, advirti\u00f3 sobre la gravedad que implicar\u00eda un eventual uso indebido de estos recursos, especialmente cuando se trata de autoridades con capacidad de decisi\u00f3n.<\/p>\n<p style=\"text-align: justify;\">\u201cNo podemos permitir que recursos p\u00fablicos tan cr\u00edticos se utilicen para beneficios individuales, y menos a\u00fan cuando quienes intervienen en estos procesos tienen responsabilidades en su autorizaci\u00f3n\u201d, afirm\u00f3.<\/p>\n<p style=\"text-align: justify;\">La diputada subray\u00f3 la importancia de que la investigaci\u00f3n avance con total transparencia, dada la fragilidad del sistema de salud en la regi\u00f3n.<\/p>\n<p style=\"text-align: justify;\">\u201cEs fundamental que esta situaci\u00f3n se investigue a fondo, para esclarecer si existi\u00f3 o no un uso o abuso del sistema. La ciudadan\u00eda necesita certezas\u201d, indic\u00f3.<\/p>\n<p style=\"text-align: justify;\">Finalmente, sostuvo que se deben adoptar medidas claras frente a este tipo de situaciones.<\/p>\n<p style=\"text-align: justify;\">\u201cEsperamos tambi\u00e9n que la ministra de Salud adopte medidas concretas y esclarezca esta situaci\u00f3n. Estas situaciones generan indignaci\u00f3n cuando se percibe que autoridades usan sus cargos para beneficio propio\u201d, concluy\u00f3.<\/p>\n<p style=\"text-align: justify;\">El caso ha reabierto el debate sobre equidad en el acceso a la salud y el uso de recursos p\u00fablicos en territorios aislados como Ays\u00e9n.<\/p>\n<\/div><\/section><\/div><div  style='height:50px' class='hr hr-invisible   avia-builder-el-6  el_after_av_one_full  el_before_av_social_share '><span class='hr-inner ' ><span class='hr-inner-style'><\/span><\/span><\/div><\/p>\n<div  class='av-social-sharing-box  avia-builder-el-7  el_after_av_hr  el_before_av_hr  '><div class='av-share-box'><h5 class='av-share-link-description av-no-toc '>Compartir esta noticia<\/h5><ul class='av-share-box-list noLightbox'><li class='av-share-link av-social-link-facebook' ><a target=\"_blank\" aria-label=\"Compartir en Facebook\" href='https:\/\/www.facebook.com\/sharer.php?u=https:\/\/radiorevelacionfm.cl\/?p=66639&#038;t=Diputada%20Valdebenito%20pide%20esclarecer%20uso%20de%20traslado%20aerom%C3%A9dico%20desde%20Hospital%20Regional%20tras%20investigaci%C3%B3n%20de%20Contralor%C3%ADa' aria-hidden='false' data-av_icon='\ue8f3' data-av_iconfont='entypo-fontello' title='' data-avia-related-tooltip='Compartir en Facebook' rel=\"noopener\"><span class='avia_hidden_link_text'>Compartir en Facebook<\/span><\/a><\/li><li class='av-share-link av-social-link-twitter' ><a target=\"_blank\" aria-label=\"Compartir en Twitter\" href='https:\/\/twitter.com\/share?text=Diputada%20Valdebenito%20pide%20esclarecer%20uso%20de%20traslado%20aerom%C3%A9dico%20desde%20Hospital%20Regional%20tras%20investigaci%C3%B3n%20de%20Contralor%C3%ADa&#038;url=https:\/\/radiorevelacionfm.cl\/?p=66639' aria-hidden='false' data-av_icon='\ue8f1' data-av_iconfont='entypo-fontello' title='' data-avia-related-tooltip='Compartir en Twitter' rel=\"noopener\"><span class='avia_hidden_link_text'>Compartir en Twitter<\/span><\/a><\/li><li class='av-share-link av-social-link-whatsapp' ><a target=\"_blank\" aria-label=\"Compartir en Whatsapp\" href='https:\/\/api.whatsapp.com\/send?text=https:\/\/radiorevelacionfm.cl\/?p=66639' aria-hidden='false' data-av_icon='\uf232' data-av_iconfont='entypo-fontello' title='' data-avia-related-tooltip='Compartir en Whatsapp' rel=\"noopener\"><span class='avia_hidden_link_text'>Compartir en Whatsapp<\/span><\/a><\/li><li class='av-share-link av-social-link-linkedin' ><a target=\"_blank\" aria-label=\"Compartir en LinkedIn\" href='https:\/\/linkedin.com\/shareArticle?mini=true&#038;title=Diputada%20Valdebenito%20pide%20esclarecer%20uso%20de%20traslado%20aerom%C3%A9dico%20desde%20Hospital%20Regional%20tras%20investigaci%C3%B3n%20de%20Contralor%C3%ADa&#038;url=https:\/\/radiorevelacionfm.cl\/?p=66639' aria-hidden='false' data-av_icon='\ue8fc' data-av_iconfont='entypo-fontello' title='' data-avia-related-tooltip='Compartir en LinkedIn' rel=\"noopener\"><span class='avia_hidden_link_text'>Compartir en LinkedIn<\/span><\/a><\/li><li class='av-share-link av-social-link-mail' ><a  aria-label=\"Compartir por correo\" href='mailto:?subject=Diputada%20Valdebenito%20pide%20esclarecer%20uso%20de%20traslado%20aerom%C3%A9dico%20desde%20Hospital%20Regional%20tras%20investigaci%C3%B3n%20de%20Contralor%C3%ADa&#038;body=https:\/\/radiorevelacionfm.cl\/?p=66639' aria-hidden='false' data-av_icon='\ue805' data-av_iconfont='entypo-fontello' title='' data-avia-related-tooltip='Compartir por correo'><span class='avia_hidden_link_text'>Compartir por correo<\/span><\/a><\/li><\/ul><\/div><\/div>\n<div  style='height:50px' class='hr hr-invisible   avia-builder-el-8  el_after_av_social_share  el_before_av_comments_list '><span class='hr-inner ' ><span class='hr-inner-style'><\/span><\/span><\/div>\n<div  class='av-buildercomment  av-blog-meta-html-info-disabled av-blog-meta-tag-disabled  '><\/div>\n","protected":false},"excerpt":{"rendered":"","protected":false},"author":1,"featured_media":66640,"comment_status":"closed","ping_status":"closed","sticky":false,"template":"","format":"standard","meta":{"footnotes":""},"categories":[35],"tags":[],"class_list":["post-66639","post","type-post","status-publish","format-standard","has-post-thumbnail","hentry","category-politica"],"jetpack_featured_media_url":"https:\/\/radiorevelacionfm.cl\/wp-content\/uploads\/2026\/04\/image0-5-2-1.jpeg","_links":{"self":[{"href":"https:\/\/radiorevelacionfm.cl\/index.php?rest_route=\/wp\/v2\/posts\/66639","targetHints":{"allow":["GET"]}}],"collection":[{"href":"https:\/\/radiorevelacionfm.cl\/index.php?rest_route=\/wp\/v2\/posts"}],"about":[{"href":"https:\/\/radiorevelacionfm.cl\/index.php?rest_route=\/wp\/v2\/types\/post"}],"author":[{"embeddable":true,"href":"https:\/\/radiorevelacionfm.cl\/index.php?rest_route=\/wp\/v2\/users\/1"}],"replies":[{"embeddable":true,"href":"https:\/\/radiorevelacionfm.cl\/index.php?rest_route=%2Fwp%2Fv2%2Fcomments&post=66639"}],"version-history":[{"count":2,"href":"https:\/\/radiorevelacionfm.cl\/index.php?rest_route=\/wp\/v2\/posts\/66639\/revisions"}],"predecessor-version":[{"id":66653,"href":"https:\/\/radiorevelacionfm.cl\/index.php?rest_route=\/wp\/v2\/posts\/66639\/revisions\/66653"}],"wp:featuredmedia":[{"embeddable":true,"href":"https:\/\/radiorevelacionfm.cl\/index.php?rest_route=\/wp\/v2\/media\/66640"}],"wp:attachment":[{"href":"https:\/\/radiorevelacionfm.cl\/index.php?rest_route=%2Fwp%2Fv2%2Fmedia&parent=66639"}],"wp:term":[{"taxonomy":"category","embeddable":true,"href":"https:\/\/radiorevelacionfm.cl\/index.php?rest_route=%2Fwp%2Fv2%2Fcategories&post=66639"},{"taxonomy":"post_tag","embeddable":true,"href":"https:\/\/radiorevelacionfm.cl\/index.php?rest_route=%2Fwp%2Fv2%2Ftags&post=66639"}],"curies":[{"name":"wp","href":"https:\/\/api.w.org\/{rel}","templated":true}]}}