{"id":66636,"date":"2026-04-27T18:10:40","date_gmt":"2026-04-27T21:10:40","guid":{"rendered":"https:\/\/radiorevelacionfm.cl\/?p=66636"},"modified":"2026-04-27T18:10:40","modified_gmt":"2026-04-27T21:10:40","slug":"productoras-de-aysen-se-capacitan-en-agricultura-regenerativa-a-traves-de-innovadora-gira-tecnologica","status":"publish","type":"post","link":"https:\/\/radiorevelacionfm.cl\/?p=66636","title":{"rendered":"Productoras de Ays\u00e9n se capacitan en agricultura regenerativa a trav\u00e9s de innovadora gira tecnol\u00f3gica"},"content":{"rendered":"<div class=\"flex_column av_one_full  flex_column_div av-zero-column-padding first  avia-builder-el-0  el_before_av_one_full  avia-builder-el-first  \" style='border-radius:0px; '><div  class='avia-image-container  av-styling-    avia-builder-el-1  avia-builder-el-no-sibling  avia-align-center '  itemprop=\"image\" itemscope=\"itemscope\" itemtype=\"https:\/\/schema.org\/ImageObject\"  ><div class='avia-image-container-inner'><div class='avia-image-overlay-wrap'><img decoding=\"async\" class='wp-image-66637 avia-img-lazy-loading-not-66637 avia_image' src=\"https:\/\/radiorevelacionfm.cl\/wp-content\/uploads\/2026\/04\/9-1-1-1_optimized-1.jpg\" alt='' title='9-(1)-(1)-(1)_optimized (1)' height=\"600\" width=\"1067\"  itemprop=\"thumbnailUrl\" srcset=\"https:\/\/radiorevelacionfm.cl\/wp-content\/uploads\/2026\/04\/9-1-1-1_optimized-1.jpg 1067w, https:\/\/radiorevelacionfm.cl\/wp-content\/uploads\/2026\/04\/9-1-1-1_optimized-1-300x169.jpg 300w, https:\/\/radiorevelacionfm.cl\/wp-content\/uploads\/2026\/04\/9-1-1-1_optimized-1-1030x579.jpg 1030w, https:\/\/radiorevelacionfm.cl\/wp-content\/uploads\/2026\/04\/9-1-1-1_optimized-1-768x432.jpg 768w, https:\/\/radiorevelacionfm.cl\/wp-content\/uploads\/2026\/04\/9-1-1-1_optimized-1-705x396.jpg 705w, https:\/\/radiorevelacionfm.cl\/wp-content\/uploads\/2026\/04\/9-1-1-1_optimized-1-450x253.jpg 450w, https:\/\/radiorevelacionfm.cl\/wp-content\/uploads\/2026\/04\/9-1-1-1_optimized-1-600x337.jpg 600w\" sizes=\"(max-width: 1067px) 100vw, 1067px\" \/><\/div><\/div><\/div><\/div><div class=\"flex_column av_one_full  flex_column_div av-zero-column-padding first  avia-builder-el-2  el_after_av_one_full  el_before_av_one_full  column-top-margin\" style='border-radius:0px; '><section class=\"av_textblock_section \"  itemscope=\"itemscope\" itemtype=\"https:\/\/schema.org\/BlogPosting\" itemprop=\"blogPost\" ><div class='avia_textblock  '   itemprop=\"text\" ><p style=\"text-align: center;\"><strong><span style=\"font-size: 18pt;\">Productoras de Ays\u00e9n se capacitan en agricultura regenerativa a trav\u00e9s de innovadora gira tecnol\u00f3gica\u00a0<\/span><\/strong><\/p>\n<div id=\"gtx-trans\" style=\"position: absolute; left: -50px; top: 4.31534px;\">\n<div class=\"gtx-trans-icon\"><\/div>\n<\/div>\n<\/div><\/section><\/div><div class=\"flex_column av_one_full  flex_column_div av-zero-column-padding first  avia-builder-el-4  el_after_av_one_full  el_before_av_hr  column-top-margin\" style='border-radius:0px; '><section class=\"av_textblock_section \"  itemscope=\"itemscope\" itemtype=\"https:\/\/schema.org\/BlogPosting\" itemprop=\"blogPost\" ><div class='avia_textblock  '   itemprop=\"text\" ><p style=\"text-align: justify;\"><em>Ocho mujeres de Puerto Ays\u00e9n visitaron sistemas productivos exitosos en la cuenca del lago General Carrera, fortaleciendo sus conocimientos en huertos sustentables, fertilizaci\u00f3n natural y soberan\u00eda alimentaria.\u00a0 <\/em><\/p>\n<p style=\"text-align: justify;\">Con el objetivo de intercambiar saberes y potenciar pr\u00e1cticas amigables con el medio ambiente, un grupo de agricultoras de la comuna de Puerto Ays\u00e9n particip\u00f3 en la \u201cGira de la Cueca al lado de General Carrera\u201d, una instancia formativa que les permiti\u00f3 conocer en terreno tres experiencias de agricultura regenerativa y aplicar t\u00e9cnicas concretas para mejorar la calidad de sus cultivos y del suelo.<\/p>\n<p style=\"text-align: justify;\">La iniciativa, denominada \u201cRa\u00edces que Inspiran\u201d, fue financiada por la Fundaci\u00f3n para la Innovaci\u00f3n Agraria, FIA, perteneciente al Ministerio de Agricultura, en el marco de la convocatoria de Giras Nacionales para Mujeres Agroinnovadoras 2025. Su coordinador, Manuel IDuarte, explic\u00f3 que se visitaron tres sistemas productivos exitosos en la cuenca del lago General Carrera: el Huerto Las Terrazas, el Huerto Cuatro Estaciones y el Huerto La Pir\u00e1mide.<\/p>\n<p style=\"text-align: justify;\">\u201cFue significativo poder traspasar conocimientos y adquirir la posibilidad de conocer sistemas productivos que est\u00e1n funcionando. Las mujeres pudieron ver en terreno pr\u00e1cticas culturales alineadas con la conservaci\u00f3n del medio ambiente y la reducci\u00f3n de agroqu\u00edmicos\u201d, se\u00f1al\u00f3 Iduarte.<\/p>\n<p style=\"text-align: justify;\">Mirta Vargas, productora de hortalizas del sector Viviana Norte, valor\u00f3 el aprendizaje pr\u00e1ctico obtenido. \u201cYa ten\u00eda conocimientos te\u00f3ricos por programas como el TAS, pero ver la pr\u00e1ctica me sirvi\u00f3 mucho. Reforc\u00e9 todo lo relacionado con huertos intensivos, agricultura regenerativa, fertilizaci\u00f3n del suelo con nutrientes fabricados por nosotras mismas, como purines, bioles y microorganismos elaborados con manteca de bosque\u201d, detall\u00f3.<\/p>\n<p style=\"text-align: justify;\">Por su parte, Ana Medina, destac\u00f3 la importancia de aprender a organizar el huerto y trabajar la tierra. \u201cEs muy bueno, hay mucho que reanudar\u00a0 muchas cosas que podemos aplicar en todas las zonas\u201d, afirm\u00f3.<\/p>\n<p style=\"text-align: justify;\">Margarita Rojas, dedicada a la recolecci\u00f3n de calafate, maqui, frutillas, frambuesas y zarzaparrilla en Puerto Ays\u00e9n, subray\u00f3 el impacto de la gira en su quehacer diario. \u201cFue una gran experiencia, podemos hacer muchas cosas a trav\u00e9s de nuestro territorio. Volver al campo y producir aqu\u00ed, en el sur, es importante para tener una producci\u00f3n de calidad, sobre todo para las mujeres, que hacemos un tremendo aporte a la calidad laboral\u201d, expres\u00f3.<\/p>\n<p style=\"text-align: justify;\">Las participantes coincidieron en que, pese a los desaf\u00edos clim\u00e1ticos y de suelo propios de la zona de Ays\u00e9n, el conocimiento adquirido les permitir\u00e1 adaptar t\u00e9cnicas sustentables en sus propios predios. Para el seremi de Agricultura, Yordy Cea Espa\u00f1a, esta es una gran experiencia, experiencia, \u201cdestaco el papel preponderante de iniciativas cofinanciadas por el Fondo de Innovaci\u00f3n Agraria que apoyan proyectos de captura e innovaci\u00f3n tecnol\u00f3gica. Estos generan un camino productivo e invitan a sus participantes a adoptar alternativas replicables en sus sistemas, que, sin que implique una gran inversi\u00f3n de por medio, pueden generar cambios significativos en sus sistemas productivos\u201d.<\/p>\n<p style=\"text-align: justify;\">La actividad no solo fortaleci\u00f3 capacidades t\u00e9cnicas, sino tambi\u00e9n el rol de la mujer rural como pilar de la innovaci\u00f3n y la soberan\u00eda alimentaria en el sur de Chile<\/p>\n<\/div><\/section><\/div><div  style='height:50px' class='hr hr-invisible   avia-builder-el-6  el_after_av_one_full  el_before_av_social_share '><span class='hr-inner ' ><span class='hr-inner-style'><\/span><\/span><\/div><\/p>\n<div  class='av-social-sharing-box  avia-builder-el-7  el_after_av_hr  el_before_av_hr  '><div class='av-share-box'><h5 class='av-share-link-description av-no-toc '>Compartir esta noticia<\/h5><ul class='av-share-box-list noLightbox'><li class='av-share-link av-social-link-facebook' ><a target=\"_blank\" aria-label=\"Compartir en Facebook\" href='https:\/\/www.facebook.com\/sharer.php?u=https:\/\/radiorevelacionfm.cl\/?p=66636&#038;t=Productoras%20de%20Ays%C3%A9n%20se%20capacitan%20en%20agricultura%20regenerativa%20a%20trav%C3%A9s%20de%20innovadora%20gira%20tecnol%C3%B3gica' aria-hidden='false' data-av_icon='\ue8f3' data-av_iconfont='entypo-fontello' title='' data-avia-related-tooltip='Compartir en Facebook' rel=\"noopener\"><span class='avia_hidden_link_text'>Compartir en Facebook<\/span><\/a><\/li><li class='av-share-link av-social-link-twitter' ><a target=\"_blank\" aria-label=\"Compartir en Twitter\" href='https:\/\/twitter.com\/share?text=Productoras%20de%20Ays%C3%A9n%20se%20capacitan%20en%20agricultura%20regenerativa%20a%20trav%C3%A9s%20de%20innovadora%20gira%20tecnol%C3%B3gica&#038;url=https:\/\/radiorevelacionfm.cl\/?p=66636' aria-hidden='false' data-av_icon='\ue8f1' data-av_iconfont='entypo-fontello' title='' data-avia-related-tooltip='Compartir en Twitter' rel=\"noopener\"><span class='avia_hidden_link_text'>Compartir en Twitter<\/span><\/a><\/li><li class='av-share-link av-social-link-whatsapp' ><a target=\"_blank\" aria-label=\"Compartir en Whatsapp\" href='https:\/\/api.whatsapp.com\/send?text=https:\/\/radiorevelacionfm.cl\/?p=66636' aria-hidden='false' data-av_icon='\uf232' data-av_iconfont='entypo-fontello' title='' data-avia-related-tooltip='Compartir en Whatsapp' rel=\"noopener\"><span class='avia_hidden_link_text'>Compartir en Whatsapp<\/span><\/a><\/li><li class='av-share-link av-social-link-linkedin' ><a target=\"_blank\" aria-label=\"Compartir en LinkedIn\" href='https:\/\/linkedin.com\/shareArticle?mini=true&#038;title=Productoras%20de%20Ays%C3%A9n%20se%20capacitan%20en%20agricultura%20regenerativa%20a%20trav%C3%A9s%20de%20innovadora%20gira%20tecnol%C3%B3gica&#038;url=https:\/\/radiorevelacionfm.cl\/?p=66636' aria-hidden='false' data-av_icon='\ue8fc' data-av_iconfont='entypo-fontello' title='' data-avia-related-tooltip='Compartir en LinkedIn' rel=\"noopener\"><span class='avia_hidden_link_text'>Compartir en LinkedIn<\/span><\/a><\/li><li class='av-share-link av-social-link-mail' ><a  aria-label=\"Compartir por correo\" href='mailto:?subject=Productoras%20de%20Ays%C3%A9n%20se%20capacitan%20en%20agricultura%20regenerativa%20a%20trav%C3%A9s%20de%20innovadora%20gira%20tecnol%C3%B3gica&#038;body=https:\/\/radiorevelacionfm.cl\/?p=66636' aria-hidden='false' data-av_icon='\ue805' data-av_iconfont='entypo-fontello' title='' data-avia-related-tooltip='Compartir por correo'><span class='avia_hidden_link_text'>Compartir por correo<\/span><\/a><\/li><\/ul><\/div><\/div>\n<div  style='height:50px' class='hr hr-invisible   avia-builder-el-8  el_after_av_social_share  el_before_av_comments_list '><span class='hr-inner ' ><span class='hr-inner-style'><\/span><\/span><\/div>\n<div  class='av-buildercomment  av-blog-meta-html-info-disabled av-blog-meta-tag-disabled  '><\/div>\n","protected":false},"excerpt":{"rendered":"","protected":false},"author":1,"featured_media":66637,"comment_status":"closed","ping_status":"closed","sticky":false,"template":"","format":"standard","meta":{"footnotes":""},"categories":[58],"tags":[],"class_list":["post-66636","post","type-post","status-publish","format-standard","has-post-thumbnail","hentry","category-agricultura"],"jetpack_featured_media_url":"https:\/\/radiorevelacionfm.cl\/wp-content\/uploads\/2026\/04\/9-1-1-1_optimized-1.jpg","_links":{"self":[{"href":"https:\/\/radiorevelacionfm.cl\/index.php?rest_route=\/wp\/v2\/posts\/66636","targetHints":{"allow":["GET"]}}],"collection":[{"href":"https:\/\/radiorevelacionfm.cl\/index.php?rest_route=\/wp\/v2\/posts"}],"about":[{"href":"https:\/\/radiorevelacionfm.cl\/index.php?rest_route=\/wp\/v2\/types\/post"}],"author":[{"embeddable":true,"href":"https:\/\/radiorevelacionfm.cl\/index.php?rest_route=\/wp\/v2\/users\/1"}],"replies":[{"embeddable":true,"href":"https:\/\/radiorevelacionfm.cl\/index.php?rest_route=%2Fwp%2Fv2%2Fcomments&post=66636"}],"version-history":[{"count":2,"href":"https:\/\/radiorevelacionfm.cl\/index.php?rest_route=\/wp\/v2\/posts\/66636\/revisions"}],"predecessor-version":[{"id":66645,"href":"https:\/\/radiorevelacionfm.cl\/index.php?rest_route=\/wp\/v2\/posts\/66636\/revisions\/66645"}],"wp:featuredmedia":[{"embeddable":true,"href":"https:\/\/radiorevelacionfm.cl\/index.php?rest_route=\/wp\/v2\/media\/66637"}],"wp:attachment":[{"href":"https:\/\/radiorevelacionfm.cl\/index.php?rest_route=%2Fwp%2Fv2%2Fmedia&parent=66636"}],"wp:term":[{"taxonomy":"category","embeddable":true,"href":"https:\/\/radiorevelacionfm.cl\/index.php?rest_route=%2Fwp%2Fv2%2Fcategories&post=66636"},{"taxonomy":"post_tag","embeddable":true,"href":"https:\/\/radiorevelacionfm.cl\/index.php?rest_route=%2Fwp%2Fv2%2Ftags&post=66636"}],"curies":[{"name":"wp","href":"https:\/\/api.w.org\/{rel}","templated":true}]}}