{"id":66633,"date":"2026-04-28T15:10:31","date_gmt":"2026-04-28T18:10:31","guid":{"rendered":"https:\/\/radiorevelacionfm.cl\/?p=66633"},"modified":"2026-04-28T15:10:31","modified_gmt":"2026-04-28T18:10:31","slug":"seremi-de-ciencia-aysen-destaca-sintonia-entre-gore-y-gobierno-para-nueva-estrategia-de-innovacion","status":"publish","type":"post","link":"https:\/\/radiorevelacionfm.cl\/?p=66633","title":{"rendered":"Seremi de Ciencia Ays\u00e9n destaca sinton\u00eda entre GORE y Gobierno para nueva estrategia de innovaci\u00f3n"},"content":{"rendered":"<div class=\"flex_column av_one_full  flex_column_div av-zero-column-padding first  avia-builder-el-0  el_before_av_one_full  avia-builder-el-first  \" style='border-radius:0px; '><div  class='avia-image-container  av-styling-    avia-builder-el-1  avia-builder-el-no-sibling  avia-align-center '  itemprop=\"image\" itemscope=\"itemscope\" itemtype=\"https:\/\/schema.org\/ImageObject\"  ><div class='avia-image-container-inner'><div class='avia-image-overlay-wrap'><img decoding=\"async\" class='wp-image-66634 avia-img-lazy-loading-not-66634 avia_image' src=\"https:\/\/radiorevelacionfm.cl\/wp-content\/uploads\/2026\/04\/DSC03362-1-1.jpg\" alt='' title='DSC03362 (1) (1)' height=\"600\" width=\"900\"  itemprop=\"thumbnailUrl\" srcset=\"https:\/\/radiorevelacionfm.cl\/wp-content\/uploads\/2026\/04\/DSC03362-1-1.jpg 900w, https:\/\/radiorevelacionfm.cl\/wp-content\/uploads\/2026\/04\/DSC03362-1-1-300x200.jpg 300w, https:\/\/radiorevelacionfm.cl\/wp-content\/uploads\/2026\/04\/DSC03362-1-1-768x512.jpg 768w, https:\/\/radiorevelacionfm.cl\/wp-content\/uploads\/2026\/04\/DSC03362-1-1-705x470.jpg 705w, https:\/\/radiorevelacionfm.cl\/wp-content\/uploads\/2026\/04\/DSC03362-1-1-450x300.jpg 450w, https:\/\/radiorevelacionfm.cl\/wp-content\/uploads\/2026\/04\/DSC03362-1-1-600x400.jpg 600w\" sizes=\"(max-width: 900px) 100vw, 900px\" \/><\/div><\/div><\/div><\/div><div class=\"flex_column av_one_full  flex_column_div av-zero-column-padding first  avia-builder-el-2  el_after_av_one_full  el_before_av_one_full  column-top-margin\" style='border-radius:0px; '><section class=\"av_textblock_section \"  itemscope=\"itemscope\" itemtype=\"https:\/\/schema.org\/BlogPosting\" itemprop=\"blogPost\" ><div class='avia_textblock  '   itemprop=\"text\" ><p style=\"text-align: center;\"><span style=\"font-size: 18pt;\"><b>Seremi de Ciencia Ays\u00e9n destaca sinton\u00eda entre GORE y Gobierno para nueva estrategia de innovaci\u00f3n<\/b><\/span><\/p>\n<div id=\"gtx-trans\" style=\"position: absolute; left: -50px; top: 4.31534px;\">\n<div class=\"gtx-trans-icon\"><\/div>\n<\/div>\n<\/div><\/section><\/div><div class=\"flex_column av_one_full  flex_column_div av-zero-column-padding first  avia-builder-el-4  el_after_av_one_full  el_before_av_hr  column-top-margin\" style='border-radius:0px; '><section class=\"av_textblock_section \"  itemscope=\"itemscope\" itemtype=\"https:\/\/schema.org\/BlogPosting\" itemprop=\"blogPost\" ><div class='avia_textblock  '   itemprop=\"text\" ><div>\n<p style=\"text-align: justify;\">El pasado viernes 24 de abril sesion\u00f3 el Comit\u00e9 Regional de Ciencia, Tecnolog\u00eda, Conocimiento e Innovaci\u00f3n para el Desarrollo (CTCID) de Ays\u00e9n, en la primera reuni\u00f3n de trabajo de esta instancia tras la instalaci\u00f3n de las nuevas autoridades de Gobierno.<\/p>\n<p style=\"text-align: justify;\">El Secretario Regional Ministerial de Ciencia en Ays\u00e9n, Gabriel P\u00e9rez Aros, destac\u00f3 que la instancia que re\u00fane al Gobernador Regional, al Consejo a trav\u00e9s de la comisi\u00f3n de CTCI y a los ministerios de Ciencia, Educaci\u00f3n y Econom\u00eda, valor\u00f3 que los distritos actores presentes mostraran su disposici\u00f3n a avanzar mancomunadamente.<\/p>\n<p style=\"text-align: justify;\">\u201cNuestro principal objetivo es actualizar la ERI, Estrategia Regional de Innovaci\u00f3n, para poder contar con una pol\u00edtica regional de ciencia para el desarrollo en la regi\u00f3n de Ays\u00e9n.\u00a0Lo que podemos rescatar de hoy de esta reuni\u00f3n y comit\u00e9 es que estamos en sinton\u00eda desde el Ministerio de Nuestra Ministra Ximena Lincolao con el Gobernador Marcelo Santana en bajar el conocimiento y la ciencia a los territorios y poder dar una mejor gobernanza\u201d, afirm\u00f3 el Seremi P\u00e9rez.<\/p>\n<p style=\"text-align: justify;\">Este comit\u00e9 funcion\u00f3 de manera interrumpida durante los \u00faltimos a\u00f1os y se reactiv\u00f3 con la llegada del Ministerio de Ciencia, Tecnolog\u00eda, Conocimiento e Innovaci\u00f3n (CTCI) a la Regi\u00f3n de Ays\u00e9n, luego de a\u00f1os de funcionamiento de la Macrozona Austral con sede en Punta Arenas.<\/p>\n<p style=\"text-align: justify;\">El Seremi Gabriel P\u00e9rez remarc\u00f3, en ese sentido, que con esto se podr\u00e1 agilizar la actualizaci\u00f3n de la ERI, documento que gu\u00eda al ecosistema de ciencia, tecnolog\u00eda, conocimiento e innovaci\u00f3n y su v\u00ednculo con el desarrollo regional; y que se encuentra desactualizado, con su vigencia siendo aplazada desde el a\u00f1o 2020.<\/p>\n<p style=\"text-align: justify;\">P\u00e9rez enfatiz\u00f3 que \u201cen el Gobierno del Presidente Jos\u00e9 Antonio Kast queremos que la ciencia tenga impacto en la econom\u00eda y el empleo. Hay oportunidades en el mundo de la tecnolog\u00eda, la inteligencia artificial y otras \u00e1reas del conocimiento y como regi\u00f3n no podemos quedar ajenos a ello\u201d.<\/p>\n<\/div>\n<\/div><\/section><\/div><div  style='height:50px' class='hr hr-invisible   avia-builder-el-6  el_after_av_one_full  el_before_av_social_share '><span class='hr-inner ' ><span class='hr-inner-style'><\/span><\/span><\/div><\/p>\n<div  class='av-social-sharing-box  avia-builder-el-7  el_after_av_hr  el_before_av_hr  '><div class='av-share-box'><h5 class='av-share-link-description av-no-toc '>Compartir esta noticia<\/h5><ul class='av-share-box-list noLightbox'><li class='av-share-link av-social-link-facebook' ><a target=\"_blank\" aria-label=\"Compartir en Facebook\" href='https:\/\/www.facebook.com\/sharer.php?u=https:\/\/radiorevelacionfm.cl\/?p=66633&#038;t=Seremi%20de%20Ciencia%20Ays%C3%A9n%20destaca%20sinton%C3%ADa%20entre%20GORE%20y%20Gobierno%20para%20nueva%20estrategia%20de%20innovaci%C3%B3n' aria-hidden='false' data-av_icon='\ue8f3' data-av_iconfont='entypo-fontello' title='' data-avia-related-tooltip='Compartir en Facebook' rel=\"noopener\"><span class='avia_hidden_link_text'>Compartir en Facebook<\/span><\/a><\/li><li class='av-share-link av-social-link-twitter' ><a target=\"_blank\" aria-label=\"Compartir en Twitter\" href='https:\/\/twitter.com\/share?text=Seremi%20de%20Ciencia%20Ays%C3%A9n%20destaca%20sinton%C3%ADa%20entre%20GORE%20y%20Gobierno%20para%20nueva%20estrategia%20de%20innovaci%C3%B3n&#038;url=https:\/\/radiorevelacionfm.cl\/?p=66633' aria-hidden='false' data-av_icon='\ue8f1' data-av_iconfont='entypo-fontello' title='' data-avia-related-tooltip='Compartir en Twitter' rel=\"noopener\"><span class='avia_hidden_link_text'>Compartir en Twitter<\/span><\/a><\/li><li class='av-share-link av-social-link-whatsapp' ><a target=\"_blank\" aria-label=\"Compartir en Whatsapp\" href='https:\/\/api.whatsapp.com\/send?text=https:\/\/radiorevelacionfm.cl\/?p=66633' aria-hidden='false' data-av_icon='\uf232' data-av_iconfont='entypo-fontello' title='' data-avia-related-tooltip='Compartir en Whatsapp' rel=\"noopener\"><span class='avia_hidden_link_text'>Compartir en Whatsapp<\/span><\/a><\/li><li class='av-share-link av-social-link-linkedin' ><a target=\"_blank\" aria-label=\"Compartir en LinkedIn\" href='https:\/\/linkedin.com\/shareArticle?mini=true&#038;title=Seremi%20de%20Ciencia%20Ays%C3%A9n%20destaca%20sinton%C3%ADa%20entre%20GORE%20y%20Gobierno%20para%20nueva%20estrategia%20de%20innovaci%C3%B3n&#038;url=https:\/\/radiorevelacionfm.cl\/?p=66633' aria-hidden='false' data-av_icon='\ue8fc' data-av_iconfont='entypo-fontello' title='' data-avia-related-tooltip='Compartir en LinkedIn' rel=\"noopener\"><span class='avia_hidden_link_text'>Compartir en LinkedIn<\/span><\/a><\/li><li class='av-share-link av-social-link-mail' ><a  aria-label=\"Compartir por correo\" href='mailto:?subject=Seremi%20de%20Ciencia%20Ays%C3%A9n%20destaca%20sinton%C3%ADa%20entre%20GORE%20y%20Gobierno%20para%20nueva%20estrategia%20de%20innovaci%C3%B3n&#038;body=https:\/\/radiorevelacionfm.cl\/?p=66633' aria-hidden='false' data-av_icon='\ue805' data-av_iconfont='entypo-fontello' title='' data-avia-related-tooltip='Compartir por correo'><span class='avia_hidden_link_text'>Compartir por correo<\/span><\/a><\/li><\/ul><\/div><\/div>\n<div  style='height:50px' class='hr hr-invisible   avia-builder-el-8  el_after_av_social_share  el_before_av_comments_list '><span class='hr-inner ' ><span class='hr-inner-style'><\/span><\/span><\/div>\n<div  class='av-buildercomment  av-blog-meta-html-info-disabled av-blog-meta-tag-disabled  '><\/div>\n","protected":false},"excerpt":{"rendered":"","protected":false},"author":1,"featured_media":66634,"comment_status":"closed","ping_status":"closed","sticky":false,"template":"","format":"standard","meta":{"footnotes":""},"categories":[53],"tags":[],"class_list":["post-66633","post","type-post","status-publish","format-standard","has-post-thumbnail","hentry","category-ciencia"],"jetpack_featured_media_url":"https:\/\/radiorevelacionfm.cl\/wp-content\/uploads\/2026\/04\/DSC03362-1-1.jpg","_links":{"self":[{"href":"https:\/\/radiorevelacionfm.cl\/index.php?rest_route=\/wp\/v2\/posts\/66633","targetHints":{"allow":["GET"]}}],"collection":[{"href":"https:\/\/radiorevelacionfm.cl\/index.php?rest_route=\/wp\/v2\/posts"}],"about":[{"href":"https:\/\/radiorevelacionfm.cl\/index.php?rest_route=\/wp\/v2\/types\/post"}],"author":[{"embeddable":true,"href":"https:\/\/radiorevelacionfm.cl\/index.php?rest_route=\/wp\/v2\/users\/1"}],"replies":[{"embeddable":true,"href":"https:\/\/radiorevelacionfm.cl\/index.php?rest_route=%2Fwp%2Fv2%2Fcomments&post=66633"}],"version-history":[{"count":2,"href":"https:\/\/radiorevelacionfm.cl\/index.php?rest_route=\/wp\/v2\/posts\/66633\/revisions"}],"predecessor-version":[{"id":66681,"href":"https:\/\/radiorevelacionfm.cl\/index.php?rest_route=\/wp\/v2\/posts\/66633\/revisions\/66681"}],"wp:featuredmedia":[{"embeddable":true,"href":"https:\/\/radiorevelacionfm.cl\/index.php?rest_route=\/wp\/v2\/media\/66634"}],"wp:attachment":[{"href":"https:\/\/radiorevelacionfm.cl\/index.php?rest_route=%2Fwp%2Fv2%2Fmedia&parent=66633"}],"wp:term":[{"taxonomy":"category","embeddable":true,"href":"https:\/\/radiorevelacionfm.cl\/index.php?rest_route=%2Fwp%2Fv2%2Fcategories&post=66633"},{"taxonomy":"post_tag","embeddable":true,"href":"https:\/\/radiorevelacionfm.cl\/index.php?rest_route=%2Fwp%2Fv2%2Ftags&post=66633"}],"curies":[{"name":"wp","href":"https:\/\/api.w.org\/{rel}","templated":true}]}}