{"id":6663,"date":"2021-07-26T20:17:19","date_gmt":"2021-07-26T23:17:19","guid":{"rendered":"https:\/\/radiorevelacionfm.cl\/?p=6663"},"modified":"2021-07-26T20:17:19","modified_gmt":"2021-07-26T23:17:19","slug":"rezagados-podran-inscribirse-en-la-prueba-de-transicion-del-5-al-23-de-agosto","status":"publish","type":"post","link":"https:\/\/radiorevelacionfm.cl\/?p=6663","title":{"rendered":"Rezagados podr\u00e1n inscribirse en la Prueba de Transici\u00f3n del 5 al 23 de agosto"},"content":{"rendered":"<div class=\"flex_column av_one_full  flex_column_div av-zero-column-padding first  avia-builder-el-0  el_before_av_one_full  avia-builder-el-first  \" style='border-radius:0px; '><div  class='avia-image-container  av-styling-    avia-builder-el-1  avia-builder-el-no-sibling  avia-align-center '  itemprop=\"image\" itemscope=\"itemscope\" itemtype=\"https:\/\/schema.org\/ImageObject\"  ><div class='avia-image-container-inner'><div class='avia-image-overlay-wrap'><img decoding=\"async\" class='wp-image-6664 avia-img-lazy-loading-not-6664 avia_image' src=\"https:\/\/radiorevelacionfm.cl\/wp-content\/uploads\/2021\/07\/PDT2-1-1.jpg\" alt='' title='PDT2 (1) (1)' height=\"600\" width=\"902\"  itemprop=\"thumbnailUrl\" srcset=\"https:\/\/radiorevelacionfm.cl\/wp-content\/uploads\/2021\/07\/PDT2-1-1.jpg 902w, https:\/\/radiorevelacionfm.cl\/wp-content\/uploads\/2021\/07\/PDT2-1-1-300x200.jpg 300w, https:\/\/radiorevelacionfm.cl\/wp-content\/uploads\/2021\/07\/PDT2-1-1-768x511.jpg 768w, https:\/\/radiorevelacionfm.cl\/wp-content\/uploads\/2021\/07\/PDT2-1-1-705x469.jpg 705w, https:\/\/radiorevelacionfm.cl\/wp-content\/uploads\/2021\/07\/PDT2-1-1-600x399.jpg 600w\" sizes=\"(max-width: 902px) 100vw, 902px\" \/><\/div><\/div><\/div><\/div>\n<div class=\"flex_column av_one_full  flex_column_div av-zero-column-padding first  avia-builder-el-2  el_after_av_one_full  el_before_av_one_full  column-top-margin\" style='border-radius:0px; '><section class=\"av_textblock_section \"  itemscope=\"itemscope\" itemtype=\"https:\/\/schema.org\/BlogPosting\" itemprop=\"blogPost\" ><div class='avia_textblock  '   itemprop=\"text\" ><p style=\"text-align: center;\"><span style=\"font-size: 18pt;\"><b>Rezagados podr\u00e1n inscribirse en la Prueba de Transici\u00f3n<\/b><b>\u00a0<\/b><b>del 5 al 23 de agosto<\/b><\/span><\/p>\n<div id=\"gtx-trans\" style=\"position: absolute; left: -50px; top: 4.31534px;\">\n<div class=\"gtx-trans-icon\"><\/div>\n<\/div>\n<\/div><\/section><\/div>\n<div class=\"flex_column av_one_full  flex_column_div av-zero-column-padding first  avia-builder-el-4  el_after_av_one_full  el_before_av_hr  column-top-margin\" style='border-radius:0px; '><section class=\"av_textblock_section \"  itemscope=\"itemscope\" itemtype=\"https:\/\/schema.org\/BlogPosting\" itemprop=\"blogPost\" ><div class='avia_textblock  '   itemprop=\"text\" ><p class=\"v1MsoNormal\" style=\"text-align: justify;\">M\u00e1s de 200 mil postulantes ya realizaron el tr\u00e1mite en el plazo ordinario, que finaliz\u00f3 el viernes 23 a las 13 horas. Sin embargo, la Subsecretar\u00eda de Educaci\u00f3n Superior inform\u00f3 que habr\u00e1 un periodo extraordinario para que quienes a\u00fan no se han inscrito, puedan completar el formulario en acceso.mineduc.cl y dar la PDT en diciembre.<\/p>\n<p class=\"v1MsoNormal\" style=\"text-align: justify;\">La Subsecretar\u00eda de Educaci\u00f3n y el DEMRE de la Universidad de Chile confirmaron que habr\u00e1 un periodo extraordinario de inscripci\u00f3n a la Prueba de Transici\u00f3n (PDT). Este ir\u00e1 desde el\u00a0<b>jueves 5 de agosto, a las 9:00 horas, hasta el lunes 23 de agosto, a las 13:00 horas<\/b>, y servir\u00e1 para que quienes, por diversos motivos, a\u00fan no han completado el formulario de inscripci\u00f3n en\u00a0<a href=\"https:\/\/nam02.safelinks.protection.outlook.com\/?url=https%3A%2F%2Facceso.mineduc.cl%2F&amp;data=04%7C01%7Ccamilo.gomez%40mineduc.cl%7Cfd6d360d1a104f22768308d94de14f74%7C2e4cfe500580414093874ecde39def60%7C0%7C0%7C637626452376095191%7CUnknown%7CTWFpbGZsb3d8eyJWIjoiMC4wLjAwMDAiLCJQIjoiV2luMzIiLCJBTiI6Ik1haWwiLCJXVCI6Mn0%3D%7C1000&amp;sdata=BNTa%2BrgY%2BnL8pxv2d%2F0dW5YfVX2CUFhh3WKcuBYPxUA%3D&amp;reserved=0\" target=\"_blank\" rel=\"noopener noreferrer\">acceso.mineduc.cl<\/a>\u00a0lo hagan y queden habilitados para rendir la PDT en diciembre pr\u00f3ximo.<\/p>\n<p class=\"v1MsoNormal\" style=\"text-align: justify;\">Recordemos que el plazo ordinario lleg\u00f3 a su fin. \u201cYa son m\u00e1s de 200 mil los postulantes que se han inscrito y esperamos que este nuevo plazo sirva para que todos quienes no lo han hecho, por diversos motivos, completen el formulario y queden as\u00ed habilitados para rendir la PDT el 6-7 y 9-10 de diciembre\u201d, se\u00f1al\u00f3 el subsecretario de Educaci\u00f3n Superior, Juan Eduardo Vargas.<\/p>\n<p class=\"v1MsoNormal\" style=\"text-align: justify;\">La autoridad agreg\u00f3 que, al igual que el a\u00f1o pasado, se tomar\u00e1n todas las medidas sanitarias para que el proceso de rendici\u00f3n se lleve a cabo de manera segura en el escenario de pandemia por Covid-19 que a\u00fan enfrentamos.<\/p>\n<p class=\"v1MsoNormal\" style=\"text-align: justify;\">Asimismo, record\u00f3 que existe la Beca Prueba de Admisi\u00f3n que cubre el total del arancel de inscripci\u00f3n para los alumnos de 4\u00b0 Medio de colegios municipales, particulares subvencionados, servicios locales y de administraci\u00f3n delegada. \u201cEs importante decir que seguimos en pandemia y que sabemos que para los estudiantes no han sido a\u00f1os f\u00e1ciles. Es por eso que, al igual que en 2020, hemos puesto a disposici\u00f3n de los postulantes la oportunidad de acceder de forma gratuita a dos preuniversitarios online, en los que se pueden inscribir a trav\u00e9s de la web aprendoenlinea.mineduc.cl\u201d, destac\u00f3 el subsecretario Vargas.<\/p>\n<p class=\"v1MsoNormal\" style=\"text-align: justify;\">Leonor Varas, directora del DEMRE, resalt\u00f3 que este a\u00f1o se incorporaron tres nuevas sedes de aplicaci\u00f3n (Quintero, en la Regi\u00f3n de Valpara\u00edso; Tir\u00faa, en la Regi\u00f3n del Biob\u00edo, y Los Lagos, en la Regi\u00f3n de Los R\u00edos), para facilitar el acceso a la prueba de cada vez m\u00e1s j\u00f3venes, \u201cdisminuyendo factores externos que puedan provocar ansiedad y estr\u00e9s, como los viajes a otras localidades para rendir la PDT\u201d.<\/p>\n<p class=\"v1MsoNormal\" style=\"text-align: justify;\"><b>C\u00f3mo inscribirse<\/b><\/p>\n<p class=\"v1MsoNormal\" style=\"text-align: justify;\">El formulario de inscripci\u00f3n se encuentra disponible en el sitio\u00a0<a href=\"https:\/\/nam02.safelinks.protection.outlook.com\/?url=https%3A%2F%2Facceso.mineduc.cl%2F&amp;data=04%7C01%7Ccamilo.gomez%40mineduc.cl%7Cfd6d360d1a104f22768308d94de14f74%7C2e4cfe500580414093874ecde39def60%7C0%7C0%7C637626452376105149%7CUnknown%7CTWFpbGZsb3d8eyJWIjoiMC4wLjAwMDAiLCJQIjoiV2luMzIiLCJBTiI6Ik1haWwiLCJXVCI6Mn0%3D%7C1000&amp;sdata=HtjEiE6rDFl%2BcEsIlyxDZtz0FvByWdJmVS%2Bw3OujpBY%3D&amp;reserved=0\" target=\"_blank\" rel=\"noopener noreferrer\">acceso.mineduc.cl<\/a>.<\/p>\n<p class=\"v1MsoNormal\" style=\"text-align: justify;\">En esa web y en la del DEMRE, adem\u00e1s de material para prepararse a la Prueba de Transici\u00f3n, hay informaci\u00f3n con las instrucciones generales para inscribirse de manera adecuada.<\/p>\n<p class=\"v1MsoNormal\" style=\"text-align: justify;\">Es importante se\u00f1alar que para inscribirse es necesario contar con C\u00e9dula de Identidad Chilena (aunque est\u00e9 vencida), Pasaporte o Identificador Provisorio Escolar (IPE).<\/p>\n<p class=\"v1MsoNormal\" style=\"text-align: justify;\">Aquellas personas chilenas que a la fecha de vigencia del periodo extraordinario (5 al 23 de agosto) no cuenten con su C\u00e9dula de Identidad Chilena, esta se encuentre en tr\u00e1mite o bloqueada, podr\u00e1n inscribirse a la PDT siguiendo el procedimiento correspondiente que estar\u00e1 disponible en las webs de Acceso y del DEMRE.<\/p>\n<p class=\"v1MsoNormal\" style=\"text-align: justify;\">Adicionalmente, todos quienes tengan problemas de escolaridad o notas incompletas, en este proceso extraordinario de inscripci\u00f3n podr\u00e1n inscribirse sin problemas, debiendo regularizar de igual forma sus antecedentes en MINEDUC.<\/p>\n<p class=\"v1MsoNormal\" style=\"text-align: justify;\">Quienes tengan dudas, pueden comunicarse con Ayuda Mineduc, al 600 600 26 26 (desde celulares, al 2 2406 6600), o a la Mesa de Ayuda DEMRE, al 229783806.<\/p>\n<\/div><\/section><\/div><div  style='height:50px' class='hr hr-invisible   avia-builder-el-6  el_after_av_one_full  el_before_av_social_share '><span class='hr-inner ' ><span class='hr-inner-style'><\/span><\/span><\/div><\/p>\n<div  class='av-social-sharing-box  avia-builder-el-7  el_after_av_hr  el_before_av_hr  '><div class='av-share-box'><h5 class='av-share-link-description av-no-toc '>Compartir esta noticia<\/h5><ul class='av-share-box-list noLightbox'><li class='av-share-link av-social-link-facebook' ><a target=\"_blank\" aria-label=\"Compartir en Facebook\" href='https:\/\/www.facebook.com\/sharer.php?u=https:\/\/radiorevelacionfm.cl\/?p=6663&#038;t=Rezagados%20podr%C3%A1n%20inscribirse%20en%20la%20Prueba%20de%20Transici%C3%B3n%20del%205%20al%2023%20de%20agosto' aria-hidden='false' data-av_icon='\ue8f3' data-av_iconfont='entypo-fontello' title='' data-avia-related-tooltip='Compartir en Facebook' rel=\"noopener\"><span class='avia_hidden_link_text'>Compartir en Facebook<\/span><\/a><\/li><li class='av-share-link av-social-link-twitter' ><a target=\"_blank\" aria-label=\"Compartir en Twitter\" href='https:\/\/twitter.com\/share?text=Rezagados%20podr%C3%A1n%20inscribirse%20en%20la%20Prueba%20de%20Transici%C3%B3n%20del%205%20al%2023%20de%20agosto&#038;url=https:\/\/radiorevelacionfm.cl\/?p=6663' aria-hidden='false' data-av_icon='\ue8f1' data-av_iconfont='entypo-fontello' title='' data-avia-related-tooltip='Compartir en Twitter' rel=\"noopener\"><span class='avia_hidden_link_text'>Compartir en Twitter<\/span><\/a><\/li><li class='av-share-link av-social-link-whatsapp' ><a target=\"_blank\" aria-label=\"Compartir en Whatsapp\" href='https:\/\/api.whatsapp.com\/send?text=https:\/\/radiorevelacionfm.cl\/?p=6663' aria-hidden='false' data-av_icon='\uf232' data-av_iconfont='entypo-fontello' title='' data-avia-related-tooltip='Compartir en Whatsapp' rel=\"noopener\"><span class='avia_hidden_link_text'>Compartir en Whatsapp<\/span><\/a><\/li><li class='av-share-link av-social-link-linkedin' ><a target=\"_blank\" aria-label=\"Compartir en LinkedIn\" href='https:\/\/linkedin.com\/shareArticle?mini=true&#038;title=Rezagados%20podr%C3%A1n%20inscribirse%20en%20la%20Prueba%20de%20Transici%C3%B3n%20del%205%20al%2023%20de%20agosto&#038;url=https:\/\/radiorevelacionfm.cl\/?p=6663' aria-hidden='false' data-av_icon='\ue8fc' data-av_iconfont='entypo-fontello' title='' data-avia-related-tooltip='Compartir en LinkedIn' rel=\"noopener\"><span class='avia_hidden_link_text'>Compartir en LinkedIn<\/span><\/a><\/li><li class='av-share-link av-social-link-mail' ><a  aria-label=\"Compartir por correo\" href='mailto:?subject=Rezagados%20podr%C3%A1n%20inscribirse%20en%20la%20Prueba%20de%20Transici%C3%B3n%20del%205%20al%2023%20de%20agosto&#038;body=https:\/\/radiorevelacionfm.cl\/?p=6663' aria-hidden='false' data-av_icon='\ue805' data-av_iconfont='entypo-fontello' title='' data-avia-related-tooltip='Compartir por correo'><span class='avia_hidden_link_text'>Compartir por correo<\/span><\/a><\/li><\/ul><\/div><\/div>\n<div  style='height:50px' class='hr hr-invisible   avia-builder-el-8  el_after_av_social_share  el_before_av_comments_list '><span class='hr-inner ' ><span class='hr-inner-style'><\/span><\/span><\/div>\n<div  class='av-buildercomment  av-blog-meta-html-info-disabled av-blog-meta-tag-disabled  '><\/div>\n","protected":false},"excerpt":{"rendered":"","protected":false},"author":1,"featured_media":6664,"comment_status":"open","ping_status":"open","sticky":false,"template":"","format":"standard","meta":{"footnotes":""},"categories":[49],"tags":[],"class_list":["post-6663","post","type-post","status-publish","format-standard","has-post-thumbnail","hentry","category-educacion"],"jetpack_featured_media_url":"https:\/\/radiorevelacionfm.cl\/wp-content\/uploads\/2021\/07\/PDT2-1-1.jpg","_links":{"self":[{"href":"https:\/\/radiorevelacionfm.cl\/index.php?rest_route=\/wp\/v2\/posts\/6663","targetHints":{"allow":["GET"]}}],"collection":[{"href":"https:\/\/radiorevelacionfm.cl\/index.php?rest_route=\/wp\/v2\/posts"}],"about":[{"href":"https:\/\/radiorevelacionfm.cl\/index.php?rest_route=\/wp\/v2\/types\/post"}],"author":[{"embeddable":true,"href":"https:\/\/radiorevelacionfm.cl\/index.php?rest_route=\/wp\/v2\/users\/1"}],"replies":[{"embeddable":true,"href":"https:\/\/radiorevelacionfm.cl\/index.php?rest_route=%2Fwp%2Fv2%2Fcomments&post=6663"}],"version-history":[{"count":2,"href":"https:\/\/radiorevelacionfm.cl\/index.php?rest_route=\/wp\/v2\/posts\/6663\/revisions"}],"predecessor-version":[{"id":6666,"href":"https:\/\/radiorevelacionfm.cl\/index.php?rest_route=\/wp\/v2\/posts\/6663\/revisions\/6666"}],"wp:featuredmedia":[{"embeddable":true,"href":"https:\/\/radiorevelacionfm.cl\/index.php?rest_route=\/wp\/v2\/media\/6664"}],"wp:attachment":[{"href":"https:\/\/radiorevelacionfm.cl\/index.php?rest_route=%2Fwp%2Fv2%2Fmedia&parent=6663"}],"wp:term":[{"taxonomy":"category","embeddable":true,"href":"https:\/\/radiorevelacionfm.cl\/index.php?rest_route=%2Fwp%2Fv2%2Fcategories&post=6663"},{"taxonomy":"post_tag","embeddable":true,"href":"https:\/\/radiorevelacionfm.cl\/index.php?rest_route=%2Fwp%2Fv2%2Ftags&post=6663"}],"curies":[{"name":"wp","href":"https:\/\/api.w.org\/{rel}","templated":true}]}}