{"id":66629,"date":"2026-04-27T15:59:15","date_gmt":"2026-04-27T18:59:15","guid":{"rendered":"https:\/\/radiorevelacionfm.cl\/?p=66629"},"modified":"2026-04-27T15:59:15","modified_gmt":"2026-04-27T18:59:15","slug":"empresas-suray-y-buses-belen-volveran-a-su-tarifa-habitual-tras-sumarse-a-compensaciones-del-gobierno-para-transportistas","status":"publish","type":"post","link":"https:\/\/radiorevelacionfm.cl\/?p=66629","title":{"rendered":"Empresas Suray y buses Bel\u00e9n volver\u00e1n a su tarifa habitual tras sumarse a compensaciones del Gobierno para transportistas"},"content":{"rendered":"<div class=\"flex_column av_one_full  flex_column_div av-zero-column-padding first  avia-builder-el-0  el_before_av_one_full  avia-builder-el-first  \" style='border-radius:0px; '><div  class='avia-image-container  av-styling-    avia-builder-el-1  avia-builder-el-no-sibling  avia-align-center '  itemprop=\"image\" itemscope=\"itemscope\" itemtype=\"https:\/\/schema.org\/ImageObject\"  ><div class='avia-image-container-inner'><div class='avia-image-overlay-wrap'><img decoding=\"async\" class='wp-image-66630 avia-img-lazy-loading-not-66630 avia_image' src=\"https:\/\/radiorevelacionfm.cl\/wp-content\/uploads\/2026\/04\/bus-blanco_optimized.rojo_-1536x1152-1.jpeg\" alt='' title='bus-blanco_optimized.rojo_-1536x1152-(1)' height=\"600\" width=\"800\"  itemprop=\"thumbnailUrl\" srcset=\"https:\/\/radiorevelacionfm.cl\/wp-content\/uploads\/2026\/04\/bus-blanco_optimized.rojo_-1536x1152-1.jpeg 800w, https:\/\/radiorevelacionfm.cl\/wp-content\/uploads\/2026\/04\/bus-blanco_optimized.rojo_-1536x1152-1-300x225.jpeg 300w, https:\/\/radiorevelacionfm.cl\/wp-content\/uploads\/2026\/04\/bus-blanco_optimized.rojo_-1536x1152-1-768x576.jpeg 768w, https:\/\/radiorevelacionfm.cl\/wp-content\/uploads\/2026\/04\/bus-blanco_optimized.rojo_-1536x1152-1-705x529.jpeg 705w, https:\/\/radiorevelacionfm.cl\/wp-content\/uploads\/2026\/04\/bus-blanco_optimized.rojo_-1536x1152-1-450x338.jpeg 450w, https:\/\/radiorevelacionfm.cl\/wp-content\/uploads\/2026\/04\/bus-blanco_optimized.rojo_-1536x1152-1-600x450.jpeg 600w\" sizes=\"(max-width: 800px) 100vw, 800px\" \/><\/div><\/div><\/div><\/div><div class=\"flex_column av_one_full  flex_column_div av-zero-column-padding first  avia-builder-el-2  el_after_av_one_full  el_before_av_one_full  column-top-margin\" style='border-radius:0px; '><section class=\"av_textblock_section \"  itemscope=\"itemscope\" itemtype=\"https:\/\/schema.org\/BlogPosting\" itemprop=\"blogPost\" ><div class='avia_textblock  '   itemprop=\"text\" ><p style=\"text-align: center;\"><strong><span style=\"font-size: 18pt;\">Empresas Suray y buses Bel\u00e9n volver\u00e1n a su tarifa habitual tras sumarse a compensaciones del Gobierno para transportistas<\/span><\/strong><\/p>\n<div id=\"gtx-trans\" style=\"position: absolute; left: -50px; top: 4.31534px;\">\n<div class=\"gtx-trans-icon\"><\/div>\n<\/div>\n<\/div><\/section><\/div><div class=\"flex_column av_one_full  flex_column_div av-zero-column-padding first  avia-builder-el-4  el_after_av_one_full  el_before_av_hr  column-top-margin\" style='border-radius:0px; '><section class=\"av_textblock_section \"  itemscope=\"itemscope\" itemtype=\"https:\/\/schema.org\/BlogPosting\" itemprop=\"blogPost\" ><div class='avia_textblock  '   itemprop=\"text\" ><ul>\n<li style=\"text-align: justify;\"><em>Ambas empresas suman alrededor de 30 frecuencias de viaje al d\u00eda, de lunes a viernes en el recorrido m\u00e1s transitado de la regi\u00f3n. La reposici\u00f3n de sus tarifas beneficiar\u00e1 a cerca de 800 personas diariamente. Retorno a la tarifa habitual se concretar\u00e1 dentro de la semana.<\/em><\/li>\n<\/ul>\n<p style=\"text-align: justify;\">Luego que las empresas Suray y Buses Bel\u00e9n anunciaran el alza de sus tarifas a mediados de abril, como respuesta al alza en el valor de los combustibles, el ministerio de Transportes y Telecomunicaciones a trav\u00e9s de su secretar\u00eda regional, realiz\u00f3 la gesti\u00f3n con ambas operadoras de transporte regional para informarles de los beneficios del Plan Chile Sale Adelante y sus detalles. Mediante este trabajo, las empresas decidieron hacer su postulaci\u00f3n y as\u00ed retomar sus tarifas vigentes hasta marzo, durante esta semana.<\/p>\n<p style=\"text-align: justify;\">Dentro de las caracter\u00edsticas de esta medida de Gobierno, destaca el programa de compensaci\u00f3n para transportistas, que ya han beneficiado a 350 personas del rubro en Ays\u00e9n, donde se cuentan operadores de taxis en sus distintas modalidades, transporte escolar y tambi\u00e9n el transporte rural, clasificaci\u00f3n en la que ambas empresas pueden ser beneficiadas a trav\u00e9s de la gesti\u00f3n del beneficio.<\/p>\n<p style=\"text-align: justify;\">La seremiTT Ver\u00f3nica Figueroa Foitzick destac\u00f3 la disposici\u00f3n de ambas empresas para sumarse al Plan Chile Adelante y de esta manera, tambi\u00e9n beneficiar a sus pasajeros en la ruta m\u00e1s transitada de Ays\u00e9n que de lunes a viernes suman casi 30 frecuencias diarias, trasladando a un estimado de 800 pasajeros por d\u00eda.<\/p>\n<p style=\"text-align: justify;\">\u201cTenemos una buena noticia como ministerio de Transporte y Telecomunicaciones, aqu\u00ed desde Ays\u00e9n. Las tarifas que hab\u00edan subido desde el tramo Coyhaique a Puerto Ays\u00e9n van a volver a su precio original de marzo de 2026. \u00bfPor qu\u00e9? Porque hemos trabajado con las empresas, hemos estudiado las compensaciones del Plan Chile Sale Adelante del gobierno del presidente Jos\u00e9 Antonio Kast. Hemos ido conversando con las empresas y llegamos a un acuerdo con Buses Bel\u00e9n y con Buses Suray, que se sumaron a este plan y e este compromiso con usted, con la gente que ocupa estos servicios diariamente, el pasajero, el estudiante\u201d, detall\u00f3 la seremiTT.<\/p>\n<p style=\"text-align: justify;\">La autoridad regional agreg\u00f3 que las postulaciones contin\u00faan vigentes en la p\u00e1gina www.mtt.gob.cl para quienes a\u00fan no se han acogido al plan de compensaciones para el transporte, por lo que invit\u00f3 a informarse y seguir postulando. \u201cTambi\u00e9n invitamos a otras empresas regionales que las estamos llamando, estamos conversando con ellos para ver si podemos llegar tambi\u00e9n a alg\u00fan acuerdo de compensaci\u00f3n y se puedan sumar al Plan Chile Sale Adelante\u201d, concluy\u00f3.<\/p>\n<\/div><\/section><\/div><div  style='height:50px' class='hr hr-invisible   avia-builder-el-6  el_after_av_one_full  el_before_av_social_share '><span class='hr-inner ' ><span class='hr-inner-style'><\/span><\/span><\/div><\/p>\n<div  class='av-social-sharing-box  avia-builder-el-7  el_after_av_hr  el_before_av_hr  '><div class='av-share-box'><h5 class='av-share-link-description av-no-toc '>Compartir esta noticia<\/h5><ul class='av-share-box-list noLightbox'><li class='av-share-link av-social-link-facebook' ><a target=\"_blank\" aria-label=\"Compartir en Facebook\" href='https:\/\/www.facebook.com\/sharer.php?u=https:\/\/radiorevelacionfm.cl\/?p=66629&#038;t=Empresas%20Suray%20y%20buses%20Bel%C3%A9n%20volver%C3%A1n%20a%20su%20tarifa%20habitual%20tras%20sumarse%20a%20compensaciones%20del%20Gobierno%20para%20transportistas' aria-hidden='false' data-av_icon='\ue8f3' data-av_iconfont='entypo-fontello' title='' data-avia-related-tooltip='Compartir en Facebook' rel=\"noopener\"><span class='avia_hidden_link_text'>Compartir en Facebook<\/span><\/a><\/li><li class='av-share-link av-social-link-twitter' ><a target=\"_blank\" aria-label=\"Compartir en Twitter\" href='https:\/\/twitter.com\/share?text=Empresas%20Suray%20y%20buses%20Bel%C3%A9n%20volver%C3%A1n%20a%20su%20tarifa%20habitual%20tras%20sumarse%20a%20compensaciones%20del%20Gobierno%20para%20transportistas&#038;url=https:\/\/radiorevelacionfm.cl\/?p=66629' aria-hidden='false' data-av_icon='\ue8f1' data-av_iconfont='entypo-fontello' title='' data-avia-related-tooltip='Compartir en Twitter' rel=\"noopener\"><span class='avia_hidden_link_text'>Compartir en Twitter<\/span><\/a><\/li><li class='av-share-link av-social-link-whatsapp' ><a target=\"_blank\" aria-label=\"Compartir en Whatsapp\" href='https:\/\/api.whatsapp.com\/send?text=https:\/\/radiorevelacionfm.cl\/?p=66629' aria-hidden='false' data-av_icon='\uf232' data-av_iconfont='entypo-fontello' title='' data-avia-related-tooltip='Compartir en Whatsapp' rel=\"noopener\"><span class='avia_hidden_link_text'>Compartir en Whatsapp<\/span><\/a><\/li><li class='av-share-link av-social-link-linkedin' ><a target=\"_blank\" aria-label=\"Compartir en LinkedIn\" href='https:\/\/linkedin.com\/shareArticle?mini=true&#038;title=Empresas%20Suray%20y%20buses%20Bel%C3%A9n%20volver%C3%A1n%20a%20su%20tarifa%20habitual%20tras%20sumarse%20a%20compensaciones%20del%20Gobierno%20para%20transportistas&#038;url=https:\/\/radiorevelacionfm.cl\/?p=66629' aria-hidden='false' data-av_icon='\ue8fc' data-av_iconfont='entypo-fontello' title='' data-avia-related-tooltip='Compartir en LinkedIn' rel=\"noopener\"><span class='avia_hidden_link_text'>Compartir en LinkedIn<\/span><\/a><\/li><li class='av-share-link av-social-link-mail' ><a  aria-label=\"Compartir por correo\" href='mailto:?subject=Empresas%20Suray%20y%20buses%20Bel%C3%A9n%20volver%C3%A1n%20a%20su%20tarifa%20habitual%20tras%20sumarse%20a%20compensaciones%20del%20Gobierno%20para%20transportistas&#038;body=https:\/\/radiorevelacionfm.cl\/?p=66629' aria-hidden='false' data-av_icon='\ue805' data-av_iconfont='entypo-fontello' title='' data-avia-related-tooltip='Compartir por correo'><span class='avia_hidden_link_text'>Compartir por correo<\/span><\/a><\/li><\/ul><\/div><\/div>\n<div  style='height:50px' class='hr hr-invisible   avia-builder-el-8  el_after_av_social_share  el_before_av_comments_list '><span class='hr-inner ' ><span class='hr-inner-style'><\/span><\/span><\/div>\n<div  class='av-buildercomment  av-blog-meta-html-info-disabled av-blog-meta-tag-disabled  '><\/div>\n","protected":false},"excerpt":{"rendered":"","protected":false},"author":1,"featured_media":66630,"comment_status":"closed","ping_status":"closed","sticky":false,"template":"","format":"standard","meta":{"footnotes":""},"categories":[59],"tags":[],"class_list":["post-66629","post","type-post","status-publish","format-standard","has-post-thumbnail","hentry","category-transporte"],"jetpack_featured_media_url":"https:\/\/radiorevelacionfm.cl\/wp-content\/uploads\/2026\/04\/bus-blanco_optimized.rojo_-1536x1152-1.jpeg","_links":{"self":[{"href":"https:\/\/radiorevelacionfm.cl\/index.php?rest_route=\/wp\/v2\/posts\/66629","targetHints":{"allow":["GET"]}}],"collection":[{"href":"https:\/\/radiorevelacionfm.cl\/index.php?rest_route=\/wp\/v2\/posts"}],"about":[{"href":"https:\/\/radiorevelacionfm.cl\/index.php?rest_route=\/wp\/v2\/types\/post"}],"author":[{"embeddable":true,"href":"https:\/\/radiorevelacionfm.cl\/index.php?rest_route=\/wp\/v2\/users\/1"}],"replies":[{"embeddable":true,"href":"https:\/\/radiorevelacionfm.cl\/index.php?rest_route=%2Fwp%2Fv2%2Fcomments&post=66629"}],"version-history":[{"count":2,"href":"https:\/\/radiorevelacionfm.cl\/index.php?rest_route=\/wp\/v2\/posts\/66629\/revisions"}],"predecessor-version":[{"id":66632,"href":"https:\/\/radiorevelacionfm.cl\/index.php?rest_route=\/wp\/v2\/posts\/66629\/revisions\/66632"}],"wp:featuredmedia":[{"embeddable":true,"href":"https:\/\/radiorevelacionfm.cl\/index.php?rest_route=\/wp\/v2\/media\/66630"}],"wp:attachment":[{"href":"https:\/\/radiorevelacionfm.cl\/index.php?rest_route=%2Fwp%2Fv2%2Fmedia&parent=66629"}],"wp:term":[{"taxonomy":"category","embeddable":true,"href":"https:\/\/radiorevelacionfm.cl\/index.php?rest_route=%2Fwp%2Fv2%2Fcategories&post=66629"},{"taxonomy":"post_tag","embeddable":true,"href":"https:\/\/radiorevelacionfm.cl\/index.php?rest_route=%2Fwp%2Fv2%2Ftags&post=66629"}],"curies":[{"name":"wp","href":"https:\/\/api.w.org\/{rel}","templated":true}]}}