{"id":66625,"date":"2026-04-27T15:45:10","date_gmt":"2026-04-27T18:45:10","guid":{"rendered":"https:\/\/radiorevelacionfm.cl\/?p=66625"},"modified":"2026-04-27T15:45:10","modified_gmt":"2026-04-27T18:45:10","slug":"calisto-pide-agilizar-proyecto-habitacional-que-beneficiara-a-cerca-de-500-familias-de-puerto-aysen","status":"publish","type":"post","link":"https:\/\/radiorevelacionfm.cl\/?p=66625","title":{"rendered":"Calisto pide agilizar proyecto habitacional que beneficiar\u00e1 a cerca de 500 familias de Puerto Ays\u00e9n"},"content":{"rendered":"<div class=\"flex_column av_one_full  flex_column_div av-zero-column-padding first  avia-builder-el-0  el_before_av_one_full  avia-builder-el-first  \" style='border-radius:0px; '><div  class='avia-image-container  av-styling-    avia-builder-el-1  avia-builder-el-no-sibling  avia-align-center '  itemprop=\"image\" itemscope=\"itemscope\" itemtype=\"https:\/\/schema.org\/ImageObject\"  ><div class='avia-image-container-inner'><div class='avia-image-overlay-wrap'><img decoding=\"async\" class='wp-image-66626 avia-img-lazy-loading-not-66626 avia_image' src=\"https:\/\/radiorevelacionfm.cl\/wp-content\/uploads\/2026\/04\/foto-comitEs-chacra-borquez-1_optimized-1.jpeg\" alt='' title='foto-comit\u00c9s-chacra-borquez-(1)_optimized (1)' height=\"600\" width=\"1056\"  itemprop=\"thumbnailUrl\" srcset=\"https:\/\/radiorevelacionfm.cl\/wp-content\/uploads\/2026\/04\/foto-comitEs-chacra-borquez-1_optimized-1.jpeg 1056w, https:\/\/radiorevelacionfm.cl\/wp-content\/uploads\/2026\/04\/foto-comitEs-chacra-borquez-1_optimized-1-300x170.jpeg 300w, https:\/\/radiorevelacionfm.cl\/wp-content\/uploads\/2026\/04\/foto-comitEs-chacra-borquez-1_optimized-1-1030x585.jpeg 1030w, https:\/\/radiorevelacionfm.cl\/wp-content\/uploads\/2026\/04\/foto-comitEs-chacra-borquez-1_optimized-1-768x436.jpeg 768w, https:\/\/radiorevelacionfm.cl\/wp-content\/uploads\/2026\/04\/foto-comitEs-chacra-borquez-1_optimized-1-705x401.jpeg 705w, https:\/\/radiorevelacionfm.cl\/wp-content\/uploads\/2026\/04\/foto-comitEs-chacra-borquez-1_optimized-1-450x256.jpeg 450w, https:\/\/radiorevelacionfm.cl\/wp-content\/uploads\/2026\/04\/foto-comitEs-chacra-borquez-1_optimized-1-600x341.jpeg 600w\" sizes=\"(max-width: 1056px) 100vw, 1056px\" \/><\/div><\/div><\/div><\/div><div class=\"flex_column av_one_full  flex_column_div av-zero-column-padding first  avia-builder-el-2  el_after_av_one_full  el_before_av_one_full  column-top-margin\" style='border-radius:0px; '><section class=\"av_textblock_section \"  itemscope=\"itemscope\" itemtype=\"https:\/\/schema.org\/BlogPosting\" itemprop=\"blogPost\" ><div class='avia_textblock  '   itemprop=\"text\" ><p style=\"text-align: center;\"><strong><span style=\"font-size: 18pt;\">Calisto pide agilizar proyecto habitacional que beneficiar\u00e1 a cerca de 500 familias de Puerto Ays\u00e9n<\/span><\/strong><\/p>\n<div id=\"gtx-trans\" style=\"position: absolute; left: -50px; top: 4.31534px;\">\n<div class=\"gtx-trans-icon\"><\/div>\n<\/div>\n<\/div><\/section><\/div><div class=\"flex_column av_one_full  flex_column_div av-zero-column-padding first  avia-builder-el-4  el_after_av_one_full  el_before_av_hr  column-top-margin\" style='border-radius:0px; '><section class=\"av_textblock_section \"  itemscope=\"itemscope\" itemtype=\"https:\/\/schema.org\/BlogPosting\" itemprop=\"blogPost\" ><div class='avia_textblock  '   itemprop=\"text\" ><p dir=\"ltr\" style=\"text-align: justify;\"><em>Se trata del proyecto habitacional que se proyecta en la denominada Chacra B\u00f3rquez, el que est\u00e1 compuesto por 14 comit\u00e9s habitacionales.\u00a0<\/em><\/p>\n<p dir=\"ltr\" style=\"text-align: justify;\">Puerto Ays\u00e9n.- En una productiva reuni\u00f3n sostenida en las dependencias de la delegaci\u00f3n provincial del Serviu, el Senador Miguel \u00c1ngel Calisto se reuni\u00f3 con representantes de 14 comit\u00e9s de vivienda de Puerto Ays\u00e9n. El encuentro tuvo como eje central el desarrollo del proyecto en el sector de Chacra B\u00f3rquez, una iniciativa que busca dar respuesta definitiva a la necesidad de casa propia de cientos de familias de la comuna.<\/p>\n<p dir=\"ltr\" style=\"text-align: justify;\">Durante la instancia, el parlamentario destac\u00f3 que se han logrado destrabar gestiones cr\u00edticas para el terreno, se\u00f1alando que \u00abestos comit\u00e9s en alg\u00fan minuto hab\u00edan proyectado sus soluciones habitacionales, pero no hab\u00edan tenido una respuesta inmediata. Hoy d\u00eda ya tenemos buenas noticias respecto del avance del terreno\u00bb.<\/p>\n<p dir=\"ltr\" style=\"text-align: justify;\">Calisto explic\u00f3 que actualmente el foco est\u00e1 en la normativa t\u00e9cnica del suelo, asegurando que \u00abestamos buscando una modificaci\u00f3n del uso del terreno, de tal manera que se pueda permitir la construcci\u00f3n de vivienda con densidad habitacional, tomando en cuenta que es un terreno que tiene que abarcar a m\u00e1s de cuatrocientas familias en Puerto Ays\u00e9n\u00bb.<\/p>\n<p dir=\"ltr\" style=\"text-align: justify;\">A pesar de la envergadura de la obra, el legislador enfatiz\u00f3 su intenci\u00f3n de acelerar los plazos administrativos, afirmando que \u00abes un proyecto a futuro, pero nosotros esperamos que no sea tan a futuro, sino que permitan estas gestiones poder adelantar y agilizar lo m\u00e1s posible el proyecto para poder consolidar estas soluciones habitacionales\u00bb.<\/p>\n<p dir=\"ltr\" style=\"text-align: justify;\">Por su parte, Ruth Gam\u00edn, asesora de los 14 comit\u00e9s involucrados, valor\u00f3 positivamente el encuentro y la noticia recibida sobre la factibilidad normativa. La dirigenta subray\u00f3 el impacto social de la iniciativa, indicando que \u00abes un proyecto que contempla familias, un total aproximado de cuatrocientas noventa, que no es un n\u00famero menor\u00bb.<\/p>\n<p dir=\"ltr\" style=\"text-align: justify;\">Gam\u00edn tambi\u00e9n record\u00f3 la perseverancia de los vecinos y el apoyo constante en esta gesti\u00f3n, se\u00f1alando que \u00abagradecemos la disposici\u00f3n que siempre tiene nuestro senador de acompa\u00f1arnos. Y, bueno, este ha sido un camino largo, llevamos cuatro a\u00f1os trabajando en este proyecto, y hoy en d\u00eda, por fin, tuvimos una noticia muy, muy esperada aqu\u00ed en el tema de la normativa habitacional, lo cual nos va a permitir seguir avanzando en cada paso y proceso que se viene\u00bb.<\/p>\n<p dir=\"ltr\" style=\"text-align: justify;\">Con este avance en la normativa de suelo, el megaproyecto habitacional de Chacra B\u00f3rquez entra en una etapa decisiva para la consolidaci\u00f3n t\u00e9cnica, acercando a casi 500 familias de Ays\u00e9n al cumplimiento de su anhelado sue\u00f1o habitacional.<\/p>\n<\/div><\/section><\/div><div  style='height:50px' class='hr hr-invisible   avia-builder-el-6  el_after_av_one_full  el_before_av_social_share '><span class='hr-inner ' ><span class='hr-inner-style'><\/span><\/span><\/div><\/p>\n<div  class='av-social-sharing-box  avia-builder-el-7  el_after_av_hr  el_before_av_hr  '><div class='av-share-box'><h5 class='av-share-link-description av-no-toc '>Compartir esta noticia<\/h5><ul class='av-share-box-list noLightbox'><li class='av-share-link av-social-link-facebook' ><a target=\"_blank\" aria-label=\"Compartir en Facebook\" href='https:\/\/www.facebook.com\/sharer.php?u=https:\/\/radiorevelacionfm.cl\/?p=66625&#038;t=Calisto%20pide%20agilizar%20proyecto%20habitacional%20que%20beneficiar%C3%A1%20a%20cerca%20de%20500%20familias%20de%20Puerto%20Ays%C3%A9n' aria-hidden='false' data-av_icon='\ue8f3' data-av_iconfont='entypo-fontello' title='' data-avia-related-tooltip='Compartir en Facebook' rel=\"noopener\"><span class='avia_hidden_link_text'>Compartir en Facebook<\/span><\/a><\/li><li class='av-share-link av-social-link-twitter' ><a target=\"_blank\" aria-label=\"Compartir en Twitter\" href='https:\/\/twitter.com\/share?text=Calisto%20pide%20agilizar%20proyecto%20habitacional%20que%20beneficiar%C3%A1%20a%20cerca%20de%20500%20familias%20de%20Puerto%20Ays%C3%A9n&#038;url=https:\/\/radiorevelacionfm.cl\/?p=66625' aria-hidden='false' data-av_icon='\ue8f1' data-av_iconfont='entypo-fontello' title='' data-avia-related-tooltip='Compartir en Twitter' rel=\"noopener\"><span class='avia_hidden_link_text'>Compartir en Twitter<\/span><\/a><\/li><li class='av-share-link av-social-link-whatsapp' ><a target=\"_blank\" aria-label=\"Compartir en Whatsapp\" href='https:\/\/api.whatsapp.com\/send?text=https:\/\/radiorevelacionfm.cl\/?p=66625' aria-hidden='false' data-av_icon='\uf232' data-av_iconfont='entypo-fontello' title='' data-avia-related-tooltip='Compartir en Whatsapp' rel=\"noopener\"><span class='avia_hidden_link_text'>Compartir en Whatsapp<\/span><\/a><\/li><li class='av-share-link av-social-link-linkedin' ><a target=\"_blank\" aria-label=\"Compartir en LinkedIn\" href='https:\/\/linkedin.com\/shareArticle?mini=true&#038;title=Calisto%20pide%20agilizar%20proyecto%20habitacional%20que%20beneficiar%C3%A1%20a%20cerca%20de%20500%20familias%20de%20Puerto%20Ays%C3%A9n&#038;url=https:\/\/radiorevelacionfm.cl\/?p=66625' aria-hidden='false' data-av_icon='\ue8fc' data-av_iconfont='entypo-fontello' title='' data-avia-related-tooltip='Compartir en LinkedIn' rel=\"noopener\"><span class='avia_hidden_link_text'>Compartir en LinkedIn<\/span><\/a><\/li><li class='av-share-link av-social-link-mail' ><a  aria-label=\"Compartir por correo\" href='mailto:?subject=Calisto%20pide%20agilizar%20proyecto%20habitacional%20que%20beneficiar%C3%A1%20a%20cerca%20de%20500%20familias%20de%20Puerto%20Ays%C3%A9n&#038;body=https:\/\/radiorevelacionfm.cl\/?p=66625' aria-hidden='false' data-av_icon='\ue805' data-av_iconfont='entypo-fontello' title='' data-avia-related-tooltip='Compartir por correo'><span class='avia_hidden_link_text'>Compartir por correo<\/span><\/a><\/li><\/ul><\/div><\/div>\n<div  style='height:50px' class='hr hr-invisible   avia-builder-el-8  el_after_av_social_share  el_before_av_comments_list '><span class='hr-inner ' ><span class='hr-inner-style'><\/span><\/span><\/div>\n<div  class='av-buildercomment  av-blog-meta-html-info-disabled av-blog-meta-tag-disabled  '><\/div>\n","protected":false},"excerpt":{"rendered":"","protected":false},"author":1,"featured_media":66626,"comment_status":"closed","ping_status":"closed","sticky":false,"template":"","format":"standard","meta":{"footnotes":""},"categories":[35],"tags":[],"class_list":["post-66625","post","type-post","status-publish","format-standard","has-post-thumbnail","hentry","category-politica"],"jetpack_featured_media_url":"https:\/\/radiorevelacionfm.cl\/wp-content\/uploads\/2026\/04\/foto-comitEs-chacra-borquez-1_optimized-1.jpeg","_links":{"self":[{"href":"https:\/\/radiorevelacionfm.cl\/index.php?rest_route=\/wp\/v2\/posts\/66625","targetHints":{"allow":["GET"]}}],"collection":[{"href":"https:\/\/radiorevelacionfm.cl\/index.php?rest_route=\/wp\/v2\/posts"}],"about":[{"href":"https:\/\/radiorevelacionfm.cl\/index.php?rest_route=\/wp\/v2\/types\/post"}],"author":[{"embeddable":true,"href":"https:\/\/radiorevelacionfm.cl\/index.php?rest_route=\/wp\/v2\/users\/1"}],"replies":[{"embeddable":true,"href":"https:\/\/radiorevelacionfm.cl\/index.php?rest_route=%2Fwp%2Fv2%2Fcomments&post=66625"}],"version-history":[{"count":2,"href":"https:\/\/radiorevelacionfm.cl\/index.php?rest_route=\/wp\/v2\/posts\/66625\/revisions"}],"predecessor-version":[{"id":66628,"href":"https:\/\/radiorevelacionfm.cl\/index.php?rest_route=\/wp\/v2\/posts\/66625\/revisions\/66628"}],"wp:featuredmedia":[{"embeddable":true,"href":"https:\/\/radiorevelacionfm.cl\/index.php?rest_route=\/wp\/v2\/media\/66626"}],"wp:attachment":[{"href":"https:\/\/radiorevelacionfm.cl\/index.php?rest_route=%2Fwp%2Fv2%2Fmedia&parent=66625"}],"wp:term":[{"taxonomy":"category","embeddable":true,"href":"https:\/\/radiorevelacionfm.cl\/index.php?rest_route=%2Fwp%2Fv2%2Fcategories&post=66625"},{"taxonomy":"post_tag","embeddable":true,"href":"https:\/\/radiorevelacionfm.cl\/index.php?rest_route=%2Fwp%2Fv2%2Ftags&post=66625"}],"curies":[{"name":"wp","href":"https:\/\/api.w.org\/{rel}","templated":true}]}}