{"id":66618,"date":"2026-04-27T11:41:28","date_gmt":"2026-04-27T14:41:28","guid":{"rendered":"https:\/\/radiorevelacionfm.cl\/?p=66618"},"modified":"2026-04-27T11:41:28","modified_gmt":"2026-04-27T14:41:28","slug":"pymes-de-la-region-proyectan-alivio-en-sus-costos-electricos-tras-implementacion-de-acople-tarifario","status":"publish","type":"post","link":"https:\/\/radiorevelacionfm.cl\/?p=66618","title":{"rendered":"Pymes de la regi\u00f3n proyectan alivio en sus costos el\u00e9ctricos tras implementaci\u00f3n de acople tarifario"},"content":{"rendered":"<div class=\"flex_column av_one_full  flex_column_div av-zero-column-padding first  avia-builder-el-0  el_before_av_one_full  avia-builder-el-first  \" style='border-radius:0px; '><div  class='avia-image-container  av-styling-    avia-builder-el-1  avia-builder-el-no-sibling  avia-align-center '  itemprop=\"image\" itemscope=\"itemscope\" itemtype=\"https:\/\/schema.org\/ImageObject\"  ><div class='avia-image-container-inner'><div class='avia-image-overlay-wrap'><img decoding=\"async\" class='wp-image-66619 avia-img-lazy-loading-not-66619 avia_image' src=\"https:\/\/radiorevelacionfm.cl\/wp-content\/uploads\/2026\/04\/cuenta-luz-1-1-1.jpg\" alt='' title='cuenta luz (1) (1) (1)' height=\"600\" width=\"800\"  itemprop=\"thumbnailUrl\" srcset=\"https:\/\/radiorevelacionfm.cl\/wp-content\/uploads\/2026\/04\/cuenta-luz-1-1-1.jpg 800w, https:\/\/radiorevelacionfm.cl\/wp-content\/uploads\/2026\/04\/cuenta-luz-1-1-1-300x225.jpg 300w, https:\/\/radiorevelacionfm.cl\/wp-content\/uploads\/2026\/04\/cuenta-luz-1-1-1-768x576.jpg 768w, https:\/\/radiorevelacionfm.cl\/wp-content\/uploads\/2026\/04\/cuenta-luz-1-1-1-705x529.jpg 705w, https:\/\/radiorevelacionfm.cl\/wp-content\/uploads\/2026\/04\/cuenta-luz-1-1-1-450x338.jpg 450w, https:\/\/radiorevelacionfm.cl\/wp-content\/uploads\/2026\/04\/cuenta-luz-1-1-1-600x450.jpg 600w\" sizes=\"(max-width: 800px) 100vw, 800px\" \/><\/div><\/div><\/div><\/div><div class=\"flex_column av_one_full  flex_column_div av-zero-column-padding first  avia-builder-el-2  el_after_av_one_full  el_before_av_one_full  column-top-margin\" style='border-radius:0px; '><section class=\"av_textblock_section \"  itemscope=\"itemscope\" itemtype=\"https:\/\/schema.org\/BlogPosting\" itemprop=\"blogPost\" ><div class='avia_textblock  '   itemprop=\"text\" ><p style=\"text-align: center;\"><strong><span style=\"font-size: 18pt;\">Pymes de la regi\u00f3n proyectan alivio en sus costos el\u00e9ctricos tras implementaci\u00f3n de acople tarifario<\/span><\/strong><\/p>\n<div id=\"gtx-trans\" style=\"position: absolute; left: -50px; top: 4.31534px;\">\n<div class=\"gtx-trans-icon\"><\/div>\n<\/div>\n<\/div><\/section><\/div><div class=\"flex_column av_one_full  flex_column_div av-zero-column-padding first  avia-builder-el-4  el_after_av_one_full  el_before_av_hr  column-top-margin\" style='border-radius:0px; '><section class=\"av_textblock_section \"  itemscope=\"itemscope\" itemtype=\"https:\/\/schema.org\/BlogPosting\" itemprop=\"blogPost\" ><div class='avia_textblock  '   itemprop=\"text\" ><p style=\"text-align: justify;\"><strong><em>Emprendedores locales valoran la medida como un respiro para sus negocios, destacando el impacto que tendr\u00e1 tanto en sus clientes como en sus cuentas de luz y en la estabilidad de su actividad.<\/em><\/strong><\/p>\n<p style=\"text-align: justify;\">Con expectativa y optimismo est\u00e1n mirando microempresarios de la regi\u00f3n de Ays\u00e9n la implementaci\u00f3n del acople tarifario, una medida que comenzar\u00e1 a regir a partir de julio y que permitir\u00e1 reducir los costos de la electricidad para clientes no residenciales.<\/p>\n<p style=\"text-align: justify;\">M\u00e1s all\u00e1 de los aspectos t\u00e9cnicos, el cambio ya comienza a generar efectos en el mundo de las pymes, donde el gasto en energ\u00eda es un factor clave para la sostenibilidad de los negocios, especialmente en una regi\u00f3n donde los costos operativos suelen ser m\u00e1s altos que en el resto del pa\u00eds.<\/p>\n<p style=\"text-align: justify;\">Rodrigo Canales, Gerente General del supermercado Hiperpatag\u00f3nico, valor\u00f3 el impacto que tendr\u00e1 esta medida en su actividad:<\/p>\n<p style=\"text-align: justify;\">\u201cEfectivamente es una buena noticia que nuestra regi\u00f3n se integre definitivamente al Sistema Interconectado Nacional y nos llegue una baja en nuestras tarifas a las peque\u00f1as y medianas empresas, y esto va a afectar positivamente a los costos, cosa que no ha sido f\u00e1cil este \u00faltimo tiempo para las empresas enfrentar varias alzas sostenidas de muchas cosas y esto afecta obviamente positivamente a la regi\u00f3n, y debiese de alguna forma llegar a\u00a0 transferirse al p\u00fablico general. Se agradece la gesti\u00f3n de las autoridades y de los actores regionales para que esto se haya concretado. Esta es una muy buena noticia que est\u00e1bamos esperando desde hace tiempo\u201d, dijo.<\/p>\n<p style=\"text-align: justify;\">Para muchos peque\u00f1os negocios, la disminuci\u00f3n en la cuenta de la luz podr\u00eda traducirse no solo en alivio financiero, sino tambi\u00e9n en mayores posibilidades de inversi\u00f3n, estabilidad o incluso crecimiento.<\/p>\n<p style=\"text-align: justify;\">As\u00ed lo expres\u00f3 la emprendedora regional Ximena Figueroa, de la librer\u00eda La Librer\u00eda, quien se\u00f1al\u00f3:<\/p>\n<p style=\"text-align: justify;\">\u201cEstamos m\u00e1s que felices. Imag\u00ednense, nos va a bajar la cuenta de la luz en un 14%, as\u00ed es que completamente agradecida con la gesti\u00f3n en nuestra regi\u00f3n \u00a1Vamos que se puede!\u201d<\/p>\n<p style=\"text-align: justify;\">El acople tarifario permitir\u00e1 que los Sistemas Medianos de Ays\u00e9n se integren al r\u00e9gimen tarifario del Sistema El\u00e9ctrico Nacional, una modificaci\u00f3n que apunta a reducir brechas hist\u00f3ricas y generar condiciones m\u00e1s equitativas para el desarrollo productivo en la regi\u00f3n.<\/p>\n<p style=\"text-align: justify;\">Desde el Gobierno, la seremi de Gobierno de Ays\u00e9n, B\u00e1rbara Ort\u00fazar Candia, enfatiz\u00f3 que esta medida responde a una preocupaci\u00f3n concreta del gobierno con las realidades regionales, especialmente en zonas extremas donde los costos de la energ\u00eda impactan con mayor fuerza la vida cotidiana y la actividad econ\u00f3mica.<\/p>\n<p style=\"text-align: justify;\">En ese contexto, la implementaci\u00f3n del acople tarifario se posiciona como parte de una l\u00ednea de acci\u00f3n del Gobierno del Presidente Jos\u00e9 Antonio Kast orientada a disminuir las brechas entre regiones, fortaleciendo las condiciones para el desarrollo de las pymes y avanzando en mayor equidad territorial a trav\u00e9s de medidas concretas que lleguen directamente en las personas.<\/p>\n<\/div><\/section><\/div><div  style='height:50px' class='hr hr-invisible   avia-builder-el-6  el_after_av_one_full  el_before_av_social_share '><span class='hr-inner ' ><span class='hr-inner-style'><\/span><\/span><\/div><\/p>\n<div  class='av-social-sharing-box  avia-builder-el-7  el_after_av_hr  el_before_av_hr  '><div class='av-share-box'><h5 class='av-share-link-description av-no-toc '>Compartir esta noticia<\/h5><ul class='av-share-box-list noLightbox'><li class='av-share-link av-social-link-facebook' ><a target=\"_blank\" aria-label=\"Compartir en Facebook\" href='https:\/\/www.facebook.com\/sharer.php?u=https:\/\/radiorevelacionfm.cl\/?p=66618&#038;t=Pymes%20de%20la%20regi%C3%B3n%20proyectan%20alivio%20en%20sus%20costos%20el%C3%A9ctricos%20tras%20implementaci%C3%B3n%20de%20acople%20tarifario' aria-hidden='false' data-av_icon='\ue8f3' data-av_iconfont='entypo-fontello' title='' data-avia-related-tooltip='Compartir en Facebook' rel=\"noopener\"><span class='avia_hidden_link_text'>Compartir en Facebook<\/span><\/a><\/li><li class='av-share-link av-social-link-twitter' ><a target=\"_blank\" aria-label=\"Compartir en Twitter\" href='https:\/\/twitter.com\/share?text=Pymes%20de%20la%20regi%C3%B3n%20proyectan%20alivio%20en%20sus%20costos%20el%C3%A9ctricos%20tras%20implementaci%C3%B3n%20de%20acople%20tarifario&#038;url=https:\/\/radiorevelacionfm.cl\/?p=66618' aria-hidden='false' data-av_icon='\ue8f1' data-av_iconfont='entypo-fontello' title='' data-avia-related-tooltip='Compartir en Twitter' rel=\"noopener\"><span class='avia_hidden_link_text'>Compartir en Twitter<\/span><\/a><\/li><li class='av-share-link av-social-link-whatsapp' ><a target=\"_blank\" aria-label=\"Compartir en Whatsapp\" href='https:\/\/api.whatsapp.com\/send?text=https:\/\/radiorevelacionfm.cl\/?p=66618' aria-hidden='false' data-av_icon='\uf232' data-av_iconfont='entypo-fontello' title='' data-avia-related-tooltip='Compartir en Whatsapp' rel=\"noopener\"><span class='avia_hidden_link_text'>Compartir en Whatsapp<\/span><\/a><\/li><li class='av-share-link av-social-link-linkedin' ><a target=\"_blank\" aria-label=\"Compartir en LinkedIn\" href='https:\/\/linkedin.com\/shareArticle?mini=true&#038;title=Pymes%20de%20la%20regi%C3%B3n%20proyectan%20alivio%20en%20sus%20costos%20el%C3%A9ctricos%20tras%20implementaci%C3%B3n%20de%20acople%20tarifario&#038;url=https:\/\/radiorevelacionfm.cl\/?p=66618' aria-hidden='false' data-av_icon='\ue8fc' data-av_iconfont='entypo-fontello' title='' data-avia-related-tooltip='Compartir en LinkedIn' rel=\"noopener\"><span class='avia_hidden_link_text'>Compartir en LinkedIn<\/span><\/a><\/li><li class='av-share-link av-social-link-mail' ><a  aria-label=\"Compartir por correo\" href='mailto:?subject=Pymes%20de%20la%20regi%C3%B3n%20proyectan%20alivio%20en%20sus%20costos%20el%C3%A9ctricos%20tras%20implementaci%C3%B3n%20de%20acople%20tarifario&#038;body=https:\/\/radiorevelacionfm.cl\/?p=66618' aria-hidden='false' data-av_icon='\ue805' data-av_iconfont='entypo-fontello' title='' data-avia-related-tooltip='Compartir por correo'><span class='avia_hidden_link_text'>Compartir por correo<\/span><\/a><\/li><\/ul><\/div><\/div>\n<div  style='height:50px' class='hr hr-invisible   avia-builder-el-8  el_after_av_social_share  el_before_av_comments_list '><span class='hr-inner ' ><span class='hr-inner-style'><\/span><\/span><\/div>\n<div  class='av-buildercomment  av-blog-meta-html-info-disabled av-blog-meta-tag-disabled  '><\/div>\n","protected":false},"excerpt":{"rendered":"","protected":false},"author":1,"featured_media":66619,"comment_status":"closed","ping_status":"closed","sticky":false,"template":"","format":"standard","meta":{"footnotes":""},"categories":[38],"tags":[],"class_list":["post-66618","post","type-post","status-publish","format-standard","has-post-thumbnail","hentry","category-regional"],"jetpack_featured_media_url":"https:\/\/radiorevelacionfm.cl\/wp-content\/uploads\/2026\/04\/cuenta-luz-1-1-1.jpg","_links":{"self":[{"href":"https:\/\/radiorevelacionfm.cl\/index.php?rest_route=\/wp\/v2\/posts\/66618","targetHints":{"allow":["GET"]}}],"collection":[{"href":"https:\/\/radiorevelacionfm.cl\/index.php?rest_route=\/wp\/v2\/posts"}],"about":[{"href":"https:\/\/radiorevelacionfm.cl\/index.php?rest_route=\/wp\/v2\/types\/post"}],"author":[{"embeddable":true,"href":"https:\/\/radiorevelacionfm.cl\/index.php?rest_route=\/wp\/v2\/users\/1"}],"replies":[{"embeddable":true,"href":"https:\/\/radiorevelacionfm.cl\/index.php?rest_route=%2Fwp%2Fv2%2Fcomments&post=66618"}],"version-history":[{"count":2,"href":"https:\/\/radiorevelacionfm.cl\/index.php?rest_route=\/wp\/v2\/posts\/66618\/revisions"}],"predecessor-version":[{"id":66621,"href":"https:\/\/radiorevelacionfm.cl\/index.php?rest_route=\/wp\/v2\/posts\/66618\/revisions\/66621"}],"wp:featuredmedia":[{"embeddable":true,"href":"https:\/\/radiorevelacionfm.cl\/index.php?rest_route=\/wp\/v2\/media\/66619"}],"wp:attachment":[{"href":"https:\/\/radiorevelacionfm.cl\/index.php?rest_route=%2Fwp%2Fv2%2Fmedia&parent=66618"}],"wp:term":[{"taxonomy":"category","embeddable":true,"href":"https:\/\/radiorevelacionfm.cl\/index.php?rest_route=%2Fwp%2Fv2%2Fcategories&post=66618"},{"taxonomy":"post_tag","embeddable":true,"href":"https:\/\/radiorevelacionfm.cl\/index.php?rest_route=%2Fwp%2Fv2%2Ftags&post=66618"}],"curies":[{"name":"wp","href":"https:\/\/api.w.org\/{rel}","templated":true}]}}