{"id":66607,"date":"2026-04-26T21:20:37","date_gmt":"2026-04-27T00:20:37","guid":{"rendered":"https:\/\/radiorevelacionfm.cl\/?p=66607"},"modified":"2026-04-26T23:18:32","modified_gmt":"2026-04-27T02:18:32","slug":"a-traves-de-romeria-carabineros-rinde-homenaje-a-sus-martires-en-cementerio-de-coyhaique","status":"publish","type":"post","link":"https:\/\/radiorevelacionfm.cl\/?p=66607","title":{"rendered":"A trav\u00e9s de romer\u00eda Carabineros rinde homenaje a sus m\u00e1rtires en Cementerio de Coyhaique"},"content":{"rendered":"<div class=\"flex_column av_one_full  flex_column_div av-zero-column-padding first  avia-builder-el-0  el_before_av_one_full  avia-builder-el-first  \" style='border-radius:0px; '><div  class='avia-image-container  av-styling-    avia-builder-el-1  avia-builder-el-no-sibling  avia-align-center '  itemprop=\"image\" itemscope=\"itemscope\" itemtype=\"https:\/\/schema.org\/ImageObject\"  ><div class='avia-image-container-inner'><div class='avia-image-overlay-wrap'><img decoding=\"async\" class='wp-image-66614 avia-img-lazy-loading-not-66614 avia_image' src=\"https:\/\/radiorevelacionfm.cl\/wp-content\/uploads\/2026\/04\/hgnlmijwwaevybw-3-1_optimized-1.jpg\" alt='' title='hgnlmijwwaevybw-(3)-(1)_optimized (1)' height=\"640\" width=\"800\"  itemprop=\"thumbnailUrl\" srcset=\"https:\/\/radiorevelacionfm.cl\/wp-content\/uploads\/2026\/04\/hgnlmijwwaevybw-3-1_optimized-1.jpg 800w, https:\/\/radiorevelacionfm.cl\/wp-content\/uploads\/2026\/04\/hgnlmijwwaevybw-3-1_optimized-1-300x240.jpg 300w, https:\/\/radiorevelacionfm.cl\/wp-content\/uploads\/2026\/04\/hgnlmijwwaevybw-3-1_optimized-1-768x614.jpg 768w, https:\/\/radiorevelacionfm.cl\/wp-content\/uploads\/2026\/04\/hgnlmijwwaevybw-3-1_optimized-1-705x564.jpg 705w, https:\/\/radiorevelacionfm.cl\/wp-content\/uploads\/2026\/04\/hgnlmijwwaevybw-3-1_optimized-1-450x360.jpg 450w, https:\/\/radiorevelacionfm.cl\/wp-content\/uploads\/2026\/04\/hgnlmijwwaevybw-3-1_optimized-1-600x480.jpg 600w\" sizes=\"(max-width: 800px) 100vw, 800px\" \/><\/div><\/div><\/div><\/div><div class=\"flex_column av_one_full  flex_column_div av-zero-column-padding first  avia-builder-el-2  el_after_av_one_full  el_before_av_one_full  column-top-margin\" style='border-radius:0px; '><section class=\"av_textblock_section \"  itemscope=\"itemscope\" itemtype=\"https:\/\/schema.org\/BlogPosting\" itemprop=\"blogPost\" ><div class='avia_textblock  '   itemprop=\"text\" ><p style=\"text-align: center;\"><strong><span style=\"font-size: 18pt;\">A trav\u00e9s de romer\u00eda Carabineros rinde homenaje a sus m\u00e1rtires en Cementerio de Coyhaique<\/span><\/strong><\/p>\n<div id=\"gtx-trans\" style=\"position: absolute; left: -50px; top: 4.31534px;\">\n<div class=\"gtx-trans-icon\"><\/div>\n<\/div>\n<\/div><\/section><\/div><\/p>\n<div class=\"flex_column av_one_full  flex_column_div av-zero-column-padding first  avia-builder-el-4  el_after_av_one_full  el_before_av_hr  column-top-margin\" style='border-radius:0px; '><section class=\"av_textblock_section \"  itemscope=\"itemscope\" itemtype=\"https:\/\/schema.org\/BlogPosting\" itemprop=\"blogPost\" ><div class='avia_textblock  '   itemprop=\"text\" ><p dir=\"ltr\" style=\"text-align: justify;\">En una solemne ceremonia cargada de simbolismo y respeto, Carabineros de Chile realiz\u00f3 una romer\u00eda en el Cementerio Municipal de Coyhaique para honrar la memoria de los funcionarios que a lo largo de nuestra historia han perdido la vida en actos de servicio en la Regi\u00f3n de Ays\u00e9n, actividad que se enmarca en el 99\u00b0 aniversario institucional, ceremonia que fue acompa\u00f1ada por la Banda Instrumental de la Prefectura Ays\u00e9n.<\/p>\n<p dir=\"ltr\" style=\"text-align: justify;\"><strong>Tradici\u00f3n de honor<\/strong><\/p>\n<p dir=\"ltr\" style=\"text-align: justify;\">La romer\u00eda tuvo por finalidad recordar el sacrificio de los 16 efectivos de la instituci\u00f3n que han fallecido en el cumpliendo del deber la regi\u00f3n. Entre ellos destaca la figura del Teniente Hern\u00e1n Merino Correa, reconocido como \u00abH\u00e9roe Nacional\u00bb, quien ofrend\u00f3 su vida el 6 de noviembre de 1965 en Laguna del Desierto en defensa de la soberan\u00eda nacional.<\/p>\n<p dir=\"ltr\" style=\"text-align: justify;\">La ceremonia fue presidida por el Jefe de la XI Zona Ays\u00e9n, General Eduardo Palma Fuentes, quien estuvo acompa\u00f1ado por el Prefecto, Coronel Juan Abarca Hern\u00e1ndez y altos mandos de la repartici\u00f3n, acto al que asistieron Oficiales, personal de nombramiento institucional y la comunidad.<\/p>\n<p dir=\"ltr\" style=\"text-align: justify;\"><strong>Homenaje a la entrega local<\/strong><\/p>\n<p dir=\"ltr\" style=\"text-align: justify;\">Uno de los momentos m\u00e1s significativos de la jornada ocurri\u00f3 cuando el General Palma y el Coronel Abarca depositaron una ofrenda floral en la tumba del Carabinero Juan Pablo Sandoval Poblete.<\/p>\n<p dir=\"ltr\" style=\"text-align: justify;\">Sandoval falleci\u00f3 el a\u00f1o 2004 en el sector de Puerto Guadal, tras caer accidentalmente a las aguas del lago General Carrera durante un patrullaje lacustre.<\/p>\n<p dir=\"ltr\" style=\"text-align: justify;\">A trav\u00e9s de esta significativa ceremonia, Carabineros reafirma su v\u00ednculo hist\u00f3rico con la Regi\u00f3n de Ays\u00e9n, honrando un pasado de sacrificio que cimenta el presente de la labor policial en esta zona austral de nuestro pa\u00eds.<\/p>\n<\/div><\/section><\/div>\n<div  style='height:50px' class='hr hr-invisible   avia-builder-el-6  el_after_av_one_full  el_before_av_social_share '><span class='hr-inner ' ><span class='hr-inner-style'><\/span><\/span><\/div>\n<div  class='av-social-sharing-box  avia-builder-el-7  el_after_av_hr  el_before_av_hr  '><div class='av-share-box'><h5 class='av-share-link-description av-no-toc '>Compartir esta noticia<\/h5><ul class='av-share-box-list noLightbox'><li class='av-share-link av-social-link-facebook' ><a target=\"_blank\" aria-label=\"Compartir en Facebook\" href='https:\/\/www.facebook.com\/sharer.php?u=https:\/\/radiorevelacionfm.cl\/?p=66607&#038;t=A%20trav%C3%A9s%20de%20romer%C3%ADa%20Carabineros%20rinde%20homenaje%20a%20sus%20m%C3%A1rtires%20en%20Cementerio%20de%20Coyhaique' aria-hidden='false' data-av_icon='\ue8f3' data-av_iconfont='entypo-fontello' title='' data-avia-related-tooltip='Compartir en Facebook' rel=\"noopener\"><span class='avia_hidden_link_text'>Compartir en Facebook<\/span><\/a><\/li><li class='av-share-link av-social-link-twitter' ><a target=\"_blank\" aria-label=\"Compartir en Twitter\" href='https:\/\/twitter.com\/share?text=A%20trav%C3%A9s%20de%20romer%C3%ADa%20Carabineros%20rinde%20homenaje%20a%20sus%20m%C3%A1rtires%20en%20Cementerio%20de%20Coyhaique&#038;url=https:\/\/radiorevelacionfm.cl\/?p=66607' aria-hidden='false' data-av_icon='\ue8f1' data-av_iconfont='entypo-fontello' title='' data-avia-related-tooltip='Compartir en Twitter' rel=\"noopener\"><span class='avia_hidden_link_text'>Compartir en Twitter<\/span><\/a><\/li><li class='av-share-link av-social-link-whatsapp' ><a target=\"_blank\" aria-label=\"Compartir en Whatsapp\" href='https:\/\/api.whatsapp.com\/send?text=https:\/\/radiorevelacionfm.cl\/?p=66607' aria-hidden='false' data-av_icon='\uf232' data-av_iconfont='entypo-fontello' title='' data-avia-related-tooltip='Compartir en Whatsapp' rel=\"noopener\"><span class='avia_hidden_link_text'>Compartir en Whatsapp<\/span><\/a><\/li><li class='av-share-link av-social-link-linkedin' ><a target=\"_blank\" aria-label=\"Compartir en LinkedIn\" href='https:\/\/linkedin.com\/shareArticle?mini=true&#038;title=A%20trav%C3%A9s%20de%20romer%C3%ADa%20Carabineros%20rinde%20homenaje%20a%20sus%20m%C3%A1rtires%20en%20Cementerio%20de%20Coyhaique&#038;url=https:\/\/radiorevelacionfm.cl\/?p=66607' aria-hidden='false' data-av_icon='\ue8fc' data-av_iconfont='entypo-fontello' title='' data-avia-related-tooltip='Compartir en LinkedIn' rel=\"noopener\"><span class='avia_hidden_link_text'>Compartir en LinkedIn<\/span><\/a><\/li><li class='av-share-link av-social-link-mail' ><a  aria-label=\"Compartir por correo\" href='mailto:?subject=A%20trav%C3%A9s%20de%20romer%C3%ADa%20Carabineros%20rinde%20homenaje%20a%20sus%20m%C3%A1rtires%20en%20Cementerio%20de%20Coyhaique&#038;body=https:\/\/radiorevelacionfm.cl\/?p=66607' aria-hidden='false' data-av_icon='\ue805' data-av_iconfont='entypo-fontello' title='' data-avia-related-tooltip='Compartir por correo'><span class='avia_hidden_link_text'>Compartir por correo<\/span><\/a><\/li><\/ul><\/div><\/div>\n<div  style='height:50px' class='hr hr-invisible   avia-builder-el-8  el_after_av_social_share  el_before_av_comments_list '><span class='hr-inner ' ><span class='hr-inner-style'><\/span><\/span><\/div>\n<div  class='av-buildercomment  av-blog-meta-html-info-disabled av-blog-meta-tag-disabled  '><\/div>\n","protected":false},"excerpt":{"rendered":"","protected":false},"author":1,"featured_media":66614,"comment_status":"closed","ping_status":"closed","sticky":false,"template":"","format":"standard","meta":{"footnotes":""},"categories":[36],"tags":[],"class_list":["post-66607","post","type-post","status-publish","format-standard","has-post-thumbnail","hentry","category-policial"],"jetpack_featured_media_url":"https:\/\/radiorevelacionfm.cl\/wp-content\/uploads\/2026\/04\/hgnlmijwwaevybw-3-1_optimized-1.jpg","_links":{"self":[{"href":"https:\/\/radiorevelacionfm.cl\/index.php?rest_route=\/wp\/v2\/posts\/66607","targetHints":{"allow":["GET"]}}],"collection":[{"href":"https:\/\/radiorevelacionfm.cl\/index.php?rest_route=\/wp\/v2\/posts"}],"about":[{"href":"https:\/\/radiorevelacionfm.cl\/index.php?rest_route=\/wp\/v2\/types\/post"}],"author":[{"embeddable":true,"href":"https:\/\/radiorevelacionfm.cl\/index.php?rest_route=\/wp\/v2\/users\/1"}],"replies":[{"embeddable":true,"href":"https:\/\/radiorevelacionfm.cl\/index.php?rest_route=%2Fwp%2Fv2%2Fcomments&post=66607"}],"version-history":[{"count":3,"href":"https:\/\/radiorevelacionfm.cl\/index.php?rest_route=\/wp\/v2\/posts\/66607\/revisions"}],"predecessor-version":[{"id":66613,"href":"https:\/\/radiorevelacionfm.cl\/index.php?rest_route=\/wp\/v2\/posts\/66607\/revisions\/66613"}],"wp:featuredmedia":[{"embeddable":true,"href":"https:\/\/radiorevelacionfm.cl\/index.php?rest_route=\/wp\/v2\/media\/66614"}],"wp:attachment":[{"href":"https:\/\/radiorevelacionfm.cl\/index.php?rest_route=%2Fwp%2Fv2%2Fmedia&parent=66607"}],"wp:term":[{"taxonomy":"category","embeddable":true,"href":"https:\/\/radiorevelacionfm.cl\/index.php?rest_route=%2Fwp%2Fv2%2Fcategories&post=66607"},{"taxonomy":"post_tag","embeddable":true,"href":"https:\/\/radiorevelacionfm.cl\/index.php?rest_route=%2Fwp%2Fv2%2Ftags&post=66607"}],"curies":[{"name":"wp","href":"https:\/\/api.w.org\/{rel}","templated":true}]}}