{"id":66602,"date":"2026-04-26T20:55:39","date_gmt":"2026-04-26T23:55:39","guid":{"rendered":"https:\/\/radiorevelacionfm.cl\/?p=66602"},"modified":"2026-04-26T20:55:39","modified_gmt":"2026-04-26T23:55:39","slug":"acoplado-de-camion-cargado-de-pompon-volco-en-la-ruta-7-sur-sector-cuesta-del-diablo","status":"publish","type":"post","link":"https:\/\/radiorevelacionfm.cl\/?p=66602","title":{"rendered":"Acoplado de cami\u00f3n cargado de pomp\u00f3n volc\u00f3 en la Ruta 7 Sur, sector Cuesta del Diablo"},"content":{"rendered":"<div class=\"flex_column av_one_full  flex_column_div av-zero-column-padding first  avia-builder-el-0  el_before_av_one_full  avia-builder-el-first  \" style='border-radius:0px; '><div  class='avia-image-container  av-styling-    avia-builder-el-1  avia-builder-el-no-sibling  avia-align-center '  itemprop=\"image\" itemscope=\"itemscope\" itemtype=\"https:\/\/schema.org\/ImageObject\"  ><div class='avia-image-container-inner'><div class='avia-image-overlay-wrap'><img decoding=\"async\" class='wp-image-66604 avia-img-lazy-loading-not-66604 avia_image' src=\"https:\/\/radiorevelacionfm.cl\/wp-content\/uploads\/2026\/04\/volcamiento-ruta7-sur-1-photoroom-1_optimized.jpg\" alt='' title='volcamiento-ruta7-sur-(1)-photoroom-(1)_optimized' height=\"600\" width=\"800\"  itemprop=\"thumbnailUrl\" srcset=\"https:\/\/radiorevelacionfm.cl\/wp-content\/uploads\/2026\/04\/volcamiento-ruta7-sur-1-photoroom-1_optimized.jpg 800w, https:\/\/radiorevelacionfm.cl\/wp-content\/uploads\/2026\/04\/volcamiento-ruta7-sur-1-photoroom-1_optimized-300x225.jpg 300w, https:\/\/radiorevelacionfm.cl\/wp-content\/uploads\/2026\/04\/volcamiento-ruta7-sur-1-photoroom-1_optimized-768x576.jpg 768w, https:\/\/radiorevelacionfm.cl\/wp-content\/uploads\/2026\/04\/volcamiento-ruta7-sur-1-photoroom-1_optimized-705x529.jpg 705w, https:\/\/radiorevelacionfm.cl\/wp-content\/uploads\/2026\/04\/volcamiento-ruta7-sur-1-photoroom-1_optimized-450x338.jpg 450w, https:\/\/radiorevelacionfm.cl\/wp-content\/uploads\/2026\/04\/volcamiento-ruta7-sur-1-photoroom-1_optimized-600x450.jpg 600w\" sizes=\"(max-width: 800px) 100vw, 800px\" \/><\/div><\/div><\/div><\/div><div class=\"flex_column av_one_full  flex_column_div av-zero-column-padding first  avia-builder-el-2  el_after_av_one_full  el_before_av_one_full  column-top-margin\" style='border-radius:0px; '><section class=\"av_textblock_section \"  itemscope=\"itemscope\" itemtype=\"https:\/\/schema.org\/BlogPosting\" itemprop=\"blogPost\" ><div class='avia_textblock  '   itemprop=\"text\" ><p style=\"text-align: center;\"><strong><span style=\"font-size: 18pt;\">Acoplado de cami\u00f3n cargado de pomp\u00f3n volc\u00f3 en la Ruta 7 Sur, sector Cuesta del Diablo<\/span><\/strong><\/p>\n<div id=\"gtx-trans\" style=\"position: absolute; left: -50px; top: 4.31534px;\">\n<div class=\"gtx-trans-icon\"><\/div>\n<\/div>\n<\/div><\/section><\/div><div class=\"flex_column av_one_full  flex_column_div av-zero-column-padding first  avia-builder-el-4  el_after_av_one_full  el_before_av_hr  column-top-margin\" style='border-radius:0px; '><section class=\"av_textblock_section \"  itemscope=\"itemscope\" itemtype=\"https:\/\/schema.org\/BlogPosting\" itemprop=\"blogPost\" ><div class='avia_textblock  '   itemprop=\"text\" ><p style=\"text-align: justify;\">Este s\u00e1bado -25 de abril de 2026- cerca de las 22:00 horas se registr\u00f3 un accidente en la Ruta 7 Sur, a la altura del km 688, sector \u00abCuesta del Diablo\u00bb, en la comuna de R\u00edo Iba\u00f1ez.<\/p>\n<p style=\"text-align: justify;\">En el lugar, se registr\u00f3 el volcamiento del acoplado de un cami\u00f3n, que transportaba sacos de \u00abpomp\u00f3n\u00bb. Presuntamente la presencia de escarcha en la v\u00eda habr\u00eda ocasionado que el acoplado del cami\u00f3n se volcara.<\/p>\n<p style=\"text-align: justify;\">Seg\u00fan informaci\u00f3n proporcionada por el Tte. Luis Dur\u00e1n S\u00e1nchez, jefe de la Tenencia de Puerto Ib\u00e1\u00f1ez, al llegar al lugar, se constat\u00f3 que el acoplado de un cami\u00f3n se encontraba volcado en la ruta, el conductor y otros dos ocupantes del cami\u00f3n resultaron ilesos.<\/p>\n<p style=\"text-align: justify;\">Por seguridad, el tr\u00e1nsito se mantiene habilitado en una pista para veh\u00edculos menores y camiones con las medidas de seguridad correspondientes. En tanto, Carabineros realiz\u00f3 supervisi\u00f3n del flujo vehicular para garantizar la seguridad de los conductores.<\/p>\n<p style=\"text-align: justify;\">El Tte. Dur\u00e1n, llam\u00f3 a respetar las medidas de seguridad vial en condiciones clim\u00e1ticas adversas. Haciendo un llamado a extremar las medidas de precauci\u00f3n en la conducci\u00f3n, recordando el uso obligatorio de cadenas, a fin de prevenir accidentes en las rutas de Ays\u00e9n.<\/p>\n<\/div><\/section><\/div><div  style='height:50px' class='hr hr-invisible   avia-builder-el-6  el_after_av_one_full  el_before_av_social_share '><span class='hr-inner ' ><span class='hr-inner-style'><\/span><\/span><\/div><\/p>\n<div  class='av-social-sharing-box  avia-builder-el-7  el_after_av_hr  el_before_av_hr  '><div class='av-share-box'><h5 class='av-share-link-description av-no-toc '>Compartir esta noticia<\/h5><ul class='av-share-box-list noLightbox'><li class='av-share-link av-social-link-facebook' ><a target=\"_blank\" aria-label=\"Compartir en Facebook\" href='https:\/\/www.facebook.com\/sharer.php?u=https:\/\/radiorevelacionfm.cl\/?p=66602&#038;t=Acoplado%20de%20cami%C3%B3n%20cargado%20de%20pomp%C3%B3n%20volc%C3%B3%20en%20la%20Ruta%207%20Sur%2C%20sector%20Cuesta%20del%20Diablo' aria-hidden='false' data-av_icon='\ue8f3' data-av_iconfont='entypo-fontello' title='' data-avia-related-tooltip='Compartir en Facebook' rel=\"noopener\"><span class='avia_hidden_link_text'>Compartir en Facebook<\/span><\/a><\/li><li class='av-share-link av-social-link-twitter' ><a target=\"_blank\" aria-label=\"Compartir en Twitter\" href='https:\/\/twitter.com\/share?text=Acoplado%20de%20cami%C3%B3n%20cargado%20de%20pomp%C3%B3n%20volc%C3%B3%20en%20la%20Ruta%207%20Sur%2C%20sector%20Cuesta%20del%20Diablo&#038;url=https:\/\/radiorevelacionfm.cl\/?p=66602' aria-hidden='false' data-av_icon='\ue8f1' data-av_iconfont='entypo-fontello' title='' data-avia-related-tooltip='Compartir en Twitter' rel=\"noopener\"><span class='avia_hidden_link_text'>Compartir en Twitter<\/span><\/a><\/li><li class='av-share-link av-social-link-whatsapp' ><a target=\"_blank\" aria-label=\"Compartir en Whatsapp\" href='https:\/\/api.whatsapp.com\/send?text=https:\/\/radiorevelacionfm.cl\/?p=66602' aria-hidden='false' data-av_icon='\uf232' data-av_iconfont='entypo-fontello' title='' data-avia-related-tooltip='Compartir en Whatsapp' rel=\"noopener\"><span class='avia_hidden_link_text'>Compartir en Whatsapp<\/span><\/a><\/li><li class='av-share-link av-social-link-linkedin' ><a target=\"_blank\" aria-label=\"Compartir en LinkedIn\" href='https:\/\/linkedin.com\/shareArticle?mini=true&#038;title=Acoplado%20de%20cami%C3%B3n%20cargado%20de%20pomp%C3%B3n%20volc%C3%B3%20en%20la%20Ruta%207%20Sur%2C%20sector%20Cuesta%20del%20Diablo&#038;url=https:\/\/radiorevelacionfm.cl\/?p=66602' aria-hidden='false' data-av_icon='\ue8fc' data-av_iconfont='entypo-fontello' title='' data-avia-related-tooltip='Compartir en LinkedIn' rel=\"noopener\"><span class='avia_hidden_link_text'>Compartir en LinkedIn<\/span><\/a><\/li><li class='av-share-link av-social-link-mail' ><a  aria-label=\"Compartir por correo\" href='mailto:?subject=Acoplado%20de%20cami%C3%B3n%20cargado%20de%20pomp%C3%B3n%20volc%C3%B3%20en%20la%20Ruta%207%20Sur%2C%20sector%20Cuesta%20del%20Diablo&#038;body=https:\/\/radiorevelacionfm.cl\/?p=66602' aria-hidden='false' data-av_icon='\ue805' data-av_iconfont='entypo-fontello' title='' data-avia-related-tooltip='Compartir por correo'><span class='avia_hidden_link_text'>Compartir por correo<\/span><\/a><\/li><\/ul><\/div><\/div>\n<div  style='height:50px' class='hr hr-invisible   avia-builder-el-8  el_after_av_social_share  el_before_av_comments_list '><span class='hr-inner ' ><span class='hr-inner-style'><\/span><\/span><\/div>\n<div  class='av-buildercomment  av-blog-meta-html-info-disabled av-blog-meta-tag-disabled  '><\/div>\n","protected":false},"excerpt":{"rendered":"","protected":false},"author":1,"featured_media":66604,"comment_status":"closed","ping_status":"closed","sticky":false,"template":"","format":"standard","meta":{"footnotes":""},"categories":[38],"tags":[],"class_list":["post-66602","post","type-post","status-publish","format-standard","has-post-thumbnail","hentry","category-regional"],"jetpack_featured_media_url":"https:\/\/radiorevelacionfm.cl\/wp-content\/uploads\/2026\/04\/volcamiento-ruta7-sur-1-photoroom-1_optimized.jpg","_links":{"self":[{"href":"https:\/\/radiorevelacionfm.cl\/index.php?rest_route=\/wp\/v2\/posts\/66602","targetHints":{"allow":["GET"]}}],"collection":[{"href":"https:\/\/radiorevelacionfm.cl\/index.php?rest_route=\/wp\/v2\/posts"}],"about":[{"href":"https:\/\/radiorevelacionfm.cl\/index.php?rest_route=\/wp\/v2\/types\/post"}],"author":[{"embeddable":true,"href":"https:\/\/radiorevelacionfm.cl\/index.php?rest_route=\/wp\/v2\/users\/1"}],"replies":[{"embeddable":true,"href":"https:\/\/radiorevelacionfm.cl\/index.php?rest_route=%2Fwp%2Fv2%2Fcomments&post=66602"}],"version-history":[{"count":2,"href":"https:\/\/radiorevelacionfm.cl\/index.php?rest_route=\/wp\/v2\/posts\/66602\/revisions"}],"predecessor-version":[{"id":66612,"href":"https:\/\/radiorevelacionfm.cl\/index.php?rest_route=\/wp\/v2\/posts\/66602\/revisions\/66612"}],"wp:featuredmedia":[{"embeddable":true,"href":"https:\/\/radiorevelacionfm.cl\/index.php?rest_route=\/wp\/v2\/media\/66604"}],"wp:attachment":[{"href":"https:\/\/radiorevelacionfm.cl\/index.php?rest_route=%2Fwp%2Fv2%2Fmedia&parent=66602"}],"wp:term":[{"taxonomy":"category","embeddable":true,"href":"https:\/\/radiorevelacionfm.cl\/index.php?rest_route=%2Fwp%2Fv2%2Fcategories&post=66602"},{"taxonomy":"post_tag","embeddable":true,"href":"https:\/\/radiorevelacionfm.cl\/index.php?rest_route=%2Fwp%2Fv2%2Ftags&post=66602"}],"curies":[{"name":"wp","href":"https:\/\/api.w.org\/{rel}","templated":true}]}}