{"id":6660,"date":"2021-07-26T19:42:31","date_gmt":"2021-07-26T22:42:31","guid":{"rendered":"https:\/\/radiorevelacionfm.cl\/?p=6660"},"modified":"2021-07-26T19:42:31","modified_gmt":"2021-07-26T22:42:31","slug":"oro-en-ciclismo-para-aysen-gabriela-alarcon-y-jose-luis-rodriguez-brillaron-en-campeonato-nacional-de-ruta","status":"publish","type":"post","link":"https:\/\/radiorevelacionfm.cl\/?p=6660","title":{"rendered":"\u00a1Oro en ciclismo para Ays\u00e9n! Gabriela Alarc\u00f3n y Jos\u00e9 Luis Rodr\u00edguez brillaron en Campeonato Nacional de Ruta"},"content":{"rendered":"<div class=\"flex_column av_one_full  flex_column_div av-zero-column-padding first  avia-builder-el-0  el_before_av_one_full  avia-builder-el-first  \" style='border-radius:0px; '><div  class='avia-image-container  av-styling-    avia-builder-el-1  avia-builder-el-no-sibling  avia-align-center '  itemprop=\"image\" itemscope=\"itemscope\" itemtype=\"https:\/\/schema.org\/ImageObject\"  ><div class='avia-image-container-inner'><div class='avia-image-overlay-wrap'><img decoding=\"async\" class='wp-image-6661 avia-img-lazy-loading-not-6661 avia_image' src=\"https:\/\/radiorevelacionfm.cl\/wp-content\/uploads\/2021\/07\/1-56-1-1.jpg\" alt='' title='1 (56) (1) (1)' height=\"600\" width=\"793\"  itemprop=\"thumbnailUrl\" srcset=\"https:\/\/radiorevelacionfm.cl\/wp-content\/uploads\/2021\/07\/1-56-1-1.jpg 793w, https:\/\/radiorevelacionfm.cl\/wp-content\/uploads\/2021\/07\/1-56-1-1-300x227.jpg 300w, https:\/\/radiorevelacionfm.cl\/wp-content\/uploads\/2021\/07\/1-56-1-1-768x581.jpg 768w, https:\/\/radiorevelacionfm.cl\/wp-content\/uploads\/2021\/07\/1-56-1-1-705x533.jpg 705w, https:\/\/radiorevelacionfm.cl\/wp-content\/uploads\/2021\/07\/1-56-1-1-600x454.jpg 600w\" sizes=\"(max-width: 793px) 100vw, 793px\" \/><\/div><\/div><\/div><\/div><div class=\"flex_column av_one_full  flex_column_div av-zero-column-padding first  avia-builder-el-2  el_after_av_one_full  el_before_av_one_full  column-top-margin\" style='border-radius:0px; '><section class=\"av_textblock_section \"  itemscope=\"itemscope\" itemtype=\"https:\/\/schema.org\/BlogPosting\" itemprop=\"blogPost\" ><div class='avia_textblock  '   itemprop=\"text\" ><p style=\"text-align: center;\"><span style=\"font-size: 18pt;\"><b>\u00a1Oro en ciclismo para Ays\u00e9n! Gabriela Alarc\u00f3n y Jos\u00e9 Luis Rodr\u00edguez brillaron en Campeonato Nacional de Ruta<\/b><\/span><\/p>\n<div id=\"gtx-trans\" style=\"position: absolute; left: -50px; top: 4.31534px;\">\n<div class=\"gtx-trans-icon\"><\/div>\n<\/div>\n<\/div><\/section><\/div><div class=\"flex_column av_one_full  flex_column_div av-zero-column-padding first  avia-builder-el-4  el_after_av_one_full  el_before_av_hr  column-top-margin\" style='border-radius:0px; '><section class=\"av_textblock_section \"  itemscope=\"itemscope\" itemtype=\"https:\/\/schema.org\/BlogPosting\" itemprop=\"blogPost\" ><div class='avia_textblock  '   itemprop=\"text\" ><p class=\"v1MsoNormal\" style=\"text-align: justify;\">Una excelente actuaci\u00f3n completaron este fin de semana los ciclistas aiseninos, quienes participaron en el Primer Campeonato Nacional de Ruta\u00a0competencia organizada por la Federaci\u00f3n Chilena de Ciclismo y que \u00a0reuni\u00f3 \u00a0a los mejores exponentes nacionales de esta disciplina.<\/p>\n<p class=\"v1MsoNormal\" style=\"text-align: justify;\">La primera medalla la obtuvo la joven ciclista Gabriela Alarc\u00f3n, integrante del Programa Promesas Chile del Mindep-IND, mientras que el experimentado pedalero Jos\u00e9 Luis \u00abPipo\u00bb Rodr\u00edguez obtuvo dos preseas doradas coron\u00e1ndose doble campe\u00f3n de Chile en contrarreloj y ruta, respectivamente.<\/p>\n<p class=\"v1MsoNormal\" style=\"text-align: justify;\">En este sentido el Seremi del Deporte, Rodrigo Cubilla Retamal se\u00f1al\u00f3 \u00abesta es una nueva alegr\u00eda para el deporte regional que nos llena de orgullo, felicitamos a todo el equipo del Club Josefina Aguirre, a su entrenador Alejandro Furrianca, a Jos\u00e9 Luis Rodr\u00edguez por su doble triunfo y a la joven promesa a del ciclismo Gabriela Alarc\u00f3n que ahora tiene un cupo asegurado en la selecci\u00f3n nacional y por supuesto que junto al Director del IND los seguiremos apoyando ya sea con la con la beca Promesas Chile en el caso de Gabriela y con atenci\u00f3n kinesiol\u00f3gica y de preparaci\u00f3n f\u00edsica si lo requieren\u00bb.<\/p>\n<p class=\"v1MsoNormal\" style=\"text-align: justify;\">Sobre esta importante participaci\u00f3n, Alejandro Furrianca, entrenador del equipo se mostr\u00f3 muy contento por el desempe\u00f1o de los deportistas, agradeciendo el apoyo y confianza brindado por el Liceo Josefina Aguirre, y DEM Coyhaique, se\u00f1alando adem\u00e1s que \u00abcomenzamos inmediatamente los entrenamientos ya que en el mes de agosto debemos viajar nuevamente a Puerto Montt al campeonato nacional infantil y categor\u00eda m\u00e1ster y posteriormente al campeonato \u00a0Panamericano en el mes de octubre\u00bb.<\/p>\n<\/div><\/section><\/div><div  style='height:50px' class='hr hr-invisible   avia-builder-el-6  el_after_av_one_full  el_before_av_social_share '><span class='hr-inner ' ><span class='hr-inner-style'><\/span><\/span><\/div><\/p>\n<div  class='av-social-sharing-box  avia-builder-el-7  el_after_av_hr  el_before_av_hr  '><div class='av-share-box'><h5 class='av-share-link-description av-no-toc '>Compartir esta noticia<\/h5><ul class='av-share-box-list noLightbox'><li class='av-share-link av-social-link-facebook' ><a target=\"_blank\" aria-label=\"Compartir en Facebook\" href='https:\/\/www.facebook.com\/sharer.php?u=https:\/\/radiorevelacionfm.cl\/?p=6660&#038;t=%C2%A1Oro%20en%20ciclismo%20para%20Ays%C3%A9n%21%20Gabriela%20Alarc%C3%B3n%20y%20Jos%C3%A9%20Luis%20Rodr%C3%ADguez%20brillaron%20en%20Campeonato%20Nacional%20de%20Ruta' aria-hidden='false' data-av_icon='\ue8f3' data-av_iconfont='entypo-fontello' title='' data-avia-related-tooltip='Compartir en Facebook' rel=\"noopener\"><span class='avia_hidden_link_text'>Compartir en Facebook<\/span><\/a><\/li><li class='av-share-link av-social-link-twitter' ><a target=\"_blank\" aria-label=\"Compartir en Twitter\" href='https:\/\/twitter.com\/share?text=%C2%A1Oro%20en%20ciclismo%20para%20Ays%C3%A9n%21%20Gabriela%20Alarc%C3%B3n%20y%20Jos%C3%A9%20Luis%20Rodr%C3%ADguez%20brillaron%20en%20Campeonato%20Nacional%20de%20Ruta&#038;url=https:\/\/radiorevelacionfm.cl\/?p=6660' aria-hidden='false' data-av_icon='\ue8f1' data-av_iconfont='entypo-fontello' title='' data-avia-related-tooltip='Compartir en Twitter' rel=\"noopener\"><span class='avia_hidden_link_text'>Compartir en Twitter<\/span><\/a><\/li><li class='av-share-link av-social-link-whatsapp' ><a target=\"_blank\" aria-label=\"Compartir en Whatsapp\" href='https:\/\/api.whatsapp.com\/send?text=https:\/\/radiorevelacionfm.cl\/?p=6660' aria-hidden='false' data-av_icon='\uf232' data-av_iconfont='entypo-fontello' title='' data-avia-related-tooltip='Compartir en Whatsapp' rel=\"noopener\"><span class='avia_hidden_link_text'>Compartir en Whatsapp<\/span><\/a><\/li><li class='av-share-link av-social-link-linkedin' ><a target=\"_blank\" aria-label=\"Compartir en LinkedIn\" href='https:\/\/linkedin.com\/shareArticle?mini=true&#038;title=%C2%A1Oro%20en%20ciclismo%20para%20Ays%C3%A9n%21%20Gabriela%20Alarc%C3%B3n%20y%20Jos%C3%A9%20Luis%20Rodr%C3%ADguez%20brillaron%20en%20Campeonato%20Nacional%20de%20Ruta&#038;url=https:\/\/radiorevelacionfm.cl\/?p=6660' aria-hidden='false' data-av_icon='\ue8fc' data-av_iconfont='entypo-fontello' title='' data-avia-related-tooltip='Compartir en LinkedIn' rel=\"noopener\"><span class='avia_hidden_link_text'>Compartir en LinkedIn<\/span><\/a><\/li><li class='av-share-link av-social-link-mail' ><a  aria-label=\"Compartir por correo\" href='mailto:?subject=%C2%A1Oro%20en%20ciclismo%20para%20Ays%C3%A9n%21%20Gabriela%20Alarc%C3%B3n%20y%20Jos%C3%A9%20Luis%20Rodr%C3%ADguez%20brillaron%20en%20Campeonato%20Nacional%20de%20Ruta&#038;body=https:\/\/radiorevelacionfm.cl\/?p=6660' aria-hidden='false' data-av_icon='\ue805' data-av_iconfont='entypo-fontello' title='' data-avia-related-tooltip='Compartir por correo'><span class='avia_hidden_link_text'>Compartir por correo<\/span><\/a><\/li><\/ul><\/div><\/div>\n<div  style='height:50px' class='hr hr-invisible   avia-builder-el-8  el_after_av_social_share  el_before_av_comments_list '><span class='hr-inner ' ><span class='hr-inner-style'><\/span><\/span><\/div>\n<div  class='av-buildercomment  av-blog-meta-html-info-disabled av-blog-meta-tag-disabled  '><\/div>\n","protected":false},"excerpt":{"rendered":"","protected":false},"author":1,"featured_media":6661,"comment_status":"open","ping_status":"open","sticky":false,"template":"","format":"standard","meta":{"footnotes":""},"categories":[40],"tags":[],"class_list":["post-6660","post","type-post","status-publish","format-standard","has-post-thumbnail","hentry","category-deportes"],"jetpack_featured_media_url":"https:\/\/radiorevelacionfm.cl\/wp-content\/uploads\/2021\/07\/1-56-1-1.jpg","_links":{"self":[{"href":"https:\/\/radiorevelacionfm.cl\/index.php?rest_route=\/wp\/v2\/posts\/6660","targetHints":{"allow":["GET"]}}],"collection":[{"href":"https:\/\/radiorevelacionfm.cl\/index.php?rest_route=\/wp\/v2\/posts"}],"about":[{"href":"https:\/\/radiorevelacionfm.cl\/index.php?rest_route=\/wp\/v2\/types\/post"}],"author":[{"embeddable":true,"href":"https:\/\/radiorevelacionfm.cl\/index.php?rest_route=\/wp\/v2\/users\/1"}],"replies":[{"embeddable":true,"href":"https:\/\/radiorevelacionfm.cl\/index.php?rest_route=%2Fwp%2Fv2%2Fcomments&post=6660"}],"version-history":[{"count":1,"href":"https:\/\/radiorevelacionfm.cl\/index.php?rest_route=\/wp\/v2\/posts\/6660\/revisions"}],"predecessor-version":[{"id":6662,"href":"https:\/\/radiorevelacionfm.cl\/index.php?rest_route=\/wp\/v2\/posts\/6660\/revisions\/6662"}],"wp:featuredmedia":[{"embeddable":true,"href":"https:\/\/radiorevelacionfm.cl\/index.php?rest_route=\/wp\/v2\/media\/6661"}],"wp:attachment":[{"href":"https:\/\/radiorevelacionfm.cl\/index.php?rest_route=%2Fwp%2Fv2%2Fmedia&parent=6660"}],"wp:term":[{"taxonomy":"category","embeddable":true,"href":"https:\/\/radiorevelacionfm.cl\/index.php?rest_route=%2Fwp%2Fv2%2Fcategories&post=6660"},{"taxonomy":"post_tag","embeddable":true,"href":"https:\/\/radiorevelacionfm.cl\/index.php?rest_route=%2Fwp%2Fv2%2Ftags&post=6660"}],"curies":[{"name":"wp","href":"https:\/\/api.w.org\/{rel}","templated":true}]}}