{"id":66598,"date":"2026-04-26T17:14:36","date_gmt":"2026-04-26T20:14:36","guid":{"rendered":"https:\/\/radiorevelacionfm.cl\/?p=66598"},"modified":"2026-04-26T17:14:36","modified_gmt":"2026-04-26T20:14:36","slug":"seremis-de-bienes-nacionales-y-de-vivienda-sostienen-primera-reunion-de-coordinacion-sobre-banco-de-suelos-para-proyectos-habitacionales","status":"publish","type":"post","link":"https:\/\/radiorevelacionfm.cl\/?p=66598","title":{"rendered":"Seremis de Bienes Nacionales y de Vivienda sostienen primera reuni\u00f3n de coordinaci\u00f3n sobre banco de suelos para proyectos habitacionales"},"content":{"rendered":"<div class=\"flex_column av_one_full  flex_column_div av-zero-column-padding first  avia-builder-el-0  el_before_av_one_full  avia-builder-el-first  \" style='border-radius:0px; '><div  class='avia-image-container  av-styling-    avia-builder-el-1  avia-builder-el-no-sibling  avia-align-center '  itemprop=\"image\" itemscope=\"itemscope\" itemtype=\"https:\/\/schema.org\/ImageObject\"  ><div class='avia-image-container-inner'><div class='avia-image-overlay-wrap'><img decoding=\"async\" class='wp-image-66599 avia-img-lazy-loading-not-66599 avia_image' src=\"https:\/\/radiorevelacionfm.cl\/wp-content\/uploads\/2026\/04\/WhatsApp-Image-2026-04-22-at-16.52.28-1-1.jpg\" alt='' title='WhatsApp Image 2026-04-22 at 16.52.28 (1) (1)' height=\"600\" width=\"1067\"  itemprop=\"thumbnailUrl\" srcset=\"https:\/\/radiorevelacionfm.cl\/wp-content\/uploads\/2026\/04\/WhatsApp-Image-2026-04-22-at-16.52.28-1-1.jpg 1067w, https:\/\/radiorevelacionfm.cl\/wp-content\/uploads\/2026\/04\/WhatsApp-Image-2026-04-22-at-16.52.28-1-1-300x169.jpg 300w, https:\/\/radiorevelacionfm.cl\/wp-content\/uploads\/2026\/04\/WhatsApp-Image-2026-04-22-at-16.52.28-1-1-1030x579.jpg 1030w, https:\/\/radiorevelacionfm.cl\/wp-content\/uploads\/2026\/04\/WhatsApp-Image-2026-04-22-at-16.52.28-1-1-768x432.jpg 768w, https:\/\/radiorevelacionfm.cl\/wp-content\/uploads\/2026\/04\/WhatsApp-Image-2026-04-22-at-16.52.28-1-1-705x396.jpg 705w, https:\/\/radiorevelacionfm.cl\/wp-content\/uploads\/2026\/04\/WhatsApp-Image-2026-04-22-at-16.52.28-1-1-450x253.jpg 450w, https:\/\/radiorevelacionfm.cl\/wp-content\/uploads\/2026\/04\/WhatsApp-Image-2026-04-22-at-16.52.28-1-1-600x337.jpg 600w\" sizes=\"(max-width: 1067px) 100vw, 1067px\" \/><\/div><\/div><\/div><\/div><div class=\"flex_column av_one_full  flex_column_div av-zero-column-padding first  avia-builder-el-2  el_after_av_one_full  el_before_av_one_full  column-top-margin\" style='border-radius:0px; '><section class=\"av_textblock_section \"  itemscope=\"itemscope\" itemtype=\"https:\/\/schema.org\/BlogPosting\" itemprop=\"blogPost\" ><div class='avia_textblock  '   itemprop=\"text\" ><p style=\"text-align: center;\"><span style=\"font-size: 18pt;\"><b>Seremis de Bienes Nacionales y de Vivienda sostienen primera reuni\u00f3n de coordinaci\u00f3n sobre banco de suelos para proyectos habitacionales<\/b><\/span><\/p>\n<div id=\"gtx-trans\" style=\"position: absolute; left: -50px; top: 4.31534px;\">\n<div class=\"gtx-trans-icon\"><\/div>\n<\/div>\n<\/div><\/section><\/div><div class=\"flex_column av_one_full  flex_column_div av-zero-column-padding first  avia-builder-el-4  el_after_av_one_full  el_before_av_hr  column-top-margin\" style='border-radius:0px; '><section class=\"av_textblock_section \"  itemscope=\"itemscope\" itemtype=\"https:\/\/schema.org\/BlogPosting\" itemprop=\"blogPost\" ><div class='avia_textblock  '   itemprop=\"text\" ><p style=\"text-align: justify;\">Una primera reuni\u00f3n de coordinaci\u00f3n intersectorial fue la que sostuvieron la Seremi de Bienes Nacionales de Ays\u00e9n, Geoconda Navarrete y su par de Vivienda y Urbanismo, Fabi\u00e1n Rojas, quienes acompa\u00f1ados del director regional (s) del Servicio de Vivienda y Urbanizaci\u00f3n, Serviu, Eduardo Navarro, analizaron el proceso de transferencia gratuita de diferentes inmuebles fiscales que, actualmente, se encuentra tramitando la cartera que administra la propiedad fiscal de Ays\u00e9n, esto con el fin de, robustecer el banco de suelos para futuros proyectos de viviendas sociales que beneficien directamente a familias de nuestra regi\u00f3n.<\/p>\n<p style=\"text-align: justify;\">Desde Bienes\u00a0 Nacionales, la Seremi Geoconda Navarrete se\u00f1al\u00f3 que uno de los roles del Ministerio que encabeza en Ays\u00e9n, tiene que ver con disponibilizar terrenos fiscales coloc\u00e1ndolos al servicio de las necesidades sociales, econ\u00f3micas, culturales y ambientales del pa\u00eds. En esa l\u00ednea destac\u00f3 que ha sostenido diferentes reuniones con municipios y servicios p\u00fablicos, quienes requieren de suelo fiscal para la concreci\u00f3n de proyectos relevantes.\u00a0 \u00abComo Bienes Nacionales tenemos un mandato claro, administrar de la mejor manera el suelo fiscal, y es por eso que hemos sostenido reuniones y esta semana nos reunimos con el Seremi de Vivienda y Urbanismo y el director de Serviu, porque tenemos que buscar y planificar c\u00f3mo contribuimos al desarrollo urbano de las localidades\u00bb, expres\u00f3.<\/p>\n<p style=\"text-align: justify;\">As\u00ed tambi\u00e9n, la autoridad regional mencion\u00f3 que, \u00absabemos que tenemos que contribuir a robustecer el banco de suelo, por eso es que hoy tenemos en tr\u00e1mite un sinn\u00famero de transferencias al Servicio de Vivienda y Urbanizaci\u00f3n para disponibilizar terrenos que el d\u00eda de ma\u00f1ana permitan la construcci\u00f3n de hogares para las distintas familias de la regi\u00f3n\u00bb, palabras que destac\u00f3 el Seremi de Vivienda, Fabi\u00e1n Rojas, quien agreg\u00f3 \u00abestamos trabajando en conjunto con la Seremi Geoconda Navarrete para buscar en todo el territorio regional, todos aquellos suelos que nos permitan construir y obviamente, con eso, dar soluciones habitacionales para los distintos comit\u00e9s de vivienda en la regi\u00f3n de Ays\u00e9n. Este es un trabajo que nos ha mandatado el Presidente Jos\u00e9 Antonio Kast, que ambos ministerios trabajen en conjunto para poder abordar esta necesidad que tenemos de suelos para construir proyectos habitacionales\u00bb, afirm\u00f3 el Seremi Rojas.<\/p>\n<p style=\"text-align: justify;\">Finalmente, desde Bienes Nacionales, la autoridad refiri\u00f3 que estas instancias se realizar\u00e1n de forma peri\u00f3dica, con el objetivo de priorizar los requerimientos de inmuebles fiscales por parte de Serviu, quienes, a su vez, canalizan la demanda organizada de los comit\u00e9s de vivienda presentes en las diez comunas de la regi\u00f3n.<\/p>\n<\/div><\/section><\/div><div  style='height:50px' class='hr hr-invisible   avia-builder-el-6  el_after_av_one_full  el_before_av_social_share '><span class='hr-inner ' ><span class='hr-inner-style'><\/span><\/span><\/div><\/p>\n<div  class='av-social-sharing-box  avia-builder-el-7  el_after_av_hr  el_before_av_hr  '><div class='av-share-box'><h5 class='av-share-link-description av-no-toc '>Compartir esta noticia<\/h5><ul class='av-share-box-list noLightbox'><li class='av-share-link av-social-link-facebook' ><a target=\"_blank\" aria-label=\"Compartir en Facebook\" href='https:\/\/www.facebook.com\/sharer.php?u=https:\/\/radiorevelacionfm.cl\/?p=66598&#038;t=Seremis%20de%20Bienes%20Nacionales%20y%20de%20Vivienda%20sostienen%20primera%20reuni%C3%B3n%20de%20coordinaci%C3%B3n%20sobre%20banco%20de%20suelos%20para%20proyectos%20habitacionales' aria-hidden='false' data-av_icon='\ue8f3' data-av_iconfont='entypo-fontello' title='' data-avia-related-tooltip='Compartir en Facebook' rel=\"noopener\"><span class='avia_hidden_link_text'>Compartir en Facebook<\/span><\/a><\/li><li class='av-share-link av-social-link-twitter' ><a target=\"_blank\" aria-label=\"Compartir en Twitter\" href='https:\/\/twitter.com\/share?text=Seremis%20de%20Bienes%20Nacionales%20y%20de%20Vivienda%20sostienen%20primera%20reuni%C3%B3n%20de%20coordinaci%C3%B3n%20sobre%20banco%20de%20suelos%20para%20proyectos%20habitacionales&#038;url=https:\/\/radiorevelacionfm.cl\/?p=66598' aria-hidden='false' data-av_icon='\ue8f1' data-av_iconfont='entypo-fontello' title='' data-avia-related-tooltip='Compartir en Twitter' rel=\"noopener\"><span class='avia_hidden_link_text'>Compartir en Twitter<\/span><\/a><\/li><li class='av-share-link av-social-link-whatsapp' ><a target=\"_blank\" aria-label=\"Compartir en Whatsapp\" href='https:\/\/api.whatsapp.com\/send?text=https:\/\/radiorevelacionfm.cl\/?p=66598' aria-hidden='false' data-av_icon='\uf232' data-av_iconfont='entypo-fontello' title='' data-avia-related-tooltip='Compartir en Whatsapp' rel=\"noopener\"><span class='avia_hidden_link_text'>Compartir en Whatsapp<\/span><\/a><\/li><li class='av-share-link av-social-link-linkedin' ><a target=\"_blank\" aria-label=\"Compartir en LinkedIn\" href='https:\/\/linkedin.com\/shareArticle?mini=true&#038;title=Seremis%20de%20Bienes%20Nacionales%20y%20de%20Vivienda%20sostienen%20primera%20reuni%C3%B3n%20de%20coordinaci%C3%B3n%20sobre%20banco%20de%20suelos%20para%20proyectos%20habitacionales&#038;url=https:\/\/radiorevelacionfm.cl\/?p=66598' aria-hidden='false' data-av_icon='\ue8fc' data-av_iconfont='entypo-fontello' title='' data-avia-related-tooltip='Compartir en LinkedIn' rel=\"noopener\"><span class='avia_hidden_link_text'>Compartir en LinkedIn<\/span><\/a><\/li><li class='av-share-link av-social-link-mail' ><a  aria-label=\"Compartir por correo\" href='mailto:?subject=Seremis%20de%20Bienes%20Nacionales%20y%20de%20Vivienda%20sostienen%20primera%20reuni%C3%B3n%20de%20coordinaci%C3%B3n%20sobre%20banco%20de%20suelos%20para%20proyectos%20habitacionales&#038;body=https:\/\/radiorevelacionfm.cl\/?p=66598' aria-hidden='false' data-av_icon='\ue805' data-av_iconfont='entypo-fontello' title='' data-avia-related-tooltip='Compartir por correo'><span class='avia_hidden_link_text'>Compartir por correo<\/span><\/a><\/li><\/ul><\/div><\/div>\n<div  style='height:50px' class='hr hr-invisible   avia-builder-el-8  el_after_av_social_share  el_before_av_comments_list '><span class='hr-inner ' ><span class='hr-inner-style'><\/span><\/span><\/div>\n<div  class='av-buildercomment  av-blog-meta-html-info-disabled av-blog-meta-tag-disabled  '><\/div>\n","protected":false},"excerpt":{"rendered":"","protected":false},"author":1,"featured_media":66599,"comment_status":"closed","ping_status":"closed","sticky":false,"template":"","format":"standard","meta":{"footnotes":""},"categories":[38],"tags":[],"class_list":["post-66598","post","type-post","status-publish","format-standard","has-post-thumbnail","hentry","category-regional"],"jetpack_featured_media_url":"https:\/\/radiorevelacionfm.cl\/wp-content\/uploads\/2026\/04\/WhatsApp-Image-2026-04-22-at-16.52.28-1-1.jpg","_links":{"self":[{"href":"https:\/\/radiorevelacionfm.cl\/index.php?rest_route=\/wp\/v2\/posts\/66598","targetHints":{"allow":["GET"]}}],"collection":[{"href":"https:\/\/radiorevelacionfm.cl\/index.php?rest_route=\/wp\/v2\/posts"}],"about":[{"href":"https:\/\/radiorevelacionfm.cl\/index.php?rest_route=\/wp\/v2\/types\/post"}],"author":[{"embeddable":true,"href":"https:\/\/radiorevelacionfm.cl\/index.php?rest_route=\/wp\/v2\/users\/1"}],"replies":[{"embeddable":true,"href":"https:\/\/radiorevelacionfm.cl\/index.php?rest_route=%2Fwp%2Fv2%2Fcomments&post=66598"}],"version-history":[{"count":2,"href":"https:\/\/radiorevelacionfm.cl\/index.php?rest_route=\/wp\/v2\/posts\/66598\/revisions"}],"predecessor-version":[{"id":66601,"href":"https:\/\/radiorevelacionfm.cl\/index.php?rest_route=\/wp\/v2\/posts\/66598\/revisions\/66601"}],"wp:featuredmedia":[{"embeddable":true,"href":"https:\/\/radiorevelacionfm.cl\/index.php?rest_route=\/wp\/v2\/media\/66599"}],"wp:attachment":[{"href":"https:\/\/radiorevelacionfm.cl\/index.php?rest_route=%2Fwp%2Fv2%2Fmedia&parent=66598"}],"wp:term":[{"taxonomy":"category","embeddable":true,"href":"https:\/\/radiorevelacionfm.cl\/index.php?rest_route=%2Fwp%2Fv2%2Fcategories&post=66598"},{"taxonomy":"post_tag","embeddable":true,"href":"https:\/\/radiorevelacionfm.cl\/index.php?rest_route=%2Fwp%2Fv2%2Ftags&post=66598"}],"curies":[{"name":"wp","href":"https:\/\/api.w.org\/{rel}","templated":true}]}}