{"id":66593,"date":"2026-04-26T14:58:33","date_gmt":"2026-04-26T17:58:33","guid":{"rendered":"https:\/\/radiorevelacionfm.cl\/?p=66593"},"modified":"2026-04-26T14:58:33","modified_gmt":"2026-04-26T17:58:33","slug":"delegada-presidencial-regional-despliega-agenda-territorial-en-la-cuenca-del-lago-general-carrera","status":"publish","type":"post","link":"https:\/\/radiorevelacionfm.cl\/?p=66593","title":{"rendered":"Delegada Presidencial Regional despliega agenda territorial en la cuenca del Lago General Carrera"},"content":{"rendered":"<div class=\"flex_column av_one_full  flex_column_div av-zero-column-padding first  avia-builder-el-0  el_before_av_one_full  avia-builder-el-first  \" style='border-radius:0px; '><div  class='avia-image-container  av-styling-    avia-builder-el-1  avia-builder-el-no-sibling  avia-align-center '  itemprop=\"image\" itemscope=\"itemscope\" itemtype=\"https:\/\/schema.org\/ImageObject\"  ><div class='avia-image-container-inner'><div class='avia-image-overlay-wrap'><img decoding=\"async\" class='wp-image-66594 avia-img-lazy-loading-not-66594 avia_image' src=\"https:\/\/radiorevelacionfm.cl\/wp-content\/uploads\/2026\/04\/02-11-1_optimized.jpeg\" alt='' title='02-(11)-(1)_optimized' height=\"600\" width=\"800\"  itemprop=\"thumbnailUrl\" srcset=\"https:\/\/radiorevelacionfm.cl\/wp-content\/uploads\/2026\/04\/02-11-1_optimized.jpeg 800w, https:\/\/radiorevelacionfm.cl\/wp-content\/uploads\/2026\/04\/02-11-1_optimized-300x225.jpeg 300w, https:\/\/radiorevelacionfm.cl\/wp-content\/uploads\/2026\/04\/02-11-1_optimized-768x576.jpeg 768w, https:\/\/radiorevelacionfm.cl\/wp-content\/uploads\/2026\/04\/02-11-1_optimized-705x529.jpeg 705w, https:\/\/radiorevelacionfm.cl\/wp-content\/uploads\/2026\/04\/02-11-1_optimized-450x338.jpeg 450w, https:\/\/radiorevelacionfm.cl\/wp-content\/uploads\/2026\/04\/02-11-1_optimized-600x450.jpeg 600w\" sizes=\"(max-width: 800px) 100vw, 800px\" \/><\/div><\/div><\/div><\/div><div class=\"flex_column av_one_full  flex_column_div av-zero-column-padding first  avia-builder-el-2  el_after_av_one_full  el_before_av_one_full  column-top-margin\" style='border-radius:0px; '><section class=\"av_textblock_section \"  itemscope=\"itemscope\" itemtype=\"https:\/\/schema.org\/BlogPosting\" itemprop=\"blogPost\" ><div class='avia_textblock  '   itemprop=\"text\" ><p style=\"text-align: center;\"><strong><span style=\"font-size: 18pt;\">Delegada Presidencial Regional despliega agenda territorial en la cuenca del Lago General Carrera<\/span><\/strong><\/p>\n<div id=\"gtx-trans\" style=\"position: absolute; left: -50px; top: 4.31534px;\">\n<div class=\"gtx-trans-icon\"><\/div>\n<\/div>\n<\/div><\/section><\/div><div class=\"flex_column av_one_full  flex_column_div av-zero-column-padding first  avia-builder-el-4  el_after_av_one_full  el_before_av_hr  column-top-margin\" style='border-radius:0px; '><section class=\"av_textblock_section \"  itemscope=\"itemscope\" itemtype=\"https:\/\/schema.org\/BlogPosting\" itemprop=\"blogPost\" ><div class='avia_textblock  '   itemprop=\"text\" ><p style=\"text-align: justify;\"><strong><em>Luz Mar\u00eda Vicu\u00f1a, recorri\u00f3 las localidades de Puerto Guadal y Puerto R\u00edo Tranquilo, donde sostuvo encuentros con vecinas y vecinos para escuchar sus inquietudes y avanzar en soluciones concretas.<\/em><\/strong><\/p>\n<p style=\"text-align: justify;\">En el marco de este despliegue territorial, la autoridad se reuni\u00f3 adem\u00e1s con dirigentes sociales y autoridades locales, abordando temas como conectividad, servicios b\u00e1sicos y calidad de vida, en base a las principales necesidades planteadas por la comunidad.<\/p>\n<p style=\"text-align: justify;\">En Puerto R\u00edo Tranquilo, la delegada encabez\u00f3 una reuni\u00f3n para revisar los avances del proyecto de Agua Potable Rural (APR) y coordinar pr\u00f3ximas acciones en mantenci\u00f3n de caminos y otras obras del sector.<\/p>\n<p style=\"text-align: justify;\">En la jornada participaron el Seremi de Obras P\u00fablicas, Luis Prieto; el Delegado Provincial, Jorge Abello; y el Alcalde de R\u00edo Ib\u00e1\u00f1ez, Marcelo J\u00e9lvez. Posteriormente, las autoridades visitaron en terreno las obras del proyecto, que beneficiar\u00e1n a m\u00e1s de 280 familias.<\/p>\n<p style=\"text-align: justify;\">Durante la visita, la delegada tambi\u00e9n recorri\u00f3 la Central Los Maquis, destacando su aporte al suministro energ\u00e9tico del sector.<\/p>\n<p style=\"text-align: justify;\"><strong>Fortalecimiento de la salud<\/strong><\/p>\n<p style=\"text-align: justify;\">En Puerto Guadal, la delegada visit\u00f3 la posta de la localidad, donde conoci\u00f3 su funcionamiento y convers\u00f3 con el equipo de salud, destacando la labor que se realiza en beneficio de la comunidad.<\/p>\n<p style=\"text-align: justify;\">En la instancia, tambi\u00e9n valor\u00f3 la reciente incorporaci\u00f3n de un m\u00e9dico, relevando la importancia de seguir fortaleciendo la atenci\u00f3n en sectores m\u00e1s aislados.<\/p>\n<p style=\"text-align: justify;\">\u201cEste es el mandato que nos ha encomendado el Presidente\u00a0Jos\u00e9 Antonio Kast: estar en terreno, conectados con las personas, escuchar directamente a las vecinas y vecinos y sus necesidades, y hacernos cargo. Sabemos que hay temas pendientes, por eso no se trata solo de venir, sino de avanzar y dar soluciones concretas. Ese es el compromiso que tenemos como Gobierno y lo vamos a seguir empujando en cada localidad\u201d, se\u00f1al\u00f3.<\/p>\n<p style=\"text-align: justify;\">Finalmente, reiter\u00f3 que el trabajo en terreno seguir\u00e1 siendo clave para avanzar en el desarrollo de la zona.<\/p>\n<\/div><\/section><\/div><div  style='height:50px' class='hr hr-invisible   avia-builder-el-6  el_after_av_one_full  el_before_av_social_share '><span class='hr-inner ' ><span class='hr-inner-style'><\/span><\/span><\/div><\/p>\n<div  class='av-social-sharing-box  avia-builder-el-7  el_after_av_hr  el_before_av_hr  '><div class='av-share-box'><h5 class='av-share-link-description av-no-toc '>Compartir esta noticia<\/h5><ul class='av-share-box-list noLightbox'><li class='av-share-link av-social-link-facebook' ><a target=\"_blank\" aria-label=\"Compartir en Facebook\" href='https:\/\/www.facebook.com\/sharer.php?u=https:\/\/radiorevelacionfm.cl\/?p=66593&#038;t=Delegada%20Presidencial%20Regional%20despliega%20agenda%20territorial%20en%20la%20cuenca%20del%20Lago%20General%20Carrera' aria-hidden='false' data-av_icon='\ue8f3' data-av_iconfont='entypo-fontello' title='' data-avia-related-tooltip='Compartir en Facebook' rel=\"noopener\"><span class='avia_hidden_link_text'>Compartir en Facebook<\/span><\/a><\/li><li class='av-share-link av-social-link-twitter' ><a target=\"_blank\" aria-label=\"Compartir en Twitter\" href='https:\/\/twitter.com\/share?text=Delegada%20Presidencial%20Regional%20despliega%20agenda%20territorial%20en%20la%20cuenca%20del%20Lago%20General%20Carrera&#038;url=https:\/\/radiorevelacionfm.cl\/?p=66593' aria-hidden='false' data-av_icon='\ue8f1' data-av_iconfont='entypo-fontello' title='' data-avia-related-tooltip='Compartir en Twitter' rel=\"noopener\"><span class='avia_hidden_link_text'>Compartir en Twitter<\/span><\/a><\/li><li class='av-share-link av-social-link-whatsapp' ><a target=\"_blank\" aria-label=\"Compartir en Whatsapp\" href='https:\/\/api.whatsapp.com\/send?text=https:\/\/radiorevelacionfm.cl\/?p=66593' aria-hidden='false' data-av_icon='\uf232' data-av_iconfont='entypo-fontello' title='' data-avia-related-tooltip='Compartir en Whatsapp' rel=\"noopener\"><span class='avia_hidden_link_text'>Compartir en Whatsapp<\/span><\/a><\/li><li class='av-share-link av-social-link-linkedin' ><a target=\"_blank\" aria-label=\"Compartir en LinkedIn\" href='https:\/\/linkedin.com\/shareArticle?mini=true&#038;title=Delegada%20Presidencial%20Regional%20despliega%20agenda%20territorial%20en%20la%20cuenca%20del%20Lago%20General%20Carrera&#038;url=https:\/\/radiorevelacionfm.cl\/?p=66593' aria-hidden='false' data-av_icon='\ue8fc' data-av_iconfont='entypo-fontello' title='' data-avia-related-tooltip='Compartir en LinkedIn' rel=\"noopener\"><span class='avia_hidden_link_text'>Compartir en LinkedIn<\/span><\/a><\/li><li class='av-share-link av-social-link-mail' ><a  aria-label=\"Compartir por correo\" href='mailto:?subject=Delegada%20Presidencial%20Regional%20despliega%20agenda%20territorial%20en%20la%20cuenca%20del%20Lago%20General%20Carrera&#038;body=https:\/\/radiorevelacionfm.cl\/?p=66593' aria-hidden='false' data-av_icon='\ue805' data-av_iconfont='entypo-fontello' title='' data-avia-related-tooltip='Compartir por correo'><span class='avia_hidden_link_text'>Compartir por correo<\/span><\/a><\/li><\/ul><\/div><\/div>\n<div  style='height:50px' class='hr hr-invisible   avia-builder-el-8  el_after_av_social_share  el_before_av_comments_list '><span class='hr-inner ' ><span class='hr-inner-style'><\/span><\/span><\/div>\n<div  class='av-buildercomment  av-blog-meta-html-info-disabled av-blog-meta-tag-disabled  '><\/div>\n","protected":false},"excerpt":{"rendered":"","protected":false},"author":1,"featured_media":66594,"comment_status":"closed","ping_status":"closed","sticky":false,"template":"","format":"standard","meta":{"footnotes":""},"categories":[38],"tags":[],"class_list":["post-66593","post","type-post","status-publish","format-standard","has-post-thumbnail","hentry","category-regional"],"jetpack_featured_media_url":"https:\/\/radiorevelacionfm.cl\/wp-content\/uploads\/2026\/04\/02-11-1_optimized.jpeg","_links":{"self":[{"href":"https:\/\/radiorevelacionfm.cl\/index.php?rest_route=\/wp\/v2\/posts\/66593","targetHints":{"allow":["GET"]}}],"collection":[{"href":"https:\/\/radiorevelacionfm.cl\/index.php?rest_route=\/wp\/v2\/posts"}],"about":[{"href":"https:\/\/radiorevelacionfm.cl\/index.php?rest_route=\/wp\/v2\/types\/post"}],"author":[{"embeddable":true,"href":"https:\/\/radiorevelacionfm.cl\/index.php?rest_route=\/wp\/v2\/users\/1"}],"replies":[{"embeddable":true,"href":"https:\/\/radiorevelacionfm.cl\/index.php?rest_route=%2Fwp%2Fv2%2Fcomments&post=66593"}],"version-history":[{"count":2,"href":"https:\/\/radiorevelacionfm.cl\/index.php?rest_route=\/wp\/v2\/posts\/66593\/revisions"}],"predecessor-version":[{"id":66596,"href":"https:\/\/radiorevelacionfm.cl\/index.php?rest_route=\/wp\/v2\/posts\/66593\/revisions\/66596"}],"wp:featuredmedia":[{"embeddable":true,"href":"https:\/\/radiorevelacionfm.cl\/index.php?rest_route=\/wp\/v2\/media\/66594"}],"wp:attachment":[{"href":"https:\/\/radiorevelacionfm.cl\/index.php?rest_route=%2Fwp%2Fv2%2Fmedia&parent=66593"}],"wp:term":[{"taxonomy":"category","embeddable":true,"href":"https:\/\/radiorevelacionfm.cl\/index.php?rest_route=%2Fwp%2Fv2%2Fcategories&post=66593"},{"taxonomy":"post_tag","embeddable":true,"href":"https:\/\/radiorevelacionfm.cl\/index.php?rest_route=%2Fwp%2Fv2%2Ftags&post=66593"}],"curies":[{"name":"wp","href":"https:\/\/api.w.org\/{rel}","templated":true}]}}