{"id":66590,"date":"2026-04-26T15:12:33","date_gmt":"2026-04-26T18:12:33","guid":{"rendered":"https:\/\/radiorevelacionfm.cl\/?p=66590"},"modified":"2026-04-26T15:12:33","modified_gmt":"2026-04-26T18:12:33","slug":"con-participacion-activa-de-empresas-avanza-programa-aysen-tech","status":"publish","type":"post","link":"https:\/\/radiorevelacionfm.cl\/?p=66590","title":{"rendered":"Con participaci\u00f3n activa de empresas avanza programa Ays\u00e9n Tech"},"content":{"rendered":"<div class=\"flex_column av_one_full  flex_column_div av-zero-column-padding first  avia-builder-el-0  el_before_av_one_full  avia-builder-el-first  \" style='border-radius:0px; '><div  class='avia-image-container  av-styling-    avia-builder-el-1  avia-builder-el-no-sibling  avia-align-center '  itemprop=\"image\" itemscope=\"itemscope\" itemtype=\"https:\/\/schema.org\/ImageObject\"  ><div class='avia-image-container-inner'><div class='avia-image-overlay-wrap'><img decoding=\"async\" class='wp-image-66591 avia-img-lazy-loading-not-66591 avia_image' src=\"https:\/\/radiorevelacionfm.cl\/wp-content\/uploads\/2026\/04\/img_3439-1_optimized.jpg\" alt='' title='img_3439-(1)_optimized' height=\"600\" width=\"850\"  itemprop=\"thumbnailUrl\" srcset=\"https:\/\/radiorevelacionfm.cl\/wp-content\/uploads\/2026\/04\/img_3439-1_optimized.jpg 850w, https:\/\/radiorevelacionfm.cl\/wp-content\/uploads\/2026\/04\/img_3439-1_optimized-300x212.jpg 300w, https:\/\/radiorevelacionfm.cl\/wp-content\/uploads\/2026\/04\/img_3439-1_optimized-768x542.jpg 768w, https:\/\/radiorevelacionfm.cl\/wp-content\/uploads\/2026\/04\/img_3439-1_optimized-260x185.jpg 260w, https:\/\/radiorevelacionfm.cl\/wp-content\/uploads\/2026\/04\/img_3439-1_optimized-705x498.jpg 705w, https:\/\/radiorevelacionfm.cl\/wp-content\/uploads\/2026\/04\/img_3439-1_optimized-450x318.jpg 450w, https:\/\/radiorevelacionfm.cl\/wp-content\/uploads\/2026\/04\/img_3439-1_optimized-600x424.jpg 600w\" sizes=\"(max-width: 850px) 100vw, 850px\" \/><\/div><\/div><\/div><\/div><div class=\"flex_column av_one_full  flex_column_div av-zero-column-padding first  avia-builder-el-2  el_after_av_one_full  el_before_av_one_full  column-top-margin\" style='border-radius:0px; '><section class=\"av_textblock_section \"  itemscope=\"itemscope\" itemtype=\"https:\/\/schema.org\/BlogPosting\" itemprop=\"blogPost\" ><div class='avia_textblock  '   itemprop=\"text\" ><p style=\"text-align: center;\"><strong><span style=\"font-size: 18pt;\">Con participaci\u00f3n activa de empresas avanza programa Ays\u00e9n Tech<\/span><\/strong><\/p>\n<div id=\"gtx-trans\" style=\"position: absolute; left: -50px; top: 4.31534px;\">\n<div class=\"gtx-trans-icon\"><\/div>\n<\/div>\n<\/div><\/section><\/div><div class=\"flex_column av_one_full  flex_column_div av-zero-column-padding first  avia-builder-el-4  el_after_av_one_full  el_before_av_hr  column-top-margin\" style='border-radius:0px; '><section class=\"av_textblock_section \"  itemscope=\"itemscope\" itemtype=\"https:\/\/schema.org\/BlogPosting\" itemprop=\"blogPost\" ><div class='avia_textblock  '   itemprop=\"text\" ><p style=\"text-align: justify;\"><strong><em>Iniciativa desarrollada por Patagonia Shuttle &amp; Co, cofinanciada por Corfo, propicia la adopci\u00f3n de tecnolog\u00edas de frontera para una mayor productividad en empresas de distintos tama\u00f1os y rubros.<\/em><\/strong><\/p>\n<p style=\"text-align: justify;\">M\u00e1s de 30 empresas regionales est\u00e1n participando en el programa de innovaci\u00f3n Ays\u00e9n Tech, desarrollado por Patagonia Shuttle &amp; Co y cofinanciado por Corfo, para la adopci\u00f3n de tecnolog\u00edas de frontera en \u00e1reas estrat\u00e9gicas de los procesos productivos.<\/p>\n<p style=\"text-align: justify;\">Tras el lanzamiento realizado en marzo, se realiz\u00f3 la charla Inteligencia Artificial Generativa, con casos reales de aplicaci\u00f3n de Inteligencia Artificial, desde la automatizaci\u00f3n de tareas y la generaci\u00f3n de contenido hasta asistentes inteligentes accesibles hoy en d\u00eda.<\/p>\n<p style=\"text-align: justify;\">\u201cDesde Corfo apoyamos este Programa de Difusi\u00f3n Tecnol\u00f3gica \u00abAys\u00e9n Tech\u00bb porque creemos que la innovaci\u00f3n y la transformaci\u00f3n digital deben llegar a las empresas de nuestro territorio. Incorporar herramientas como la Inteligencia Artificial permite mejorar procesos, optimizar recursos y abrir nuevas oportunidades de crecimiento. Fortalecer a nuestras pymes con m\u00e1s tecnolog\u00eda es tambi\u00e9n fortalecer el desarrollo productivo de Ays\u00e9n y generar m\u00e1s oportunidades en la regi\u00f3n\u201d, se\u00f1al\u00f3 el director regional (s), Boris L\u00f3pez.<\/p>\n<p style=\"text-align: justify;\">Entre los participantes, el gerente de la sucursal Salfa Coyhaique, Roberto Brautigam expres\u00f3 que \u201ces un tema muy interesante y atractivo. Como profesional de la regi\u00f3n me parece muy valioso que se generen estas instancias que nos permitan ir descubriendo herramientas nuevas y caminar en la v\u00eda del desarrollo de la regi\u00f3n. La empresa ha tenido varias experiencias de desarrollo con Inteligencia Artificial, pero queda mucho m\u00e1s por hacer. Avanza todo muy r\u00e1pido, hoy d\u00eda con pocas herramientas se pueden resolver problemas importantes\u201d.<\/p>\n<p style=\"text-align: justify;\">Elizabeth Barkla del Fundo Panguilemu Regenerativo mencion\u00f3 la posibilidad de utilizar Inteligencia Artificial para apoyar procesos de inventario, sistemas de venta y mecanismos de control, ya que \u201ctodo esto es posible y me tiene muy contenta, pero tambi\u00e9n hay herramientas para el manejo del ganado en el contexto de Ays\u00e9n. En el Fundo Panguilemu el terreno es muy disparejo y todo el tema de cercos y control para la ganader\u00eda regenerativa es muy importante. Hoy hay empresas como Halter en Nueva Zelanda, con herramientas donde uno puede poner un cerco digital, o sea estar desde la casa con un celular, dirigiendo en qu\u00e9 sector est\u00e1n comiendo los animales y luego dejar este sector para que se recupere, as\u00ed es que muy entretenido, muchas posibilidades y muy entusiasta de lo que viene\u201d.<\/p>\n<p style=\"text-align: justify;\">En tanto, Fernando Soto Aguilar, de Ays\u00e9n Recircular, soluciones de prefabricaci\u00f3n para construcci\u00f3n con materiales reciclados, se\u00f1al\u00f3 que \u201cla IA (Inteligencia Artificial) lleva la vanguardia en temas tecnol\u00f3gicos a nivel mundial y la posibilidad de usarla en distintas \u00e1reas dentro de la empresa es bastante vers\u00e1til, como modulaci\u00f3n en sistemas de prefabricaci\u00f3n como tambi\u00e9n la opci\u00f3n de agentes para llevar a cabo acciones que uno como pyme no siempre tiene la capacidad financiera para tener, como un gerente de finanzas o un gerente de producci\u00f3n, entonces es una herramienta para llegar a resultados concretos\u201d, indic\u00f3.<\/p>\n<p style=\"text-align: justify;\">Por su parte, Tom\u00e1s Santolaya, dedicado al cultivo de hortalizas y de hojas hidrop\u00f3nicas a trav\u00e9s de la empresa Brote, indic\u00f3 que \u201cactualmente nosotros no usamos Inteligencia Artificial en nuestros procesos, por lo esto me motiva a poder incorporarlo. Tenemos muchos datos que pueden ser analizados por Inteligencia Artificial\u201d.<\/p>\n<p style=\"text-align: justify;\">Las actividades del programa de innovaci\u00f3n Ays\u00e9n Tech se desarrollar\u00e1n hasta octubre de este a\u00f1o, considerando charlas y talleres, una evaluaci\u00f3n del nivel de digitalizaci\u00f3n y una hoja de ruta focalizada, tal como se detalla en la p\u00e1gina web https:\/\/aysentech.cl\/.<\/p>\n<\/div><\/section><\/div><div  style='height:50px' class='hr hr-invisible   avia-builder-el-6  el_after_av_one_full  el_before_av_social_share '><span class='hr-inner ' ><span class='hr-inner-style'><\/span><\/span><\/div><\/p>\n<div  class='av-social-sharing-box  avia-builder-el-7  el_after_av_hr  el_before_av_hr  '><div class='av-share-box'><h5 class='av-share-link-description av-no-toc '>Compartir esta noticia<\/h5><ul class='av-share-box-list noLightbox'><li class='av-share-link av-social-link-facebook' ><a target=\"_blank\" aria-label=\"Compartir en Facebook\" href='https:\/\/www.facebook.com\/sharer.php?u=https:\/\/radiorevelacionfm.cl\/?p=66590&#038;t=Con%20participaci%C3%B3n%20activa%20de%20empresas%20avanza%20programa%20Ays%C3%A9n%20Tech' aria-hidden='false' data-av_icon='\ue8f3' data-av_iconfont='entypo-fontello' title='' data-avia-related-tooltip='Compartir en Facebook' rel=\"noopener\"><span class='avia_hidden_link_text'>Compartir en Facebook<\/span><\/a><\/li><li class='av-share-link av-social-link-twitter' ><a target=\"_blank\" aria-label=\"Compartir en Twitter\" href='https:\/\/twitter.com\/share?text=Con%20participaci%C3%B3n%20activa%20de%20empresas%20avanza%20programa%20Ays%C3%A9n%20Tech&#038;url=https:\/\/radiorevelacionfm.cl\/?p=66590' aria-hidden='false' data-av_icon='\ue8f1' data-av_iconfont='entypo-fontello' title='' data-avia-related-tooltip='Compartir en Twitter' rel=\"noopener\"><span class='avia_hidden_link_text'>Compartir en Twitter<\/span><\/a><\/li><li class='av-share-link av-social-link-whatsapp' ><a target=\"_blank\" aria-label=\"Compartir en Whatsapp\" href='https:\/\/api.whatsapp.com\/send?text=https:\/\/radiorevelacionfm.cl\/?p=66590' aria-hidden='false' data-av_icon='\uf232' data-av_iconfont='entypo-fontello' title='' data-avia-related-tooltip='Compartir en Whatsapp' rel=\"noopener\"><span class='avia_hidden_link_text'>Compartir en Whatsapp<\/span><\/a><\/li><li class='av-share-link av-social-link-linkedin' ><a target=\"_blank\" aria-label=\"Compartir en LinkedIn\" href='https:\/\/linkedin.com\/shareArticle?mini=true&#038;title=Con%20participaci%C3%B3n%20activa%20de%20empresas%20avanza%20programa%20Ays%C3%A9n%20Tech&#038;url=https:\/\/radiorevelacionfm.cl\/?p=66590' aria-hidden='false' data-av_icon='\ue8fc' data-av_iconfont='entypo-fontello' title='' data-avia-related-tooltip='Compartir en LinkedIn' rel=\"noopener\"><span class='avia_hidden_link_text'>Compartir en LinkedIn<\/span><\/a><\/li><li class='av-share-link av-social-link-mail' ><a  aria-label=\"Compartir por correo\" href='mailto:?subject=Con%20participaci%C3%B3n%20activa%20de%20empresas%20avanza%20programa%20Ays%C3%A9n%20Tech&#038;body=https:\/\/radiorevelacionfm.cl\/?p=66590' aria-hidden='false' data-av_icon='\ue805' data-av_iconfont='entypo-fontello' title='' data-avia-related-tooltip='Compartir por correo'><span class='avia_hidden_link_text'>Compartir por correo<\/span><\/a><\/li><\/ul><\/div><\/div>\n<div  style='height:50px' class='hr hr-invisible   avia-builder-el-8  el_after_av_social_share  el_before_av_comments_list '><span class='hr-inner ' ><span class='hr-inner-style'><\/span><\/span><\/div>\n<div  class='av-buildercomment  av-blog-meta-html-info-disabled av-blog-meta-tag-disabled  '><\/div>\n","protected":false},"excerpt":{"rendered":"","protected":false},"author":1,"featured_media":66591,"comment_status":"closed","ping_status":"closed","sticky":false,"template":"","format":"standard","meta":{"footnotes":""},"categories":[38],"tags":[],"class_list":["post-66590","post","type-post","status-publish","format-standard","has-post-thumbnail","hentry","category-regional"],"jetpack_featured_media_url":"https:\/\/radiorevelacionfm.cl\/wp-content\/uploads\/2026\/04\/img_3439-1_optimized.jpg","_links":{"self":[{"href":"https:\/\/radiorevelacionfm.cl\/index.php?rest_route=\/wp\/v2\/posts\/66590","targetHints":{"allow":["GET"]}}],"collection":[{"href":"https:\/\/radiorevelacionfm.cl\/index.php?rest_route=\/wp\/v2\/posts"}],"about":[{"href":"https:\/\/radiorevelacionfm.cl\/index.php?rest_route=\/wp\/v2\/types\/post"}],"author":[{"embeddable":true,"href":"https:\/\/radiorevelacionfm.cl\/index.php?rest_route=\/wp\/v2\/users\/1"}],"replies":[{"embeddable":true,"href":"https:\/\/radiorevelacionfm.cl\/index.php?rest_route=%2Fwp%2Fv2%2Fcomments&post=66590"}],"version-history":[{"count":2,"href":"https:\/\/radiorevelacionfm.cl\/index.php?rest_route=\/wp\/v2\/posts\/66590\/revisions"}],"predecessor-version":[{"id":66597,"href":"https:\/\/radiorevelacionfm.cl\/index.php?rest_route=\/wp\/v2\/posts\/66590\/revisions\/66597"}],"wp:featuredmedia":[{"embeddable":true,"href":"https:\/\/radiorevelacionfm.cl\/index.php?rest_route=\/wp\/v2\/media\/66591"}],"wp:attachment":[{"href":"https:\/\/radiorevelacionfm.cl\/index.php?rest_route=%2Fwp%2Fv2%2Fmedia&parent=66590"}],"wp:term":[{"taxonomy":"category","embeddable":true,"href":"https:\/\/radiorevelacionfm.cl\/index.php?rest_route=%2Fwp%2Fv2%2Fcategories&post=66590"},{"taxonomy":"post_tag","embeddable":true,"href":"https:\/\/radiorevelacionfm.cl\/index.php?rest_route=%2Fwp%2Fv2%2Ftags&post=66590"}],"curies":[{"name":"wp","href":"https:\/\/api.w.org\/{rel}","templated":true}]}}