{"id":66576,"date":"2026-04-25T21:21:38","date_gmt":"2026-04-26T00:21:38","guid":{"rendered":"https:\/\/radiorevelacionfm.cl\/?p=66576"},"modified":"2026-04-25T21:21:38","modified_gmt":"2026-04-26T00:21:38","slug":"banda-instrumental-de-carabineros-aysen-se-viste-de-gala-y-celebra-sus-97-anos-junto-a-la-comunidad","status":"publish","type":"post","link":"https:\/\/radiorevelacionfm.cl\/?p=66576","title":{"rendered":"Banda Instrumental de Carabineros Ays\u00e9n se viste de gala y celebra sus 97 a\u00f1os junto a la comunidad"},"content":{"rendered":"<div class=\"flex_column av_one_full  flex_column_div av-zero-column-padding first  avia-builder-el-0  el_before_av_one_full  avia-builder-el-first  \" style='border-radius:0px; '><div  class='avia-image-container  av-styling-    avia-builder-el-1  avia-builder-el-no-sibling  avia-align-center '  itemprop=\"image\" itemscope=\"itemscope\" itemtype=\"https:\/\/schema.org\/ImageObject\"  ><div class='avia-image-container-inner'><div class='avia-image-overlay-wrap'><img decoding=\"async\" class='wp-image-66577 avia-img-lazy-loading-not-66577 avia_image' src=\"https:\/\/radiorevelacionfm.cl\/wp-content\/uploads\/2026\/04\/hgoyn_swcaaddln-1_optimized.jpg\" alt='' title='hgoyn_swcaaddln-(1)_optimized' height=\"600\" width=\"1067\"  itemprop=\"thumbnailUrl\" srcset=\"https:\/\/radiorevelacionfm.cl\/wp-content\/uploads\/2026\/04\/hgoyn_swcaaddln-1_optimized.jpg 1067w, https:\/\/radiorevelacionfm.cl\/wp-content\/uploads\/2026\/04\/hgoyn_swcaaddln-1_optimized-300x169.jpg 300w, https:\/\/radiorevelacionfm.cl\/wp-content\/uploads\/2026\/04\/hgoyn_swcaaddln-1_optimized-1030x579.jpg 1030w, https:\/\/radiorevelacionfm.cl\/wp-content\/uploads\/2026\/04\/hgoyn_swcaaddln-1_optimized-768x432.jpg 768w, https:\/\/radiorevelacionfm.cl\/wp-content\/uploads\/2026\/04\/hgoyn_swcaaddln-1_optimized-705x396.jpg 705w, https:\/\/radiorevelacionfm.cl\/wp-content\/uploads\/2026\/04\/hgoyn_swcaaddln-1_optimized-450x253.jpg 450w, https:\/\/radiorevelacionfm.cl\/wp-content\/uploads\/2026\/04\/hgoyn_swcaaddln-1_optimized-600x337.jpg 600w\" sizes=\"(max-width: 1067px) 100vw, 1067px\" \/><\/div><\/div><\/div><\/div><div class=\"flex_column av_one_full  flex_column_div av-zero-column-padding first  avia-builder-el-2  el_after_av_one_full  el_before_av_one_full  column-top-margin\" style='border-radius:0px; '><section class=\"av_textblock_section \"  itemscope=\"itemscope\" itemtype=\"https:\/\/schema.org\/BlogPosting\" itemprop=\"blogPost\" ><div class='avia_textblock  '   itemprop=\"text\" ><p style=\"text-align: center;\"><strong><span style=\"font-size: 18pt;\">Banda Instrumental de Carabineros Ays\u00e9n se viste de gala y celebra sus 97 a\u00f1os junto a la comunidad <\/span><\/strong><\/p>\n<div id=\"gtx-trans\" style=\"position: absolute; left: -50px; top: 4.31534px;\">\n<div class=\"gtx-trans-icon\"><\/div>\n<\/div>\n<\/div><\/section><\/div><div class=\"flex_column av_one_full  flex_column_div av-zero-column-padding first  avia-builder-el-4  el_after_av_one_full  el_before_av_hr  column-top-margin\" style='border-radius:0px; '><section class=\"av_textblock_section \"  itemscope=\"itemscope\" itemtype=\"https:\/\/schema.org\/BlogPosting\" itemprop=\"blogPost\" ><div class='avia_textblock  '   itemprop=\"text\" ><ul>\n<li dir=\"ltr\">\n<p dir=\"ltr\" style=\"text-align: justify;\" role=\"presentation\"><em>Fundada en el a\u00f1o 1929, es la banda m\u00e1s antigua inclusive que el propio Orfe\u00f3n Nacional y que durante su historia ha sido clave en el fortalecimiento de la cultura, la identidad y el patriotismo de la regi\u00f3n.<\/em><\/p>\n<\/li>\n<\/ul>\n<p dir=\"ltr\" style=\"text-align: justify;\">A trav\u00e9s de una gala art\u00edstica de alto nivel en el Centro Cultural de Coyhaique, la Banda Instrumental de Carabineros de Chile dependiente de la Prefectura Ays\u00e9n, celebr\u00f3 -junto a las autoridades y la comunidad- un nuevo aniversario, consolid\u00e1ndose como el coraz\u00f3n sonoro de la Regi\u00f3n de Ays\u00e9n, actividad que m\u00e1s all\u00e1 de un concierto, fue un homenaje a la trayectoria de una agrupaci\u00f3n que es considerada \u00abpatrimonio vivo\u00bb e inmaterial de esta zona austral.<\/p>\n<p dir=\"ltr\" style=\"text-align: justify;\"><strong>La banda m\u00e1s antigua del pa\u00eds<\/strong><\/p>\n<p dir=\"ltr\" style=\"text-align: justify;\">Aunque el imaginario colectivo suele situar al Orfe\u00f3n de Carabineros de Santiago como el referente m\u00e1ximo, los antecedentes hist\u00f3ricos dan cuenta que el origen de la m\u00fasica institucional est\u00e1 en nuestra Patagonia.<\/p>\n<p dir=\"ltr\" style=\"text-align: justify;\">Hace 97 a\u00f1os un d\u00eda 4 de abril de 1929, el insigne General y primer intendente del territorio de Ays\u00e9n, Luis Marchat Gonz\u00e1lez, fund\u00f3 el 24 de abril de 1929 esta banda, la cual contaba inicialmente con 15 m\u00fasicos dirigidos por el veterano m\u00fasico de la Guerra del Pac\u00edfico el Vice-Sargento 1ro. Emilio Valdivia Espinoza.<\/p>\n<p dir=\"ltr\" style=\"text-align: justify;\">Hoy la Banda Instrumental -integrada por 17 m\u00fasicos dirigidos por el Suboficial Mayor Francisco Casanova Ahumada- es poseedora de diversos t\u00edtulos honor\u00edficos entre los que destacan \u201cGran pionero de la cuenca del Baker\u201d (Cochrane), \u201cBanda Benem\u00e9rita\u201d (Ays\u00e9n), entre otros y hoy es reconocida como orgullo regional.<\/p>\n<p dir=\"ltr\" style=\"text-align: justify;\">Uno de sus principales objetivos fue inculcar el esp\u00edritu patri\u00f3tico a los pobladores de este sector, otorgando protagonismo a lo chileno, fortaleciendo la cultura, la chilenidad, el folklore y los aires de nuestra tierra, haciendo que el himno nacional se escuche por primera vez en estas latitudes, el 21 de mayo de 1929 en la plaza Arturo Prat de Puerto Ays\u00e9n.<\/p>\n<p dir=\"ltr\" style=\"text-align: justify;\">El Jefe de Zona de Carabineros Ays\u00e9n, General Eduardo Palma Fuentes, destac\u00f3 la relevancia de este aniversario en v\u00edspera de los 99 a\u00f1os de la Instituci\u00f3n.<\/p>\n<p dir=\"ltr\" style=\"text-align: justify;\">\u00abLa Banda Instrumental de Carabineros de Chile es patrimonio inmaterial de la regi\u00f3n, al tratarse de la banda m\u00e1s antigua de Chile, incluso m\u00e1s antigua que el Orfe\u00f3n de Carabineros de Santiago\u00bb, indic\u00f3.<\/p>\n<p dir=\"ltr\" style=\"text-align: justify;\"><strong>Testigo de la colonizaci\u00f3n<\/strong><\/p>\n<p dir=\"ltr\" style=\"text-align: justify;\">La banda ha sido mucho m\u00e1s que un acompa\u00f1amiento en desfiles; fue la encargada de dar la bienvenida a quienes forjaron estas tierras en el entonces reci\u00e9n creado territorio de Ays\u00e9n. En los albores del siglo XX, el sonido de sus instrumentos era la primera se\u00f1al de civilizaci\u00f3n y esperanza para las familias que recalaban en las costas regionales.<\/p>\n<p dir=\"ltr\" style=\"text-align: justify;\">\u00abCuando llegaban los buques con colonos, la banda era la que los recib\u00eda en Puerto Ays\u00e9n y en diferentes puntos de la regi\u00f3n. Por eso es parte de la historia de este territorio (&#8230;) ha acompa\u00f1ado momentos muy relevantes y significativos de la vida regional en diferentes conmemoraciones y tradiciones\u00bb, record\u00f3 el General Palma.<\/p>\n<p dir=\"ltr\" style=\"text-align: justify;\">Durante su presentaci\u00f3n en la Casa de la Cultura de Coyhaique, la banda a trav\u00e9s de su presentaci\u00f3n realiz\u00f3 un viaje desde el s\u00e9ptimo arte y marchas militares hasta nuestro folclore regional, sumado a la interpretaci\u00f3n colaborativa vocal del Sargento 1ro Claudio Rojas Oyanedel (R).<\/p>\n<p dir=\"ltr\" style=\"text-align: justify;\">Identidad y servicio a la comunidad<\/p>\n<p dir=\"ltr\" style=\"text-align: justify;\">A trav\u00e9s de la gala, Carabineros busc\u00f3 profundizar el v\u00ednculo entre la Instituci\u00f3n y la ciudadan\u00eda, resaltando que la labor del carabinero m\u00fasico es tambi\u00e9n una labor de soberan\u00eda cultural.<\/p>\n<p dir=\"ltr\" style=\"text-align: justify;\">Para el Jefe de Zona -quien otorg\u00f3 un reconocimiento sobre el escenario a la Banda- esta agrupaci\u00f3n es un reflejo de los valores que unen a la Instituci\u00f3n con los habitantes de este vasto territorio.<\/p>\n<p dir=\"ltr\" style=\"text-align: justify;\">\u00abEs un verdadero patrimonio cultural de la regi\u00f3n de Ays\u00e9n que refleja no solo disciplina y la formaci\u00f3n de sus integrantes, sino tambi\u00e9n el profundo arraigo con la comunidad a la que sirven\u00bb, puntualiz\u00f3.<\/p>\n<p style=\"text-align: justify;\">Durante la jornada, el Jefe de Zona de Carabineros Ays\u00e9n aprovech\u00f3 la instancia para otorgar un reconocimiento al Gobierno Regional de Ays\u00e9n representado por el Gobernador Regional, Marcelo Santana Vargas, destacando su contribuci\u00f3n al desarrollo del territorio y el bienestar de sus habitantes.<\/p>\n<div class=\"yj6qo\" style=\"text-align: justify;\"><\/div>\n<div class=\"adL\" style=\"text-align: justify;\"><\/div>\n<\/div><\/section><\/div><div  style='height:50px' class='hr hr-invisible   avia-builder-el-6  el_after_av_one_full  el_before_av_social_share '><span class='hr-inner ' ><span class='hr-inner-style'><\/span><\/span><\/div><\/p>\n<div  class='av-social-sharing-box  avia-builder-el-7  el_after_av_hr  el_before_av_hr  '><div class='av-share-box'><h5 class='av-share-link-description av-no-toc '>Compartir esta noticia<\/h5><ul class='av-share-box-list noLightbox'><li class='av-share-link av-social-link-facebook' ><a target=\"_blank\" aria-label=\"Compartir en Facebook\" href='https:\/\/www.facebook.com\/sharer.php?u=https:\/\/radiorevelacionfm.cl\/?p=66576&#038;t=Banda%20Instrumental%20de%20Carabineros%20Ays%C3%A9n%20se%20viste%20de%20gala%20y%20celebra%20sus%2097%20a%C3%B1os%20junto%20a%20la%20comunidad' aria-hidden='false' data-av_icon='\ue8f3' data-av_iconfont='entypo-fontello' title='' data-avia-related-tooltip='Compartir en Facebook' rel=\"noopener\"><span class='avia_hidden_link_text'>Compartir en Facebook<\/span><\/a><\/li><li class='av-share-link av-social-link-twitter' ><a target=\"_blank\" aria-label=\"Compartir en Twitter\" href='https:\/\/twitter.com\/share?text=Banda%20Instrumental%20de%20Carabineros%20Ays%C3%A9n%20se%20viste%20de%20gala%20y%20celebra%20sus%2097%20a%C3%B1os%20junto%20a%20la%20comunidad&#038;url=https:\/\/radiorevelacionfm.cl\/?p=66576' aria-hidden='false' data-av_icon='\ue8f1' data-av_iconfont='entypo-fontello' title='' data-avia-related-tooltip='Compartir en Twitter' rel=\"noopener\"><span class='avia_hidden_link_text'>Compartir en Twitter<\/span><\/a><\/li><li class='av-share-link av-social-link-whatsapp' ><a target=\"_blank\" aria-label=\"Compartir en Whatsapp\" href='https:\/\/api.whatsapp.com\/send?text=https:\/\/radiorevelacionfm.cl\/?p=66576' aria-hidden='false' data-av_icon='\uf232' data-av_iconfont='entypo-fontello' title='' data-avia-related-tooltip='Compartir en Whatsapp' rel=\"noopener\"><span class='avia_hidden_link_text'>Compartir en Whatsapp<\/span><\/a><\/li><li class='av-share-link av-social-link-linkedin' ><a target=\"_blank\" aria-label=\"Compartir en LinkedIn\" href='https:\/\/linkedin.com\/shareArticle?mini=true&#038;title=Banda%20Instrumental%20de%20Carabineros%20Ays%C3%A9n%20se%20viste%20de%20gala%20y%20celebra%20sus%2097%20a%C3%B1os%20junto%20a%20la%20comunidad&#038;url=https:\/\/radiorevelacionfm.cl\/?p=66576' aria-hidden='false' data-av_icon='\ue8fc' data-av_iconfont='entypo-fontello' title='' data-avia-related-tooltip='Compartir en LinkedIn' rel=\"noopener\"><span class='avia_hidden_link_text'>Compartir en LinkedIn<\/span><\/a><\/li><li class='av-share-link av-social-link-mail' ><a  aria-label=\"Compartir por correo\" href='mailto:?subject=Banda%20Instrumental%20de%20Carabineros%20Ays%C3%A9n%20se%20viste%20de%20gala%20y%20celebra%20sus%2097%20a%C3%B1os%20junto%20a%20la%20comunidad&#038;body=https:\/\/radiorevelacionfm.cl\/?p=66576' aria-hidden='false' data-av_icon='\ue805' data-av_iconfont='entypo-fontello' title='' data-avia-related-tooltip='Compartir por correo'><span class='avia_hidden_link_text'>Compartir por correo<\/span><\/a><\/li><\/ul><\/div><\/div>\n<div  style='height:50px' class='hr hr-invisible   avia-builder-el-8  el_after_av_social_share  el_before_av_comments_list '><span class='hr-inner ' ><span class='hr-inner-style'><\/span><\/span><\/div>\n<div  class='av-buildercomment  av-blog-meta-html-info-disabled av-blog-meta-tag-disabled  '><\/div>\n","protected":false},"excerpt":{"rendered":"","protected":false},"author":1,"featured_media":66577,"comment_status":"closed","ping_status":"closed","sticky":false,"template":"","format":"standard","meta":{"footnotes":""},"categories":[38],"tags":[],"class_list":["post-66576","post","type-post","status-publish","format-standard","has-post-thumbnail","hentry","category-regional"],"jetpack_featured_media_url":"https:\/\/radiorevelacionfm.cl\/wp-content\/uploads\/2026\/04\/hgoyn_swcaaddln-1_optimized.jpg","_links":{"self":[{"href":"https:\/\/radiorevelacionfm.cl\/index.php?rest_route=\/wp\/v2\/posts\/66576","targetHints":{"allow":["GET"]}}],"collection":[{"href":"https:\/\/radiorevelacionfm.cl\/index.php?rest_route=\/wp\/v2\/posts"}],"about":[{"href":"https:\/\/radiorevelacionfm.cl\/index.php?rest_route=\/wp\/v2\/types\/post"}],"author":[{"embeddable":true,"href":"https:\/\/radiorevelacionfm.cl\/index.php?rest_route=\/wp\/v2\/users\/1"}],"replies":[{"embeddable":true,"href":"https:\/\/radiorevelacionfm.cl\/index.php?rest_route=%2Fwp%2Fv2%2Fcomments&post=66576"}],"version-history":[{"count":2,"href":"https:\/\/radiorevelacionfm.cl\/index.php?rest_route=\/wp\/v2\/posts\/66576\/revisions"}],"predecessor-version":[{"id":66580,"href":"https:\/\/radiorevelacionfm.cl\/index.php?rest_route=\/wp\/v2\/posts\/66576\/revisions\/66580"}],"wp:featuredmedia":[{"embeddable":true,"href":"https:\/\/radiorevelacionfm.cl\/index.php?rest_route=\/wp\/v2\/media\/66577"}],"wp:attachment":[{"href":"https:\/\/radiorevelacionfm.cl\/index.php?rest_route=%2Fwp%2Fv2%2Fmedia&parent=66576"}],"wp:term":[{"taxonomy":"category","embeddable":true,"href":"https:\/\/radiorevelacionfm.cl\/index.php?rest_route=%2Fwp%2Fv2%2Fcategories&post=66576"},{"taxonomy":"post_tag","embeddable":true,"href":"https:\/\/radiorevelacionfm.cl\/index.php?rest_route=%2Fwp%2Fv2%2Ftags&post=66576"}],"curies":[{"name":"wp","href":"https:\/\/api.w.org\/{rel}","templated":true}]}}