{"id":66571,"date":"2026-04-25T15:36:12","date_gmt":"2026-04-25T18:36:12","guid":{"rendered":"https:\/\/radiorevelacionfm.cl\/?p=66571"},"modified":"2026-04-25T15:36:12","modified_gmt":"2026-04-25T18:36:12","slug":"ximena-ordenes-emplaza-al-gobierno-por-instruccion-de-hacienda-de-descontinuar-programas-en-salud-estas-no-son-cifras-es-jugar-con-la-vida-de-las-personas","status":"publish","type":"post","link":"https:\/\/radiorevelacionfm.cl\/?p=66571","title":{"rendered":"Ximena \u00d3rdenes emplaza al gobierno por instrucci\u00f3n de Hacienda de descontinuar programas en salud: \u201cEstas no son cifras, es jugar con la vida de las personas\u201d"},"content":{"rendered":"<div class=\"flex_column av_one_full  flex_column_div av-zero-column-padding first  avia-builder-el-0  el_before_av_one_full  avia-builder-el-first  \" style='border-radius:0px; '><div  class='avia-image-container  av-styling-    avia-builder-el-1  avia-builder-el-no-sibling  avia-align-center '  itemprop=\"image\" itemscope=\"itemscope\" itemtype=\"https:\/\/schema.org\/ImageObject\"  ><div class='avia-image-container-inner'><div class='avia-image-overlay-wrap'><img decoding=\"async\" class='wp-image-66572 avia-img-lazy-loading-not-66572 avia_image' src=\"https:\/\/radiorevelacionfm.cl\/wp-content\/uploads\/2026\/04\/SENADORA-10-1-1.jpg\" alt='' title='SENADORA (10) (1) (1)' height=\"600\" width=\"866\"  itemprop=\"thumbnailUrl\" srcset=\"https:\/\/radiorevelacionfm.cl\/wp-content\/uploads\/2026\/04\/SENADORA-10-1-1.jpg 866w, https:\/\/radiorevelacionfm.cl\/wp-content\/uploads\/2026\/04\/SENADORA-10-1-1-300x208.jpg 300w, https:\/\/radiorevelacionfm.cl\/wp-content\/uploads\/2026\/04\/SENADORA-10-1-1-768x532.jpg 768w, https:\/\/radiorevelacionfm.cl\/wp-content\/uploads\/2026\/04\/SENADORA-10-1-1-705x488.jpg 705w, https:\/\/radiorevelacionfm.cl\/wp-content\/uploads\/2026\/04\/SENADORA-10-1-1-450x312.jpg 450w, https:\/\/radiorevelacionfm.cl\/wp-content\/uploads\/2026\/04\/SENADORA-10-1-1-600x416.jpg 600w\" sizes=\"(max-width: 866px) 100vw, 866px\" \/><\/div><\/div><\/div><\/div><div class=\"flex_column av_one_full  flex_column_div av-zero-column-padding first  avia-builder-el-2  el_after_av_one_full  el_before_av_one_full  column-top-margin\" style='border-radius:0px; '><section class=\"av_textblock_section \"  itemscope=\"itemscope\" itemtype=\"https:\/\/schema.org\/BlogPosting\" itemprop=\"blogPost\" ><div class='avia_textblock  '   itemprop=\"text\" ><p style=\"text-align: center;\"><strong><span style=\"font-size: 18pt;\">Ximena \u00d3rdenes emplaza al gobierno por instrucci\u00f3n de Hacienda de descontinuar programas en salud: \u201cEstas no son cifras, es jugar con la vida de las personas\u201d<\/span><\/strong><\/p>\n<div id=\"gtx-trans\" style=\"position: absolute; left: -50px; top: 4.31534px;\">\n<div class=\"gtx-trans-icon\"><\/div>\n<\/div>\n<\/div><\/section><\/div><div class=\"flex_column av_one_full  flex_column_div av-zero-column-padding first  avia-builder-el-4  el_after_av_one_full  el_before_av_hr  column-top-margin\" style='border-radius:0px; '><section class=\"av_textblock_section \"  itemscope=\"itemscope\" itemtype=\"https:\/\/schema.org\/BlogPosting\" itemprop=\"blogPost\" ><div class='avia_textblock  '   itemprop=\"text\" ><p style=\"text-align: justify;\"><em>Tras conocerse los oficios que emiti\u00f3 Hacienda a los ministerios de gobierno con sugerencias de descontinuar o rebajar presupuestos en m\u00e1s de 400 programas, la senadora por Ays\u00e9n, Ximena \u00d3rdenes Neira, r\u00e1pidamente manifest\u00f3 su preocupaci\u00f3n por estas propuestas, en especial por los efectos que estas medidas tendr\u00edan en el acceso a la salud en la regi\u00f3n. La legisladora se\u00f1al\u00f3 que con estas instrucciones \u201cel Gobierno est\u00e1 golpeando directamente el rol que cumple la salud p\u00fablica en el pa\u00eds\u201d.<\/em><\/p>\n<p style=\"text-align: justify;\">Dentro del amplio listado donde el Ministerio de Hacienda recomienda a las dem\u00e1s carteras la descontinuaci\u00f3n o rebaja de presupuesto de diversos programas para recortar el gasto fiscal, Salud destaca como el \u00e1rea m\u00e1s afectada con m\u00e1s de 50 iniciativas y una reducci\u00f3n de m\u00e1s de $300 mil millones.<\/p>\n<p style=\"text-align: justify;\">\u201cA estas alturas lo que est\u00e1 realizando el Ministerio de Hacienda es impactar directamente a las familias a lo largo de todo el territorio Nacional. Hemos conocido un amplio listado con programas que se eliminan o se ajustan presupuestariamente de manera significativa\u201d, manifest\u00f3 con preocupaci\u00f3n la representante aysenina.<\/p>\n<p style=\"text-align: justify;\">\u201cQuiero manifestar en particular mi preocupaci\u00f3n en el \u00e1mbito de la salud\u201d, adelant\u00f3 la legisladora, quien durante a\u00f1os ha integrado la Comisi\u00f3n de Saluda del Senado. Ordenes advirti\u00f3 que \u201cprogramas como prevenci\u00f3n del suicidio, como la atenci\u00f3n de salud mental en la APS o la hospitalizaci\u00f3n domiciliaria, son imprescindibles en el quehacer de salud\u201d, enfatizando que \u201cen la regi\u00f3n de Ays\u00e9n los programas no sobran, sino que faltan\u201d.<\/p>\n<p style=\"text-align: justify;\"><strong>PREOCUPACI\u00d3N POR EL SISTEMA DE SALUD P\u00daBLICA DE AYS\u00c9N<\/strong><\/p>\n<p style=\"text-align: justify;\">El instructivo de Hacienda apunta a recortar programas principalmente en atenci\u00f3n primaria de la salud -APS- e iniciativas de apoyo comunitario, tocando \u00e1reas sensibles como salud mental, cuidados paliativos, demencia y programas para poblaci\u00f3n vulnerable. Es justamente en estas \u00e1reas donde Ordenes puso una alerta, sosteniendo que es preocupante para Ays\u00e9n, sobre todo por las cifras que la regi\u00f3n presenta entorno a la depresi\u00f3n y el suicidio.<\/p>\n<p style=\"text-align: justify;\">La representante asegur\u00f3 que \u201cla consecuencia de esta medida es que se est\u00e1 abandonando a aquellas familias y personas que m\u00e1s requieren de la ayuda del Estado y en particular, del rol que cumple la salud p\u00fablica. La regi\u00f3n de Ays\u00e9n presenta una de las tasas m\u00e1s importantes de suicidio en Chile y abandonarlas es dejarla efectivamente sin protecci\u00f3n\u201d.<\/p>\n<p style=\"text-align: justify;\">Finalmente Ximena \u00d3rdenes emplaz\u00f3 al Ejecutivo al se\u00f1alar que \u201cEl Gobierno est\u00e1 golpeando directamente el rol que cumple la salud p\u00fablica en el pa\u00eds, por eso hemos manifestado nuestra preocupaci\u00f3n. Esto nos tiene que colocar en estado de alerta porque claramente no se trata de ajustes en un Excel o en una planilla de gasto y estas no son cifras, se est\u00e1 jugando con la vida de las personas\u201d.<\/p>\n<\/div><\/section><\/div><div  style='height:50px' class='hr hr-invisible   avia-builder-el-6  el_after_av_one_full  el_before_av_social_share '><span class='hr-inner ' ><span class='hr-inner-style'><\/span><\/span><\/div><\/p>\n<div  class='av-social-sharing-box  avia-builder-el-7  el_after_av_hr  el_before_av_hr  '><div class='av-share-box'><h5 class='av-share-link-description av-no-toc '>Compartir esta noticia<\/h5><ul class='av-share-box-list noLightbox'><li class='av-share-link av-social-link-facebook' ><a target=\"_blank\" aria-label=\"Compartir en Facebook\" href='https:\/\/www.facebook.com\/sharer.php?u=https:\/\/radiorevelacionfm.cl\/?p=66571&#038;t=Ximena%20%C3%93rdenes%20emplaza%20al%20gobierno%20por%20instrucci%C3%B3n%20de%20Hacienda%20de%20descontinuar%20programas%20en%20salud%3A%20%E2%80%9CEstas%20no%20son%20cifras%2C%20es%20jugar%20con%20la%20vida%20de%20las%20personas%E2%80%9D' aria-hidden='false' data-av_icon='\ue8f3' data-av_iconfont='entypo-fontello' title='' data-avia-related-tooltip='Compartir en Facebook' rel=\"noopener\"><span class='avia_hidden_link_text'>Compartir en Facebook<\/span><\/a><\/li><li class='av-share-link av-social-link-twitter' ><a target=\"_blank\" aria-label=\"Compartir en Twitter\" href='https:\/\/twitter.com\/share?text=Ximena%20%C3%93rdenes%20emplaza%20al%20gobierno%20por%20instrucci%C3%B3n%20de%20Hacienda%20de%20descontinuar%20programas%20en%20salud%3A%20%E2%80%9CEstas%20no%20son%20cifras%2C%20es%20jugar%20con%20la%20vida%20de%20las%20personas%E2%80%9D&#038;url=https:\/\/radiorevelacionfm.cl\/?p=66571' aria-hidden='false' data-av_icon='\ue8f1' data-av_iconfont='entypo-fontello' title='' data-avia-related-tooltip='Compartir en Twitter' rel=\"noopener\"><span class='avia_hidden_link_text'>Compartir en Twitter<\/span><\/a><\/li><li class='av-share-link av-social-link-whatsapp' ><a target=\"_blank\" aria-label=\"Compartir en Whatsapp\" href='https:\/\/api.whatsapp.com\/send?text=https:\/\/radiorevelacionfm.cl\/?p=66571' aria-hidden='false' data-av_icon='\uf232' data-av_iconfont='entypo-fontello' title='' data-avia-related-tooltip='Compartir en Whatsapp' rel=\"noopener\"><span class='avia_hidden_link_text'>Compartir en Whatsapp<\/span><\/a><\/li><li class='av-share-link av-social-link-linkedin' ><a target=\"_blank\" aria-label=\"Compartir en LinkedIn\" href='https:\/\/linkedin.com\/shareArticle?mini=true&#038;title=Ximena%20%C3%93rdenes%20emplaza%20al%20gobierno%20por%20instrucci%C3%B3n%20de%20Hacienda%20de%20descontinuar%20programas%20en%20salud%3A%20%E2%80%9CEstas%20no%20son%20cifras%2C%20es%20jugar%20con%20la%20vida%20de%20las%20personas%E2%80%9D&#038;url=https:\/\/radiorevelacionfm.cl\/?p=66571' aria-hidden='false' data-av_icon='\ue8fc' data-av_iconfont='entypo-fontello' title='' data-avia-related-tooltip='Compartir en LinkedIn' rel=\"noopener\"><span class='avia_hidden_link_text'>Compartir en LinkedIn<\/span><\/a><\/li><li class='av-share-link av-social-link-mail' ><a  aria-label=\"Compartir por correo\" href='mailto:?subject=Ximena%20%C3%93rdenes%20emplaza%20al%20gobierno%20por%20instrucci%C3%B3n%20de%20Hacienda%20de%20descontinuar%20programas%20en%20salud%3A%20%E2%80%9CEstas%20no%20son%20cifras%2C%20es%20jugar%20con%20la%20vida%20de%20las%20personas%E2%80%9D&#038;body=https:\/\/radiorevelacionfm.cl\/?p=66571' aria-hidden='false' data-av_icon='\ue805' data-av_iconfont='entypo-fontello' title='' data-avia-related-tooltip='Compartir por correo'><span class='avia_hidden_link_text'>Compartir por correo<\/span><\/a><\/li><\/ul><\/div><\/div>\n<div  style='height:50px' class='hr hr-invisible   avia-builder-el-8  el_after_av_social_share  el_before_av_comments_list '><span class='hr-inner ' ><span class='hr-inner-style'><\/span><\/span><\/div>\n<div  class='av-buildercomment  av-blog-meta-html-info-disabled av-blog-meta-tag-disabled  '><\/div>\n","protected":false},"excerpt":{"rendered":"","protected":false},"author":1,"featured_media":66572,"comment_status":"closed","ping_status":"closed","sticky":false,"template":"","format":"standard","meta":{"footnotes":""},"categories":[35],"tags":[],"class_list":["post-66571","post","type-post","status-publish","format-standard","has-post-thumbnail","hentry","category-politica"],"jetpack_featured_media_url":"https:\/\/radiorevelacionfm.cl\/wp-content\/uploads\/2026\/04\/SENADORA-10-1-1.jpg","_links":{"self":[{"href":"https:\/\/radiorevelacionfm.cl\/index.php?rest_route=\/wp\/v2\/posts\/66571","targetHints":{"allow":["GET"]}}],"collection":[{"href":"https:\/\/radiorevelacionfm.cl\/index.php?rest_route=\/wp\/v2\/posts"}],"about":[{"href":"https:\/\/radiorevelacionfm.cl\/index.php?rest_route=\/wp\/v2\/types\/post"}],"author":[{"embeddable":true,"href":"https:\/\/radiorevelacionfm.cl\/index.php?rest_route=\/wp\/v2\/users\/1"}],"replies":[{"embeddable":true,"href":"https:\/\/radiorevelacionfm.cl\/index.php?rest_route=%2Fwp%2Fv2%2Fcomments&post=66571"}],"version-history":[{"count":2,"href":"https:\/\/radiorevelacionfm.cl\/index.php?rest_route=\/wp\/v2\/posts\/66571\/revisions"}],"predecessor-version":[{"id":66574,"href":"https:\/\/radiorevelacionfm.cl\/index.php?rest_route=\/wp\/v2\/posts\/66571\/revisions\/66574"}],"wp:featuredmedia":[{"embeddable":true,"href":"https:\/\/radiorevelacionfm.cl\/index.php?rest_route=\/wp\/v2\/media\/66572"}],"wp:attachment":[{"href":"https:\/\/radiorevelacionfm.cl\/index.php?rest_route=%2Fwp%2Fv2%2Fmedia&parent=66571"}],"wp:term":[{"taxonomy":"category","embeddable":true,"href":"https:\/\/radiorevelacionfm.cl\/index.php?rest_route=%2Fwp%2Fv2%2Fcategories&post=66571"},{"taxonomy":"post_tag","embeddable":true,"href":"https:\/\/radiorevelacionfm.cl\/index.php?rest_route=%2Fwp%2Fv2%2Ftags&post=66571"}],"curies":[{"name":"wp","href":"https:\/\/api.w.org\/{rel}","templated":true}]}}