{"id":6657,"date":"2021-07-26T19:12:52","date_gmt":"2021-07-26T22:12:52","guid":{"rendered":"https:\/\/radiorevelacionfm.cl\/?p=6657"},"modified":"2021-07-26T19:12:52","modified_gmt":"2021-07-26T22:12:52","slug":"en-villa-manihuales-detienen-a-cuatro-personas-por-robo-con-intimidacion","status":"publish","type":"post","link":"https:\/\/radiorevelacionfm.cl\/?p=6657","title":{"rendered":"En Villa Ma\u00f1ihuales detienen a cuatro personas por robo con intimidaci\u00f3n"},"content":{"rendered":"<div class=\"flex_column av_one_full  flex_column_div av-zero-column-padding first  avia-builder-el-0  el_before_av_one_full  avia-builder-el-first  \" style='border-radius:0px; '><div  class='avia-image-container  av-styling-    avia-builder-el-1  avia-builder-el-no-sibling  avia-align-center '  itemprop=\"image\" itemscope=\"itemscope\" itemtype=\"https:\/\/schema.org\/ImageObject\"  ><div class='avia-image-container-inner'><div class='avia-image-overlay-wrap'><img decoding=\"async\" class='wp-image-6658 avia-img-lazy-loading-not-6658 avia_image' src=\"https:\/\/radiorevelacionfm.cl\/wp-content\/uploads\/2021\/07\/v_optimized.manihuales-1-1.jpg\" alt='' title='v_optimized.ma\u00f1ihuales-(1)-(1)' height=\"600\" width=\"1266\"  itemprop=\"thumbnailUrl\" srcset=\"https:\/\/radiorevelacionfm.cl\/wp-content\/uploads\/2021\/07\/v_optimized.manihuales-1-1.jpg 1266w, https:\/\/radiorevelacionfm.cl\/wp-content\/uploads\/2021\/07\/v_optimized.manihuales-1-1-300x142.jpg 300w, https:\/\/radiorevelacionfm.cl\/wp-content\/uploads\/2021\/07\/v_optimized.manihuales-1-1-1030x488.jpg 1030w, https:\/\/radiorevelacionfm.cl\/wp-content\/uploads\/2021\/07\/v_optimized.manihuales-1-1-768x364.jpg 768w, https:\/\/radiorevelacionfm.cl\/wp-content\/uploads\/2021\/07\/v_optimized.manihuales-1-1-705x334.jpg 705w, https:\/\/radiorevelacionfm.cl\/wp-content\/uploads\/2021\/07\/v_optimized.manihuales-1-1-600x284.jpg 600w\" sizes=\"(max-width: 1266px) 100vw, 1266px\" \/><\/div><\/div><\/div><\/div><div class=\"flex_column av_one_full  flex_column_div av-zero-column-padding first  avia-builder-el-2  el_after_av_one_full  el_before_av_one_full  column-top-margin\" style='border-radius:0px; '><section class=\"av_textblock_section \"  itemscope=\"itemscope\" itemtype=\"https:\/\/schema.org\/BlogPosting\" itemprop=\"blogPost\" ><div class='avia_textblock  '   itemprop=\"text\" ><p style=\"text-align: center;\"><strong><span style=\"font-size: 18pt;\">En Villa Ma\u00f1ihuales detienen a cuatro personas por robo con intimidaci\u00f3n<\/span><\/strong><\/p>\n<div id=\"gtx-trans\" style=\"position: absolute; left: -50px; top: 4.31534px;\">\n<div class=\"gtx-trans-icon\"><\/div>\n<\/div>\n<\/div><\/section><\/div><div class=\"flex_column av_one_full  flex_column_div av-zero-column-padding first  avia-builder-el-4  el_after_av_one_full  el_before_av_hr  column-top-margin\" style='border-radius:0px; '><section class=\"av_textblock_section \"  itemscope=\"itemscope\" itemtype=\"https:\/\/schema.org\/BlogPosting\" itemprop=\"blogPost\" ><div class='avia_textblock  '   itemprop=\"text\" ><p class=\"v1MsoNormal\" style=\"text-align: justify;\">Diligencias desarrolladas por personal de Carabineros del Ret\u00e9n de Villa Ma\u00f1ihuales junto a la Segunda Comisar\u00eda de Puerto Ays\u00e9n \u2013en coordinaci\u00f3n con la Fiscal\u00eda local de esta ciudad- logr\u00f3 la detenci\u00f3n de cuatro personas \u2013entre ellos una mujer- por robo con intimidaci\u00f3n, adem\u00e1s de lesiones en agresi\u00f3n, amenazas de muerte con arma blanca y da\u00f1os.<\/p>\n<p class=\"v1MsoNormal\" style=\"text-align: justify;\">Tras un comunicado, personal de este destacamento alrededor de las 23:20 horas del s\u00e1bado se traslad\u00f3 hasta un domicilio del pasaje Antol\u00edn de la localidad, con la finalidad de verificar un procedimiento de agresi\u00f3n.<\/p>\n<p class=\"v1MsoNormal\" style=\"text-align: justify;\">En el lugar, Carabineros tom\u00f3 contacto con un ciudadano mayor de edad, quien indic\u00f3 que momentos antes concurri\u00f3 al domicilio de uno de sus vecinos dado que manten\u00edan una fiesta con m\u00fasica a alto volumen, solicitando que bajen la m\u00fasica.<\/p>\n<p class=\"v1MsoNormal\" style=\"text-align: justify;\">Tras lo anterior \u2013seg\u00fan indic\u00f3 a Carabineros- dichas personas quienes al parecer se encontraban en estado de ebriedad, se habr\u00edan ofuscado comenzando a ser agredido, ante lo cual la v\u00edctima huy\u00f3 hasta su domicilio, siendo perseguido por cuatro personas \u2013tres hombres y una mujer- provistos de arma blanca, quienes \u2013seg\u00fan relat\u00f3- derribaron la puerta de su domicilio, para acto seguido ser agredido con golpes de pie y pu\u00f1o al interior de su propiedad, siendo igualmente amenazado de muerte, denunciando igualmente la sustracci\u00f3n de dos tel\u00e9fonos celulares y un cilindro de gas.<\/p>\n<p class=\"v1MsoNormal\" style=\"text-align: justify;\"><b>Detenci\u00f3n<\/b><\/p>\n<p class=\"v1MsoNormal\" style=\"text-align: justify;\">Frente a lo anterior, Carabineros acudi\u00f3 al domicilio de los agresores, quienes al percatarse de la presencia policial, amenazaron con armas blancas a los polic\u00edas, tras lo cual el personal detuvo en primera instancia a dos individuos en la parte exterior del inmueble, mientras que las otras dos personas permanec\u00edan en su interior.<\/p>\n<p class=\"v1MsoNormal\" style=\"text-align: justify;\">Carabineros tom\u00f3 contacto con la Fiscal\u00eda dando cuenta del procedimiento, tras lo cual el Juzgado de Garant\u00eda de Puerto Ays\u00e9n imparti\u00f3 una orden verbal de ingreso, logrando junto a personal de la Segunda Comisar\u00eda, la detenci\u00f3n de las otras dos personas restantes.<\/p>\n<p class=\"v1MsoNormal\" style=\"text-align: justify;\">Producto de la agresi\u00f3n registrada momentos antes, la v\u00edctima result\u00f3 con lesiones de car\u00e1cter leve.<\/p>\n<p style=\"text-align: justify;\">Los antecedentes del procedimiento fueron puestos en conocimiento de la Fiscal\u00eda, en tanto que los aprehendidos fueron derivados a la audiencia de control de detenci\u00f3n por este hecho.<\/p>\n<\/div><\/section><\/div><div  style='height:50px' class='hr hr-invisible   avia-builder-el-6  el_after_av_one_full  el_before_av_social_share '><span class='hr-inner ' ><span class='hr-inner-style'><\/span><\/span><\/div><\/p>\n<div  class='av-social-sharing-box  avia-builder-el-7  el_after_av_hr  el_before_av_hr  '><div class='av-share-box'><h5 class='av-share-link-description av-no-toc '>Compartir esta noticia<\/h5><ul class='av-share-box-list noLightbox'><li class='av-share-link av-social-link-facebook' ><a target=\"_blank\" aria-label=\"Compartir en Facebook\" href='https:\/\/www.facebook.com\/sharer.php?u=https:\/\/radiorevelacionfm.cl\/?p=6657&#038;t=En%20Villa%20Ma%C3%B1ihuales%20detienen%20a%20cuatro%20personas%20por%20robo%20con%20intimidaci%C3%B3n' aria-hidden='false' data-av_icon='\ue8f3' data-av_iconfont='entypo-fontello' title='' data-avia-related-tooltip='Compartir en Facebook' rel=\"noopener\"><span class='avia_hidden_link_text'>Compartir en Facebook<\/span><\/a><\/li><li class='av-share-link av-social-link-twitter' ><a target=\"_blank\" aria-label=\"Compartir en Twitter\" href='https:\/\/twitter.com\/share?text=En%20Villa%20Ma%C3%B1ihuales%20detienen%20a%20cuatro%20personas%20por%20robo%20con%20intimidaci%C3%B3n&#038;url=https:\/\/radiorevelacionfm.cl\/?p=6657' aria-hidden='false' data-av_icon='\ue8f1' data-av_iconfont='entypo-fontello' title='' data-avia-related-tooltip='Compartir en Twitter' rel=\"noopener\"><span class='avia_hidden_link_text'>Compartir en Twitter<\/span><\/a><\/li><li class='av-share-link av-social-link-whatsapp' ><a target=\"_blank\" aria-label=\"Compartir en Whatsapp\" href='https:\/\/api.whatsapp.com\/send?text=https:\/\/radiorevelacionfm.cl\/?p=6657' aria-hidden='false' data-av_icon='\uf232' data-av_iconfont='entypo-fontello' title='' data-avia-related-tooltip='Compartir en Whatsapp' rel=\"noopener\"><span class='avia_hidden_link_text'>Compartir en Whatsapp<\/span><\/a><\/li><li class='av-share-link av-social-link-linkedin' ><a target=\"_blank\" aria-label=\"Compartir en LinkedIn\" href='https:\/\/linkedin.com\/shareArticle?mini=true&#038;title=En%20Villa%20Ma%C3%B1ihuales%20detienen%20a%20cuatro%20personas%20por%20robo%20con%20intimidaci%C3%B3n&#038;url=https:\/\/radiorevelacionfm.cl\/?p=6657' aria-hidden='false' data-av_icon='\ue8fc' data-av_iconfont='entypo-fontello' title='' data-avia-related-tooltip='Compartir en LinkedIn' rel=\"noopener\"><span class='avia_hidden_link_text'>Compartir en LinkedIn<\/span><\/a><\/li><li class='av-share-link av-social-link-mail' ><a  aria-label=\"Compartir por correo\" href='mailto:?subject=En%20Villa%20Ma%C3%B1ihuales%20detienen%20a%20cuatro%20personas%20por%20robo%20con%20intimidaci%C3%B3n&#038;body=https:\/\/radiorevelacionfm.cl\/?p=6657' aria-hidden='false' data-av_icon='\ue805' data-av_iconfont='entypo-fontello' title='' data-avia-related-tooltip='Compartir por correo'><span class='avia_hidden_link_text'>Compartir por correo<\/span><\/a><\/li><\/ul><\/div><\/div>\n<div  style='height:50px' class='hr hr-invisible   avia-builder-el-8  el_after_av_social_share  el_before_av_comments_list '><span class='hr-inner ' ><span class='hr-inner-style'><\/span><\/span><\/div>\n<div  class='av-buildercomment  av-blog-meta-html-info-disabled av-blog-meta-tag-disabled  '><\/div>\n","protected":false},"excerpt":{"rendered":"","protected":false},"author":1,"featured_media":6658,"comment_status":"open","ping_status":"open","sticky":false,"template":"","format":"standard","meta":{"footnotes":""},"categories":[36],"tags":[],"class_list":["post-6657","post","type-post","status-publish","format-standard","has-post-thumbnail","hentry","category-policial"],"jetpack_featured_media_url":"https:\/\/radiorevelacionfm.cl\/wp-content\/uploads\/2021\/07\/v_optimized.manihuales-1-1.jpg","_links":{"self":[{"href":"https:\/\/radiorevelacionfm.cl\/index.php?rest_route=\/wp\/v2\/posts\/6657","targetHints":{"allow":["GET"]}}],"collection":[{"href":"https:\/\/radiorevelacionfm.cl\/index.php?rest_route=\/wp\/v2\/posts"}],"about":[{"href":"https:\/\/radiorevelacionfm.cl\/index.php?rest_route=\/wp\/v2\/types\/post"}],"author":[{"embeddable":true,"href":"https:\/\/radiorevelacionfm.cl\/index.php?rest_route=\/wp\/v2\/users\/1"}],"replies":[{"embeddable":true,"href":"https:\/\/radiorevelacionfm.cl\/index.php?rest_route=%2Fwp%2Fv2%2Fcomments&post=6657"}],"version-history":[{"count":1,"href":"https:\/\/radiorevelacionfm.cl\/index.php?rest_route=\/wp\/v2\/posts\/6657\/revisions"}],"predecessor-version":[{"id":6659,"href":"https:\/\/radiorevelacionfm.cl\/index.php?rest_route=\/wp\/v2\/posts\/6657\/revisions\/6659"}],"wp:featuredmedia":[{"embeddable":true,"href":"https:\/\/radiorevelacionfm.cl\/index.php?rest_route=\/wp\/v2\/media\/6658"}],"wp:attachment":[{"href":"https:\/\/radiorevelacionfm.cl\/index.php?rest_route=%2Fwp%2Fv2%2Fmedia&parent=6657"}],"wp:term":[{"taxonomy":"category","embeddable":true,"href":"https:\/\/radiorevelacionfm.cl\/index.php?rest_route=%2Fwp%2Fv2%2Fcategories&post=6657"},{"taxonomy":"post_tag","embeddable":true,"href":"https:\/\/radiorevelacionfm.cl\/index.php?rest_route=%2Fwp%2Fv2%2Ftags&post=6657"}],"curies":[{"name":"wp","href":"https:\/\/api.w.org\/{rel}","templated":true}]}}