{"id":66562,"date":"2026-04-25T11:24:34","date_gmt":"2026-04-25T14:24:34","guid":{"rendered":"https:\/\/radiorevelacionfm.cl\/?p=66562"},"modified":"2026-04-25T11:24:34","modified_gmt":"2026-04-25T14:24:34","slug":"cuidar-tambien-es-cuidarse-abiertas-las-ultimas-postulaciones-al-centro-comunitario-de-cuidados","status":"publish","type":"post","link":"https:\/\/radiorevelacionfm.cl\/?p=66562","title":{"rendered":"\u201cCuidar tambi\u00e9n es cuidarse\u201d: abiertas las \u00faltimas postulaciones al Centro Comunitario de Cuidados"},"content":{"rendered":"<div class=\"flex_column av_one_full  flex_column_div av-zero-column-padding first  avia-builder-el-0  el_before_av_one_full  avia-builder-el-first  \" style='border-radius:0px; '><div  class='avia-image-container  av-styling-    avia-builder-el-1  avia-builder-el-no-sibling  avia-align-center '  itemprop=\"image\" itemscope=\"itemscope\" itemtype=\"https:\/\/schema.org\/ImageObject\"  ><div class='avia-image-container-inner'><div class='avia-image-overlay-wrap'><img decoding=\"async\" class='wp-image-66563 avia-img-lazy-loading-not-66563 avia_image' src=\"https:\/\/radiorevelacionfm.cl\/wp-content\/uploads\/2026\/04\/Cuidadora-del-CCC-1-1.jpg\" alt='' title='Cuidadora del CCC (1) (1)' height=\"600\" width=\"800\"  itemprop=\"thumbnailUrl\" srcset=\"https:\/\/radiorevelacionfm.cl\/wp-content\/uploads\/2026\/04\/Cuidadora-del-CCC-1-1.jpg 800w, https:\/\/radiorevelacionfm.cl\/wp-content\/uploads\/2026\/04\/Cuidadora-del-CCC-1-1-300x225.jpg 300w, https:\/\/radiorevelacionfm.cl\/wp-content\/uploads\/2026\/04\/Cuidadora-del-CCC-1-1-768x576.jpg 768w, https:\/\/radiorevelacionfm.cl\/wp-content\/uploads\/2026\/04\/Cuidadora-del-CCC-1-1-705x529.jpg 705w, https:\/\/radiorevelacionfm.cl\/wp-content\/uploads\/2026\/04\/Cuidadora-del-CCC-1-1-450x338.jpg 450w, https:\/\/radiorevelacionfm.cl\/wp-content\/uploads\/2026\/04\/Cuidadora-del-CCC-1-1-600x450.jpg 600w\" sizes=\"(max-width: 800px) 100vw, 800px\" \/><\/div><\/div><\/div><\/div><div class=\"flex_column av_one_full  flex_column_div av-zero-column-padding first  avia-builder-el-2  el_after_av_one_full  el_before_av_one_full  column-top-margin\" style='border-radius:0px; '><section class=\"av_textblock_section \"  itemscope=\"itemscope\" itemtype=\"https:\/\/schema.org\/BlogPosting\" itemprop=\"blogPost\" ><div class='avia_textblock  '   itemprop=\"text\" ><p style=\"text-align: center;\"><strong><span style=\"font-size: 18pt;\">\u201cCuidar tambi\u00e9n es cuidarse\u201d: abiertas las \u00faltimas postulaciones al Centro Comunitario de Cuidados<\/span><\/strong><\/p>\n<div id=\"gtx-trans\" style=\"position: absolute; left: -50px; top: 4.31534px;\">\n<div class=\"gtx-trans-icon\"><\/div>\n<\/div>\n<\/div><\/section><\/div><div class=\"flex_column av_one_full  flex_column_div av-zero-column-padding first  avia-builder-el-4  el_after_av_one_full  el_before_av_hr  column-top-margin\" style='border-radius:0px; '><section class=\"av_textblock_section \"  itemscope=\"itemscope\" itemtype=\"https:\/\/schema.org\/BlogPosting\" itemprop=\"blogPost\" ><div class='avia_textblock  '   itemprop=\"text\" ><p style=\"text-align: justify;\">La Municipalidad de Ays\u00e9n realiz\u00f3 un llamado a la comunidad a postular al Centro Comunitario de Cuidados, iniciativa que en el mes de mayo retomar\u00e1 sus actividades tras un exitoso primer a\u00f1o de funcionamiento, marcado por una alta participaci\u00f3n de vecinos y vecinas.<\/p>\n<p style=\"text-align: justify;\">Este espacio est\u00e1 orientado a cuidadores y cuidadoras de la comuna, entregando apoyo integral para mejorar su bienestar, especialmente en el \u00e1mbito de la salud mental, considerando la exigente labor que implica el cuidado permanente de un ser querido.<\/p>\n<p style=\"text-align: justify;\">Andr\u00e9a Garc\u00eda, coordinadora del Centro Comunitario de Cuidados, explic\u00f3 el enfoque del programa, \u201cel centro es un espacio pensado para cuidadores y cuidadoras, que les permite salir un poco de la rutina diaria que significa estar al cuidado de otra persona las 24 horas. Aqu\u00ed entregamos apoyo social y psicol\u00f3gico, trabajando directamente con la comunidad, con el objetivo de mejorar y ampliar las prestaciones que muchas veces no pueden gestionar por falta de tiempo o por las propias exigencias del cuidado\u201d.<\/p>\n<p style=\"text-align: justify;\">El centro busca consolidarse como un lugar seguro y de contenci\u00f3n para madres, padres, hijos, hermanos o nietos que cumplen este importante rol, generando instancias de autocuidado, acompa\u00f1amiento y desarrollo personal.<\/p>\n<p style=\"text-align: justify;\">Es importante destacar que, en este nuevo periodo nuevamente se contar\u00e1 con un cuidador o cuidadora, quien estar\u00e1 a cargo de acompa\u00f1ar a las personas en situaci\u00f3n de dependencia mientras sus familiares participan en las distintas actividades del centro, permitiendo as\u00ed una mayor tranquilidad y participaci\u00f3n.<\/p>\n<p style=\"text-align: justify;\">Actualmente, el espacio cuenta con actividades como talleres de gimnasia, que se realizan los d\u00edas martes de 10:00 a 11:30 horas y jueves de 15:00 a 16:30 horas, adem\u00e1s de las recientemente iniciadas sesiones de yoga los d\u00edas jueves. Estas \u00faltimas est\u00e1n dirigidas principalmente a cuidadores, aunque tambi\u00e9n pueden integrarse otros miembros de la comunidad.<\/p>\n<p style=\"text-align: justify;\">Con el inicio del nuevo periodo en mayo, se retomar\u00e1n adem\u00e1s talleres de artesan\u00eda, espacios de relajaci\u00f3n y grupos de autoayuda, instancias que durante el a\u00f1o pasado tuvieron un impacto significativo en los participantes.<\/p>\n<p style=\"text-align: justify;\">Sobre esto, la coordinadora destac\u00f3 que, \u201clos grupos de autoayuda son muy especiales, porque permiten que los cuidadores compartan experiencias. Es muy importante poder identificarse con otros, darse cuenta de que no est\u00e1n solos, que hay m\u00e1s personas viviendo situaciones similares. Eso les ha hecho muy bien y ha sido muy valorado\u201d.<\/p>\n<p style=\"text-align: justify;\">Desde el municipio reiteraron el llamado a postular dentro de los plazos establecidos, pero en caso de no poder inmediatamente, se pueden ingresar desde la lista de espera.<\/p>\n<p style=\"text-align: justify;\">Finalmente el llamado es que Puerto Ays\u00e9n sepa que este programa representa un apoyo concreto para quienes cumplen una labor fundamental en la comunidad, muchas veces de manera silenciosa y con alta carga emocional.<\/p>\n<\/div><\/section><\/div><div  style='height:50px' class='hr hr-invisible   avia-builder-el-6  el_after_av_one_full  el_before_av_social_share '><span class='hr-inner ' ><span class='hr-inner-style'><\/span><\/span><\/div><\/p>\n<div  class='av-social-sharing-box  avia-builder-el-7  el_after_av_hr  el_before_av_hr  '><div class='av-share-box'><h5 class='av-share-link-description av-no-toc '>Compartir esta noticia<\/h5><ul class='av-share-box-list noLightbox'><li class='av-share-link av-social-link-facebook' ><a target=\"_blank\" aria-label=\"Compartir en Facebook\" href='https:\/\/www.facebook.com\/sharer.php?u=https:\/\/radiorevelacionfm.cl\/?p=66562&#038;t=%E2%80%9CCuidar%20tambi%C3%A9n%20es%20cuidarse%E2%80%9D%3A%20abiertas%20las%20%C3%BAltimas%20postulaciones%20al%20Centro%20Comunitario%20de%20Cuidados' aria-hidden='false' data-av_icon='\ue8f3' data-av_iconfont='entypo-fontello' title='' data-avia-related-tooltip='Compartir en Facebook' rel=\"noopener\"><span class='avia_hidden_link_text'>Compartir en Facebook<\/span><\/a><\/li><li class='av-share-link av-social-link-twitter' ><a target=\"_blank\" aria-label=\"Compartir en Twitter\" href='https:\/\/twitter.com\/share?text=%E2%80%9CCuidar%20tambi%C3%A9n%20es%20cuidarse%E2%80%9D%3A%20abiertas%20las%20%C3%BAltimas%20postulaciones%20al%20Centro%20Comunitario%20de%20Cuidados&#038;url=https:\/\/radiorevelacionfm.cl\/?p=66562' aria-hidden='false' data-av_icon='\ue8f1' data-av_iconfont='entypo-fontello' title='' data-avia-related-tooltip='Compartir en Twitter' rel=\"noopener\"><span class='avia_hidden_link_text'>Compartir en Twitter<\/span><\/a><\/li><li class='av-share-link av-social-link-whatsapp' ><a target=\"_blank\" aria-label=\"Compartir en Whatsapp\" href='https:\/\/api.whatsapp.com\/send?text=https:\/\/radiorevelacionfm.cl\/?p=66562' aria-hidden='false' data-av_icon='\uf232' data-av_iconfont='entypo-fontello' title='' data-avia-related-tooltip='Compartir en Whatsapp' rel=\"noopener\"><span class='avia_hidden_link_text'>Compartir en Whatsapp<\/span><\/a><\/li><li class='av-share-link av-social-link-linkedin' ><a target=\"_blank\" aria-label=\"Compartir en LinkedIn\" href='https:\/\/linkedin.com\/shareArticle?mini=true&#038;title=%E2%80%9CCuidar%20tambi%C3%A9n%20es%20cuidarse%E2%80%9D%3A%20abiertas%20las%20%C3%BAltimas%20postulaciones%20al%20Centro%20Comunitario%20de%20Cuidados&#038;url=https:\/\/radiorevelacionfm.cl\/?p=66562' aria-hidden='false' data-av_icon='\ue8fc' data-av_iconfont='entypo-fontello' title='' data-avia-related-tooltip='Compartir en LinkedIn' rel=\"noopener\"><span class='avia_hidden_link_text'>Compartir en LinkedIn<\/span><\/a><\/li><li class='av-share-link av-social-link-mail' ><a  aria-label=\"Compartir por correo\" href='mailto:?subject=%E2%80%9CCuidar%20tambi%C3%A9n%20es%20cuidarse%E2%80%9D%3A%20abiertas%20las%20%C3%BAltimas%20postulaciones%20al%20Centro%20Comunitario%20de%20Cuidados&#038;body=https:\/\/radiorevelacionfm.cl\/?p=66562' aria-hidden='false' data-av_icon='\ue805' data-av_iconfont='entypo-fontello' title='' data-avia-related-tooltip='Compartir por correo'><span class='avia_hidden_link_text'>Compartir por correo<\/span><\/a><\/li><\/ul><\/div><\/div>\n<div  style='height:50px' class='hr hr-invisible   avia-builder-el-8  el_after_av_social_share  el_before_av_comments_list '><span class='hr-inner ' ><span class='hr-inner-style'><\/span><\/span><\/div>\n<div  class='av-buildercomment  av-blog-meta-html-info-disabled av-blog-meta-tag-disabled  '><\/div>\n","protected":false},"excerpt":{"rendered":"","protected":false},"author":1,"featured_media":66563,"comment_status":"closed","ping_status":"closed","sticky":false,"template":"","format":"standard","meta":{"footnotes":""},"categories":[38],"tags":[],"class_list":["post-66562","post","type-post","status-publish","format-standard","has-post-thumbnail","hentry","category-regional"],"jetpack_featured_media_url":"https:\/\/radiorevelacionfm.cl\/wp-content\/uploads\/2026\/04\/Cuidadora-del-CCC-1-1.jpg","_links":{"self":[{"href":"https:\/\/radiorevelacionfm.cl\/index.php?rest_route=\/wp\/v2\/posts\/66562","targetHints":{"allow":["GET"]}}],"collection":[{"href":"https:\/\/radiorevelacionfm.cl\/index.php?rest_route=\/wp\/v2\/posts"}],"about":[{"href":"https:\/\/radiorevelacionfm.cl\/index.php?rest_route=\/wp\/v2\/types\/post"}],"author":[{"embeddable":true,"href":"https:\/\/radiorevelacionfm.cl\/index.php?rest_route=\/wp\/v2\/users\/1"}],"replies":[{"embeddable":true,"href":"https:\/\/radiorevelacionfm.cl\/index.php?rest_route=%2Fwp%2Fv2%2Fcomments&post=66562"}],"version-history":[{"count":2,"href":"https:\/\/radiorevelacionfm.cl\/index.php?rest_route=\/wp\/v2\/posts\/66562\/revisions"}],"predecessor-version":[{"id":66567,"href":"https:\/\/radiorevelacionfm.cl\/index.php?rest_route=\/wp\/v2\/posts\/66562\/revisions\/66567"}],"wp:featuredmedia":[{"embeddable":true,"href":"https:\/\/radiorevelacionfm.cl\/index.php?rest_route=\/wp\/v2\/media\/66563"}],"wp:attachment":[{"href":"https:\/\/radiorevelacionfm.cl\/index.php?rest_route=%2Fwp%2Fv2%2Fmedia&parent=66562"}],"wp:term":[{"taxonomy":"category","embeddable":true,"href":"https:\/\/radiorevelacionfm.cl\/index.php?rest_route=%2Fwp%2Fv2%2Fcategories&post=66562"},{"taxonomy":"post_tag","embeddable":true,"href":"https:\/\/radiorevelacionfm.cl\/index.php?rest_route=%2Fwp%2Fv2%2Ftags&post=66562"}],"curies":[{"name":"wp","href":"https:\/\/api.w.org\/{rel}","templated":true}]}}