{"id":66557,"date":"2026-04-24T21:02:44","date_gmt":"2026-04-25T00:02:44","guid":{"rendered":"https:\/\/radiorevelacionfm.cl\/?p=66557"},"modified":"2026-04-24T21:02:44","modified_gmt":"2026-04-25T00:02:44","slug":"mop-convoca-a-comunidad-para-definir-el-nombre-que-tendra-nueva-embarcacion-que-operara-en-el-lago-general-carrera","status":"publish","type":"post","link":"https:\/\/radiorevelacionfm.cl\/?p=66557","title":{"rendered":"MOP convoca a comunidad para definir el nombre que tendr\u00e1 nueva embarcaci\u00f3n que operar\u00e1 en el Lago General Carrera"},"content":{"rendered":"<div class=\"flex_column av_one_full  flex_column_div av-zero-column-padding first  avia-builder-el-0  el_before_av_one_full  avia-builder-el-first  \" style='border-radius:0px; '><div  class='avia-image-container  av-styling-    avia-builder-el-1  avia-builder-el-no-sibling  avia-align-center '  itemprop=\"image\" itemscope=\"itemscope\" itemtype=\"https:\/\/schema.org\/ImageObject\"  ><div class='avia-image-container-inner'><div class='avia-image-overlay-wrap'><img decoding=\"async\" class='wp-image-66558 avia-img-lazy-loading-not-66558 avia_image' src=\"https:\/\/radiorevelacionfm.cl\/wp-content\/uploads\/2026\/04\/image-2-2-1-1.jpg\" alt='' title='image (2) (2) (1) (1)' height=\"600\" width=\"1093\"  itemprop=\"thumbnailUrl\" srcset=\"https:\/\/radiorevelacionfm.cl\/wp-content\/uploads\/2026\/04\/image-2-2-1-1.jpg 1093w, https:\/\/radiorevelacionfm.cl\/wp-content\/uploads\/2026\/04\/image-2-2-1-1-300x165.jpg 300w, https:\/\/radiorevelacionfm.cl\/wp-content\/uploads\/2026\/04\/image-2-2-1-1-1030x565.jpg 1030w, https:\/\/radiorevelacionfm.cl\/wp-content\/uploads\/2026\/04\/image-2-2-1-1-768x422.jpg 768w, https:\/\/radiorevelacionfm.cl\/wp-content\/uploads\/2026\/04\/image-2-2-1-1-705x387.jpg 705w, https:\/\/radiorevelacionfm.cl\/wp-content\/uploads\/2026\/04\/image-2-2-1-1-450x247.jpg 450w, https:\/\/radiorevelacionfm.cl\/wp-content\/uploads\/2026\/04\/image-2-2-1-1-600x329.jpg 600w\" sizes=\"(max-width: 1093px) 100vw, 1093px\" \/><\/div><\/div><\/div><\/div><div class=\"flex_column av_one_full  flex_column_div av-zero-column-padding first  avia-builder-el-2  el_after_av_one_full  el_before_av_one_full  column-top-margin\" style='border-radius:0px; '><section class=\"av_textblock_section \"  itemscope=\"itemscope\" itemtype=\"https:\/\/schema.org\/BlogPosting\" itemprop=\"blogPost\" ><div class='avia_textblock  '   itemprop=\"text\" ><p style=\"text-align: center;\"><strong><span style=\"font-size: 18pt;\">MOP convoca a comunidad para definir el nombre que tendr\u00e1 nueva embarcaci\u00f3n que operar\u00e1 en el Lago General Carrera<\/span><\/strong><\/p>\n<div id=\"gtx-trans\" style=\"position: absolute; left: -50px; top: 4.31534px;\">\n<div class=\"gtx-trans-icon\"><\/div>\n<\/div>\n<\/div><\/section><\/div><div class=\"flex_column av_one_full  flex_column_div av-zero-column-padding first  avia-builder-el-4  el_after_av_one_full  el_before_av_hr  column-top-margin\" style='border-radius:0px; '><section class=\"av_textblock_section \"  itemscope=\"itemscope\" itemtype=\"https:\/\/schema.org\/BlogPosting\" itemprop=\"blogPost\" ><div class='avia_textblock  '   itemprop=\"text\" ><p style=\"text-align: justify;\">La Direcci\u00f3n de Obras Portuarias del Ministerio de Obras P\u00fablicas en la Regi\u00f3n de Ays\u00e9n, inform\u00f3 que se invit\u00f3 a la comunidad a una reuni\u00f3n de participaci\u00f3n ciudadana para escuchar las propuestas de la ciudadan\u00eda y definir conjuntamente el nombre que tendr\u00e1 la nueva embarcaci\u00f3n que operar\u00e1 en el Lago General Carrera para conectar a las comunidades de Chile Chico e Ib\u00e1\u00f1ez, as\u00ed como tambi\u00e9n para comunicarles los detalles del cronograma de trabajo del Dise\u00f1o y Construcci\u00f3n del nuevo transbordador adjudicado al Astillero Ascon LTDA.<\/p>\n<p style=\"text-align: justify;\">Esta reuni\u00f3n se realizar\u00e1 el pr\u00f3ximo lunes 27 de abril, a las 18:30 horas, en el Liceo Luisa Rabanal Palma, ubicado en calle Bernardo O\u00b4Higgins #675, en Chile Chico.<\/p>\n<p style=\"text-align: justify;\"><strong><u>DISE\u00d1O Y CONSTRUCCI\u00d3N DE NAVE <\/u><\/strong><\/p>\n<p style=\"text-align: justify;\">La construcci\u00f3n de la nueva nave tiene \u00a0una inversi\u00f3n de la Direcci\u00f3n de Obras Portuarias del Ministerio de Obras P\u00fablicas de 24 mil millones de pesos, y contar\u00e1 con est\u00e1ndares modernos de dise\u00f1o y operaci\u00f3n; tendr\u00e1 una eslora total aproximada: 82.2 m.; eslora cubierta principal: 72 m.; manga moldeada: 16.8 m.; puntal al costado preliminar: 3.5 m.; velocidad navegaci\u00f3n 13 nudos; capacidad de asientos de pasajeros para 300 personas; capacidad de veh\u00edculos menores: 44 veh\u00edculos en cubierta y\/o capacidad de carga 52 metros lineales.<\/p>\n<p style=\"text-align: justify;\">Actualmente, el contrato de dise\u00f1o y ejecuci\u00f3n de la nave se encuentran ejecutando el hito #1 que es la recepci\u00f3n de planos de la nave aprobados por la Sociedad de Clasificaci\u00f3n del Dise\u00f1o de Ingenier\u00eda B\u00e1sica, planos de arreglo general, planos estructurales y de superestructura de la nave.<\/p>\n<\/div><\/section><\/div><div  style='height:50px' class='hr hr-invisible   avia-builder-el-6  el_after_av_one_full  el_before_av_social_share '><span class='hr-inner ' ><span class='hr-inner-style'><\/span><\/span><\/div><\/p>\n<div  class='av-social-sharing-box  avia-builder-el-7  el_after_av_hr  el_before_av_hr  '><div class='av-share-box'><h5 class='av-share-link-description av-no-toc '>Compartir esta noticia<\/h5><ul class='av-share-box-list noLightbox'><li class='av-share-link av-social-link-facebook' ><a target=\"_blank\" aria-label=\"Compartir en Facebook\" href='https:\/\/www.facebook.com\/sharer.php?u=https:\/\/radiorevelacionfm.cl\/?p=66557&#038;t=MOP%20convoca%20a%20comunidad%20para%20definir%20el%20nombre%20que%20tendr%C3%A1%20nueva%20embarcaci%C3%B3n%20que%20operar%C3%A1%20en%20el%20Lago%20General%20Carrera' aria-hidden='false' data-av_icon='\ue8f3' data-av_iconfont='entypo-fontello' title='' data-avia-related-tooltip='Compartir en Facebook' rel=\"noopener\"><span class='avia_hidden_link_text'>Compartir en Facebook<\/span><\/a><\/li><li class='av-share-link av-social-link-twitter' ><a target=\"_blank\" aria-label=\"Compartir en Twitter\" href='https:\/\/twitter.com\/share?text=MOP%20convoca%20a%20comunidad%20para%20definir%20el%20nombre%20que%20tendr%C3%A1%20nueva%20embarcaci%C3%B3n%20que%20operar%C3%A1%20en%20el%20Lago%20General%20Carrera&#038;url=https:\/\/radiorevelacionfm.cl\/?p=66557' aria-hidden='false' data-av_icon='\ue8f1' data-av_iconfont='entypo-fontello' title='' data-avia-related-tooltip='Compartir en Twitter' rel=\"noopener\"><span class='avia_hidden_link_text'>Compartir en Twitter<\/span><\/a><\/li><li class='av-share-link av-social-link-whatsapp' ><a target=\"_blank\" aria-label=\"Compartir en Whatsapp\" href='https:\/\/api.whatsapp.com\/send?text=https:\/\/radiorevelacionfm.cl\/?p=66557' aria-hidden='false' data-av_icon='\uf232' data-av_iconfont='entypo-fontello' title='' data-avia-related-tooltip='Compartir en Whatsapp' rel=\"noopener\"><span class='avia_hidden_link_text'>Compartir en Whatsapp<\/span><\/a><\/li><li class='av-share-link av-social-link-linkedin' ><a target=\"_blank\" aria-label=\"Compartir en LinkedIn\" href='https:\/\/linkedin.com\/shareArticle?mini=true&#038;title=MOP%20convoca%20a%20comunidad%20para%20definir%20el%20nombre%20que%20tendr%C3%A1%20nueva%20embarcaci%C3%B3n%20que%20operar%C3%A1%20en%20el%20Lago%20General%20Carrera&#038;url=https:\/\/radiorevelacionfm.cl\/?p=66557' aria-hidden='false' data-av_icon='\ue8fc' data-av_iconfont='entypo-fontello' title='' data-avia-related-tooltip='Compartir en LinkedIn' rel=\"noopener\"><span class='avia_hidden_link_text'>Compartir en LinkedIn<\/span><\/a><\/li><li class='av-share-link av-social-link-mail' ><a  aria-label=\"Compartir por correo\" href='mailto:?subject=MOP%20convoca%20a%20comunidad%20para%20definir%20el%20nombre%20que%20tendr%C3%A1%20nueva%20embarcaci%C3%B3n%20que%20operar%C3%A1%20en%20el%20Lago%20General%20Carrera&#038;body=https:\/\/radiorevelacionfm.cl\/?p=66557' aria-hidden='false' data-av_icon='\ue805' data-av_iconfont='entypo-fontello' title='' data-avia-related-tooltip='Compartir por correo'><span class='avia_hidden_link_text'>Compartir por correo<\/span><\/a><\/li><\/ul><\/div><\/div>\n<div  style='height:50px' class='hr hr-invisible   avia-builder-el-8  el_after_av_social_share  el_before_av_comments_list '><span class='hr-inner ' ><span class='hr-inner-style'><\/span><\/span><\/div>\n<div  class='av-buildercomment  av-blog-meta-html-info-disabled av-blog-meta-tag-disabled  '><\/div>\n","protected":false},"excerpt":{"rendered":"","protected":false},"author":1,"featured_media":66558,"comment_status":"closed","ping_status":"closed","sticky":false,"template":"","format":"standard","meta":{"footnotes":""},"categories":[38],"tags":[],"class_list":["post-66557","post","type-post","status-publish","format-standard","has-post-thumbnail","hentry","category-regional"],"jetpack_featured_media_url":"https:\/\/radiorevelacionfm.cl\/wp-content\/uploads\/2026\/04\/image-2-2-1-1.jpg","_links":{"self":[{"href":"https:\/\/radiorevelacionfm.cl\/index.php?rest_route=\/wp\/v2\/posts\/66557","targetHints":{"allow":["GET"]}}],"collection":[{"href":"https:\/\/radiorevelacionfm.cl\/index.php?rest_route=\/wp\/v2\/posts"}],"about":[{"href":"https:\/\/radiorevelacionfm.cl\/index.php?rest_route=\/wp\/v2\/types\/post"}],"author":[{"embeddable":true,"href":"https:\/\/radiorevelacionfm.cl\/index.php?rest_route=\/wp\/v2\/users\/1"}],"replies":[{"embeddable":true,"href":"https:\/\/radiorevelacionfm.cl\/index.php?rest_route=%2Fwp%2Fv2%2Fcomments&post=66557"}],"version-history":[{"count":2,"href":"https:\/\/radiorevelacionfm.cl\/index.php?rest_route=\/wp\/v2\/posts\/66557\/revisions"}],"predecessor-version":[{"id":66566,"href":"https:\/\/radiorevelacionfm.cl\/index.php?rest_route=\/wp\/v2\/posts\/66557\/revisions\/66566"}],"wp:featuredmedia":[{"embeddable":true,"href":"https:\/\/radiorevelacionfm.cl\/index.php?rest_route=\/wp\/v2\/media\/66558"}],"wp:attachment":[{"href":"https:\/\/radiorevelacionfm.cl\/index.php?rest_route=%2Fwp%2Fv2%2Fmedia&parent=66557"}],"wp:term":[{"taxonomy":"category","embeddable":true,"href":"https:\/\/radiorevelacionfm.cl\/index.php?rest_route=%2Fwp%2Fv2%2Fcategories&post=66557"},{"taxonomy":"post_tag","embeddable":true,"href":"https:\/\/radiorevelacionfm.cl\/index.php?rest_route=%2Fwp%2Fv2%2Ftags&post=66557"}],"curies":[{"name":"wp","href":"https:\/\/api.w.org\/{rel}","templated":true}]}}