{"id":66553,"date":"2026-04-24T18:51:44","date_gmt":"2026-04-24T21:51:44","guid":{"rendered":"https:\/\/radiorevelacionfm.cl\/?p=66553"},"modified":"2026-04-24T18:51:44","modified_gmt":"2026-04-24T21:51:44","slug":"tribunal-de-coyhaique-condena-a-autores-de-microtrafico-de-ketamina","status":"publish","type":"post","link":"https:\/\/radiorevelacionfm.cl\/?p=66553","title":{"rendered":"Tribunal de Coyhaique condena a autores de microtr\u00e1fico de ketamina"},"content":{"rendered":"<div class=\"flex_column av_one_full  flex_column_div av-zero-column-padding first  avia-builder-el-0  el_before_av_one_full  avia-builder-el-first  \" style='border-radius:0px; '><div  class='avia-image-container  av-styling-    avia-builder-el-1  avia-builder-el-no-sibling  avia-align-center '  itemprop=\"image\" itemscope=\"itemscope\" itemtype=\"https:\/\/schema.org\/ImageObject\"  ><div class='avia-image-container-inner'><div class='avia-image-overlay-wrap'><img decoding=\"async\" class='wp-image-13477 avia-img-lazy-loading-not-13477 avia_image' src=\"https:\/\/radiorevelacionfm.cl\/wp-content\/uploads\/2022\/02\/foto-1-top-4-1_optimized.jpg\" alt='' title='foto-1-top-4-1_optimized' height=\"573\" width=\"860\"  itemprop=\"thumbnailUrl\" srcset=\"https:\/\/radiorevelacionfm.cl\/wp-content\/uploads\/2022\/02\/foto-1-top-4-1_optimized.jpg 860w, https:\/\/radiorevelacionfm.cl\/wp-content\/uploads\/2022\/02\/foto-1-top-4-1_optimized-300x200.jpg 300w, https:\/\/radiorevelacionfm.cl\/wp-content\/uploads\/2022\/02\/foto-1-top-4-1_optimized-768x512.jpg 768w, https:\/\/radiorevelacionfm.cl\/wp-content\/uploads\/2022\/02\/foto-1-top-4-1_optimized-705x470.jpg 705w, https:\/\/radiorevelacionfm.cl\/wp-content\/uploads\/2022\/02\/foto-1-top-4-1_optimized-600x400.jpg 600w\" sizes=\"(max-width: 860px) 100vw, 860px\" \/><\/div><\/div><\/div><\/div><div class=\"flex_column av_one_full  flex_column_div av-zero-column-padding first  avia-builder-el-2  el_after_av_one_full  el_before_av_one_full  column-top-margin\" style='border-radius:0px; '><section class=\"av_textblock_section \"  itemscope=\"itemscope\" itemtype=\"https:\/\/schema.org\/BlogPosting\" itemprop=\"blogPost\" ><div class='avia_textblock  '   itemprop=\"text\" ><p style=\"text-align: center;\"><strong><span style=\"font-size: 18pt;\">Tribunal de Coyhaique condena a autores de microtr\u00e1fico de ketamina<\/span><\/strong><\/p>\n<div id=\"gtx-trans\" style=\"position: absolute; left: -50px; top: 4.31534px;\">\n<div class=\"gtx-trans-icon\"><\/div>\n<\/div>\n<\/div><\/section><\/div><div class=\"flex_column av_one_full  flex_column_div av-zero-column-padding first  avia-builder-el-4  el_after_av_one_full  el_before_av_hr  column-top-margin\" style='border-radius:0px; '><section class=\"av_textblock_section \"  itemscope=\"itemscope\" itemtype=\"https:\/\/schema.org\/BlogPosting\" itemprop=\"blogPost\" ><div class='avia_textblock  '   itemprop=\"text\" ><p style=\"font-weight: 400; text-align: justify;\">El Tribunal de Juicio Oral en lo Penal de Coyhaique conden\u00f3 a Leandro Felipe Mora V\u00e1squez y Dami\u00e1n Antonio Bulnes Chacano a 3 a\u00f1os y un d\u00eda de presidio efectivo, accesorias legales de inhabilitaci\u00f3n absoluta perpetua para derechos pol\u00edticos y la inhabilitaci\u00f3n absoluta para cargos y oficios p\u00fablicos durante el tiempo de las condenas; m\u00e1s el pago de una multa de 10 UTM cada uno, en calidad de autores del delito consumado de tr\u00e1fico de drogas en peque\u00f1as cantidades. Il\u00edcito perpetrado en agosto de 2025, en la comuna.<\/p>\n<p style=\"font-weight: 400; text-align: justify;\">En fallo un\u00e1nime (causa rol 17-2026), el tribunal \u2013integrado por los magistrados M\u00f3nica Coloma (presidenta), Bel\u00e9n Arancibia y Carlos Astudillo (redactor)\u2013 conden\u00f3 a los acusados Boris Daniel Mansilla Run\u00edn y Luis Felipe Espinoza Rogel a 541 d\u00edas de reclusi\u00f3n, penas sustituidas por la de libertad vigilada por igual lapso, accesoria de suspensi\u00f3n de cargo u oficio p\u00fablico durante el tiempo de las condena y multa de 10 UTM cada uno, como coautores del delito.<\/p>\n<p style=\"font-weight: 400; text-align: justify;\">Una vez que el fallo quede ejecutoriado, el tribunal dispuso que se proceda a la toma de muestras biol\u00f3gicas de los sentenciados para determinar sus respectivas huellas gen\u00e9ticas e incorporaci\u00f3n en el registro nacional de ADN de condenados. Asimismo, se decret\u00f3 el comiso del veh\u00edculo incautado en el procedimiento policial.<\/p>\n<p style=\"font-weight: 400; text-align: justify;\">En la causa, el tribunal decret\u00f3 la absoluci\u00f3n de Franco Aurelio B\u00f3rquez Caro, al no lograr la fiscal\u00eda probar la acusaci\u00f3n fiscal que lo hac\u00eda corresponsable del delito de tr\u00e1fico de drogas.<\/p>\n<p style=\"font-weight: 400; text-align: justify;\">El tribunal dio por acreditado, m\u00e1s all\u00e1 de toda duda razonable, que alrededor de la una de la madrugada del 29 de agosto de 2025, \u201c(\u2026) los acusados Dami\u00e1n Antonio Bulnes Chacano, Leandro Felipe Mora V\u00e1squez, Luis Felipe Espinoza Rogel y Boris Daniel Mansilla Run\u00edn se desplazaban a bordo del veh\u00edculo color gris, patente JGSK-21, conducido por el primero de ellos, por calle Los \u00c1lamos a la altura del Nro. 1035 de la comuna de Coyhaique. En ese lugar, aborda el veh\u00edculo antes se\u00f1alado el acusado Franco Aurelio B\u00f3rquez Caro cuando, en ese momento, personal de Carabineros intent\u00f3 fiscalizar dicho m\u00f3vil.<\/p>\n<p style=\"font-weight: 400; text-align: justify;\">Que el conductor no obedeci\u00f3 dicha orden y huy\u00f3 por diversas calles de la ciudad, hasta que el veh\u00edculo termin\u00f3 su desplazamiento en calle R\u00edo Coyhaique, frente al Nro. 544, luego de colisionar con otro autom\u00f3vil.<\/p>\n<p style=\"font-weight: 400; text-align: justify;\">Que, una vez all\u00ed, se constat\u00f3 en el sector del asiento del copiloto, panel, piso y puerta del costado correspondiente, la presencia de una sustancia en polvo color rosado, esparcida en dicho habit\u00e1culo, la que, sometida posteriormente a an\u00e1lisis qu\u00edmico, result\u00f3 ser ketamina, con un peso neto total de 18,86 gramos.<\/p>\n<p style=\"font-weight: 400; text-align: justify;\">Que, asimismo, en el interior del veh\u00edculo fueron halladas setenta bolsas peque\u00f1as transparentes tipo Ziploc y cinco tel\u00e9fonos celulares, dos de ellos entregados por imputados y tres encontrados al interior del m\u00f3vil, sin que respecto de estos \u00faltimos se estableciera reconocimiento de dominio por alguno de los ocupantes\u201d.<\/p>\n<\/div><\/section><\/div><div  style='height:50px' class='hr hr-invisible   avia-builder-el-6  el_after_av_one_full  el_before_av_social_share '><span class='hr-inner ' ><span class='hr-inner-style'><\/span><\/span><\/div><\/p>\n<div  class='av-social-sharing-box  avia-builder-el-7  el_after_av_hr  el_before_av_hr  '><div class='av-share-box'><h5 class='av-share-link-description av-no-toc '>Compartir esta noticia<\/h5><ul class='av-share-box-list noLightbox'><li class='av-share-link av-social-link-facebook' ><a target=\"_blank\" aria-label=\"Compartir en Facebook\" href='https:\/\/www.facebook.com\/sharer.php?u=https:\/\/radiorevelacionfm.cl\/?p=66553&#038;t=Tribunal%20de%20Coyhaique%20condena%20a%20autores%20de%20microtr%C3%A1fico%20de%20ketamina' aria-hidden='false' data-av_icon='\ue8f3' data-av_iconfont='entypo-fontello' title='' data-avia-related-tooltip='Compartir en Facebook' rel=\"noopener\"><span class='avia_hidden_link_text'>Compartir en Facebook<\/span><\/a><\/li><li class='av-share-link av-social-link-twitter' ><a target=\"_blank\" aria-label=\"Compartir en Twitter\" href='https:\/\/twitter.com\/share?text=Tribunal%20de%20Coyhaique%20condena%20a%20autores%20de%20microtr%C3%A1fico%20de%20ketamina&#038;url=https:\/\/radiorevelacionfm.cl\/?p=66553' aria-hidden='false' data-av_icon='\ue8f1' data-av_iconfont='entypo-fontello' title='' data-avia-related-tooltip='Compartir en Twitter' rel=\"noopener\"><span class='avia_hidden_link_text'>Compartir en Twitter<\/span><\/a><\/li><li class='av-share-link av-social-link-whatsapp' ><a target=\"_blank\" aria-label=\"Compartir en Whatsapp\" href='https:\/\/api.whatsapp.com\/send?text=https:\/\/radiorevelacionfm.cl\/?p=66553' aria-hidden='false' data-av_icon='\uf232' data-av_iconfont='entypo-fontello' title='' data-avia-related-tooltip='Compartir en Whatsapp' rel=\"noopener\"><span class='avia_hidden_link_text'>Compartir en Whatsapp<\/span><\/a><\/li><li class='av-share-link av-social-link-linkedin' ><a target=\"_blank\" aria-label=\"Compartir en LinkedIn\" href='https:\/\/linkedin.com\/shareArticle?mini=true&#038;title=Tribunal%20de%20Coyhaique%20condena%20a%20autores%20de%20microtr%C3%A1fico%20de%20ketamina&#038;url=https:\/\/radiorevelacionfm.cl\/?p=66553' aria-hidden='false' data-av_icon='\ue8fc' data-av_iconfont='entypo-fontello' title='' data-avia-related-tooltip='Compartir en LinkedIn' rel=\"noopener\"><span class='avia_hidden_link_text'>Compartir en LinkedIn<\/span><\/a><\/li><li class='av-share-link av-social-link-mail' ><a  aria-label=\"Compartir por correo\" href='mailto:?subject=Tribunal%20de%20Coyhaique%20condena%20a%20autores%20de%20microtr%C3%A1fico%20de%20ketamina&#038;body=https:\/\/radiorevelacionfm.cl\/?p=66553' aria-hidden='false' data-av_icon='\ue805' data-av_iconfont='entypo-fontello' title='' data-avia-related-tooltip='Compartir por correo'><span class='avia_hidden_link_text'>Compartir por correo<\/span><\/a><\/li><\/ul><\/div><\/div>\n<div  style='height:50px' class='hr hr-invisible   avia-builder-el-8  el_after_av_social_share  el_before_av_comments_list '><span class='hr-inner ' ><span class='hr-inner-style'><\/span><\/span><\/div>\n<div  class='av-buildercomment  av-blog-meta-html-info-disabled av-blog-meta-tag-disabled  '><\/div>\n","protected":false},"excerpt":{"rendered":"","protected":false},"author":1,"featured_media":13477,"comment_status":"closed","ping_status":"closed","sticky":false,"template":"","format":"standard","meta":{"footnotes":""},"categories":[55],"tags":[],"class_list":["post-66553","post","type-post","status-publish","format-standard","has-post-thumbnail","hentry","category-justicia"],"jetpack_featured_media_url":"https:\/\/radiorevelacionfm.cl\/wp-content\/uploads\/2022\/02\/foto-1-top-4-1_optimized.jpg","_links":{"self":[{"href":"https:\/\/radiorevelacionfm.cl\/index.php?rest_route=\/wp\/v2\/posts\/66553","targetHints":{"allow":["GET"]}}],"collection":[{"href":"https:\/\/radiorevelacionfm.cl\/index.php?rest_route=\/wp\/v2\/posts"}],"about":[{"href":"https:\/\/radiorevelacionfm.cl\/index.php?rest_route=\/wp\/v2\/types\/post"}],"author":[{"embeddable":true,"href":"https:\/\/radiorevelacionfm.cl\/index.php?rest_route=\/wp\/v2\/users\/1"}],"replies":[{"embeddable":true,"href":"https:\/\/radiorevelacionfm.cl\/index.php?rest_route=%2Fwp%2Fv2%2Fcomments&post=66553"}],"version-history":[{"count":2,"href":"https:\/\/radiorevelacionfm.cl\/index.php?rest_route=\/wp\/v2\/posts\/66553\/revisions"}],"predecessor-version":[{"id":66561,"href":"https:\/\/radiorevelacionfm.cl\/index.php?rest_route=\/wp\/v2\/posts\/66553\/revisions\/66561"}],"wp:featuredmedia":[{"embeddable":true,"href":"https:\/\/radiorevelacionfm.cl\/index.php?rest_route=\/wp\/v2\/media\/13477"}],"wp:attachment":[{"href":"https:\/\/radiorevelacionfm.cl\/index.php?rest_route=%2Fwp%2Fv2%2Fmedia&parent=66553"}],"wp:term":[{"taxonomy":"category","embeddable":true,"href":"https:\/\/radiorevelacionfm.cl\/index.php?rest_route=%2Fwp%2Fv2%2Fcategories&post=66553"},{"taxonomy":"post_tag","embeddable":true,"href":"https:\/\/radiorevelacionfm.cl\/index.php?rest_route=%2Fwp%2Fv2%2Ftags&post=66553"}],"curies":[{"name":"wp","href":"https:\/\/api.w.org\/{rel}","templated":true}]}}