{"id":66550,"date":"2026-04-24T17:17:43","date_gmt":"2026-04-24T20:17:43","guid":{"rendered":"https:\/\/radiorevelacionfm.cl\/?p=66550"},"modified":"2026-04-24T17:17:43","modified_gmt":"2026-04-24T20:17:43","slug":"inician-entrega-anticipada-de-lena-300-metros-disponibles-para-comunidades-de-isla-huichas","status":"publish","type":"post","link":"https:\/\/radiorevelacionfm.cl\/?p=66550","title":{"rendered":"Inician entrega anticipada de le\u00f1a: 300 metros disponibles para comunidades de Isla Huichas"},"content":{"rendered":"<div class=\"flex_column av_one_full  flex_column_div av-zero-column-padding first  avia-builder-el-0  el_before_av_one_full  avia-builder-el-first  \" style='border-radius:0px; '><div  class='avia-image-container  av-styling-    avia-builder-el-1  avia-builder-el-no-sibling  avia-align-center '  itemprop=\"image\" itemscope=\"itemscope\" itemtype=\"https:\/\/schema.org\/ImageObject\"  ><div class='avia-image-container-inner'><div class='avia-image-overlay-wrap'><img decoding=\"async\" class='wp-image-66551 avia-img-lazy-loading-not-66551 avia_image' src=\"https:\/\/radiorevelacionfm.cl\/wp-content\/uploads\/2026\/04\/6-3-1-2_optimized-1_optimized-1.jpg\" alt='' title='6-(3)-(1)-(2)_optimized-(1)_optimized (1)' height=\"600\" width=\"1067\"  itemprop=\"thumbnailUrl\" srcset=\"https:\/\/radiorevelacionfm.cl\/wp-content\/uploads\/2026\/04\/6-3-1-2_optimized-1_optimized-1.jpg 1067w, https:\/\/radiorevelacionfm.cl\/wp-content\/uploads\/2026\/04\/6-3-1-2_optimized-1_optimized-1-300x169.jpg 300w, https:\/\/radiorevelacionfm.cl\/wp-content\/uploads\/2026\/04\/6-3-1-2_optimized-1_optimized-1-1030x579.jpg 1030w, https:\/\/radiorevelacionfm.cl\/wp-content\/uploads\/2026\/04\/6-3-1-2_optimized-1_optimized-1-768x432.jpg 768w, https:\/\/radiorevelacionfm.cl\/wp-content\/uploads\/2026\/04\/6-3-1-2_optimized-1_optimized-1-705x396.jpg 705w, https:\/\/radiorevelacionfm.cl\/wp-content\/uploads\/2026\/04\/6-3-1-2_optimized-1_optimized-1-450x253.jpg 450w, https:\/\/radiorevelacionfm.cl\/wp-content\/uploads\/2026\/04\/6-3-1-2_optimized-1_optimized-1-600x337.jpg 600w\" sizes=\"(max-width: 1067px) 100vw, 1067px\" \/><\/div><\/div><\/div><\/div><div class=\"flex_column av_one_full  flex_column_div av-zero-column-padding first  avia-builder-el-2  el_after_av_one_full  el_before_av_one_full  column-top-margin\" style='border-radius:0px; '><section class=\"av_textblock_section \"  itemscope=\"itemscope\" itemtype=\"https:\/\/schema.org\/BlogPosting\" itemprop=\"blogPost\" ><div class='avia_textblock  '   itemprop=\"text\" ><p style=\"text-align: center;\"><strong><span style=\"font-size: 18pt;\">Inician entrega anticipada de le\u00f1a: 300 metros disponibles para comunidades de Isla Huichas <\/span><\/strong><\/p>\n<div id=\"gtx-trans\" style=\"position: absolute; left: -50px; top: 4.31534px;\">\n<div class=\"gtx-trans-icon\"><\/div>\n<\/div>\n<\/div><\/section><\/div><div class=\"flex_column av_one_full  flex_column_div av-zero-column-padding first  avia-builder-el-4  el_after_av_one_full  el_before_av_hr  column-top-margin\" style='border-radius:0px; '><section class=\"av_textblock_section \"  itemscope=\"itemscope\" itemtype=\"https:\/\/schema.org\/BlogPosting\" itemprop=\"blogPost\" ><div class='avia_textblock  '   itemprop=\"text\" ><p style=\"text-align: justify;\"><em>El alcalde de Ays\u00e9n, Luis Mart\u00ednez, anunci\u00f3 que la distribuci\u00f3n comenzar\u00e1 la pr\u00f3xima semana en Isla Huichas. Este a\u00f1o se exigir\u00e1 un informe social por cada beneficiario.\u00a0 <\/em><\/p>\n<p style=\"text-align: justify;\">Con el objetivo de enfrentar la temporada invernal con mayores garant\u00edas, el alcalde de Puerto Ays\u00e9n, Luis Mart\u00ednez, confirm\u00f3 el inicio de la entrega de le\u00f1a en distintos puntos de la comuna, priorizando localidades aisladas como Islas Huichas. En un trabajo coordinado con la Seremi de Agricultura y CONAF, se distribuir\u00e1n 300 metros c\u00fabicos provenientes de programas anteriores.<\/p>\n<p style=\"text-align: justify;\">\u201cVamos a tratar de empezar esta entrega lo antes posible, ya que tenemos que partir la pr\u00f3xima semana primeramente en Islas Huichas y poder entregar en un plazo acotado la cantidad de metros que est\u00e9n disponibles\u201d, se\u00f1al\u00f3 el alcalde Luis Mart\u00ednez durante la firma del convenio. La cobertura incluir\u00e1 sectores como Villa Ma\u00f1ihuales, Puerto Aguirre, Puerto Chacabuco y la propia capital comunal.<\/p>\n<p style=\"text-align: justify;\">Por su parte, Marcela Pi\u00f1ones, directora regional de CONAF, destac\u00f3 que el organismo, dependiente del Ministerio de Agricultura, sigue facilitando los aspectos administrativos para agilizar las entregas. \u201cRecordemos que esta le\u00f1a es un producto m\u00e1s de lo que estamos entregando a la comunidad en el marco de un programa financiado por el Gobierno Regional de Ays\u00e9n y su Consejo\u201d.<\/p>\n<p style=\"text-align: justify;\">La directora precis\u00f3 que el beneficio no se limita a Puerto Ays\u00e9n, sino que abarca las comunas de Cochrane, Chile Chico, Coyhaique, Tortel y Villa O\u2019Higgins, y valor\u00f3 la firma del convenio: \u201cYa firmamos con Cochrane, firmamos con Chile Chico y ahora con Puerto Ays\u00e9n\u201d. Adem\u00e1s, aclar\u00f3 que los 300 metros los est\u00e1 coordinando el municipio con recursos propios, ya que los programas vigentes a\u00fan no comienzan.<\/p>\n<p style=\"text-align: justify;\">El seremi de Agricultura, Yordy Cea Espa\u00f1a, reforz\u00f3 el compromiso del gobierno del presidente Jos\u00e9 Antonio Kast de dar celeridad al apoyo comunitario. \u201cHemos querido adelantar un poquito la entrada en vigencia de este programa, entendiendo que el invierno puede venir un poco m\u00e1s complejo\u201d, explic\u00f3. Cea Espa\u00f1a destac\u00f3 que las entregas comenzar\u00e1n en mayo y no en junio como es habitual, y que se aumentar\u00e1 la cantidad de metros disponibles, utilizando le\u00f1a elaborada la temporada anterior, con un porcentaje de humedad inferior al 20%, lo que garantiza un producto seco y de mejor calidad. \u201cTenemos bastante lluvia y por eso adelantamos la entrega\u201d, sentenci\u00f3 la autoridad del agro.<\/p>\n<\/div><\/section><\/div><div  style='height:50px' class='hr hr-invisible   avia-builder-el-6  el_after_av_one_full  el_before_av_social_share '><span class='hr-inner ' ><span class='hr-inner-style'><\/span><\/span><\/div><\/p>\n<div  class='av-social-sharing-box  avia-builder-el-7  el_after_av_hr  el_before_av_hr  '><div class='av-share-box'><h5 class='av-share-link-description av-no-toc '>Compartir esta noticia<\/h5><ul class='av-share-box-list noLightbox'><li class='av-share-link av-social-link-facebook' ><a target=\"_blank\" aria-label=\"Compartir en Facebook\" href='https:\/\/www.facebook.com\/sharer.php?u=https:\/\/radiorevelacionfm.cl\/?p=66550&#038;t=Inician%20entrega%20anticipada%20de%20le%C3%B1a%3A%20300%20metros%20disponibles%20para%20comunidades%20de%20Isla%20Huichas' aria-hidden='false' data-av_icon='\ue8f3' data-av_iconfont='entypo-fontello' title='' data-avia-related-tooltip='Compartir en Facebook' rel=\"noopener\"><span class='avia_hidden_link_text'>Compartir en Facebook<\/span><\/a><\/li><li class='av-share-link av-social-link-twitter' ><a target=\"_blank\" aria-label=\"Compartir en Twitter\" href='https:\/\/twitter.com\/share?text=Inician%20entrega%20anticipada%20de%20le%C3%B1a%3A%20300%20metros%20disponibles%20para%20comunidades%20de%20Isla%20Huichas&#038;url=https:\/\/radiorevelacionfm.cl\/?p=66550' aria-hidden='false' data-av_icon='\ue8f1' data-av_iconfont='entypo-fontello' title='' data-avia-related-tooltip='Compartir en Twitter' rel=\"noopener\"><span class='avia_hidden_link_text'>Compartir en Twitter<\/span><\/a><\/li><li class='av-share-link av-social-link-whatsapp' ><a target=\"_blank\" aria-label=\"Compartir en Whatsapp\" href='https:\/\/api.whatsapp.com\/send?text=https:\/\/radiorevelacionfm.cl\/?p=66550' aria-hidden='false' data-av_icon='\uf232' data-av_iconfont='entypo-fontello' title='' data-avia-related-tooltip='Compartir en Whatsapp' rel=\"noopener\"><span class='avia_hidden_link_text'>Compartir en Whatsapp<\/span><\/a><\/li><li class='av-share-link av-social-link-linkedin' ><a target=\"_blank\" aria-label=\"Compartir en LinkedIn\" href='https:\/\/linkedin.com\/shareArticle?mini=true&#038;title=Inician%20entrega%20anticipada%20de%20le%C3%B1a%3A%20300%20metros%20disponibles%20para%20comunidades%20de%20Isla%20Huichas&#038;url=https:\/\/radiorevelacionfm.cl\/?p=66550' aria-hidden='false' data-av_icon='\ue8fc' data-av_iconfont='entypo-fontello' title='' data-avia-related-tooltip='Compartir en LinkedIn' rel=\"noopener\"><span class='avia_hidden_link_text'>Compartir en LinkedIn<\/span><\/a><\/li><li class='av-share-link av-social-link-mail' ><a  aria-label=\"Compartir por correo\" href='mailto:?subject=Inician%20entrega%20anticipada%20de%20le%C3%B1a%3A%20300%20metros%20disponibles%20para%20comunidades%20de%20Isla%20Huichas&#038;body=https:\/\/radiorevelacionfm.cl\/?p=66550' aria-hidden='false' data-av_icon='\ue805' data-av_iconfont='entypo-fontello' title='' data-avia-related-tooltip='Compartir por correo'><span class='avia_hidden_link_text'>Compartir por correo<\/span><\/a><\/li><\/ul><\/div><\/div>\n<div  style='height:50px' class='hr hr-invisible   avia-builder-el-8  el_after_av_social_share  el_before_av_comments_list '><span class='hr-inner ' ><span class='hr-inner-style'><\/span><\/span><\/div>\n<div  class='av-buildercomment  av-blog-meta-html-info-disabled av-blog-meta-tag-disabled  '><\/div>\n","protected":false},"excerpt":{"rendered":"","protected":false},"author":1,"featured_media":66551,"comment_status":"closed","ping_status":"closed","sticky":false,"template":"","format":"standard","meta":{"footnotes":""},"categories":[38],"tags":[],"class_list":["post-66550","post","type-post","status-publish","format-standard","has-post-thumbnail","hentry","category-regional"],"jetpack_featured_media_url":"https:\/\/radiorevelacionfm.cl\/wp-content\/uploads\/2026\/04\/6-3-1-2_optimized-1_optimized-1.jpg","_links":{"self":[{"href":"https:\/\/radiorevelacionfm.cl\/index.php?rest_route=\/wp\/v2\/posts\/66550","targetHints":{"allow":["GET"]}}],"collection":[{"href":"https:\/\/radiorevelacionfm.cl\/index.php?rest_route=\/wp\/v2\/posts"}],"about":[{"href":"https:\/\/radiorevelacionfm.cl\/index.php?rest_route=\/wp\/v2\/types\/post"}],"author":[{"embeddable":true,"href":"https:\/\/radiorevelacionfm.cl\/index.php?rest_route=\/wp\/v2\/users\/1"}],"replies":[{"embeddable":true,"href":"https:\/\/radiorevelacionfm.cl\/index.php?rest_route=%2Fwp%2Fv2%2Fcomments&post=66550"}],"version-history":[{"count":2,"href":"https:\/\/radiorevelacionfm.cl\/index.php?rest_route=\/wp\/v2\/posts\/66550\/revisions"}],"predecessor-version":[{"id":66560,"href":"https:\/\/radiorevelacionfm.cl\/index.php?rest_route=\/wp\/v2\/posts\/66550\/revisions\/66560"}],"wp:featuredmedia":[{"embeddable":true,"href":"https:\/\/radiorevelacionfm.cl\/index.php?rest_route=\/wp\/v2\/media\/66551"}],"wp:attachment":[{"href":"https:\/\/radiorevelacionfm.cl\/index.php?rest_route=%2Fwp%2Fv2%2Fmedia&parent=66550"}],"wp:term":[{"taxonomy":"category","embeddable":true,"href":"https:\/\/radiorevelacionfm.cl\/index.php?rest_route=%2Fwp%2Fv2%2Fcategories&post=66550"},{"taxonomy":"post_tag","embeddable":true,"href":"https:\/\/radiorevelacionfm.cl\/index.php?rest_route=%2Fwp%2Fv2%2Ftags&post=66550"}],"curies":[{"name":"wp","href":"https:\/\/api.w.org\/{rel}","templated":true}]}}