{"id":66542,"date":"2026-04-25T15:02:17","date_gmt":"2026-04-25T18:02:17","guid":{"rendered":"https:\/\/radiorevelacionfm.cl\/?p=66542"},"modified":"2026-04-25T15:02:17","modified_gmt":"2026-04-25T18:02:17","slug":"la-comuna-de-aysen-conoce-las-40-medidas-del-plan-de-reconstruccion-nacional","status":"publish","type":"post","link":"https:\/\/radiorevelacionfm.cl\/?p=66542","title":{"rendered":"La comuna de Ays\u00e9n conoce las 40 medidas del Plan de Reconstrucci\u00f3n Nacional"},"content":{"rendered":"<div class=\"flex_column av_one_full  flex_column_div av-zero-column-padding first  avia-builder-el-0  el_before_av_one_full  avia-builder-el-first  \" style='border-radius:0px; '><div  class='avia-image-container  av-styling-    avia-builder-el-1  avia-builder-el-no-sibling  avia-align-center '  itemprop=\"image\" itemscope=\"itemscope\" itemtype=\"https:\/\/schema.org\/ImageObject\"  ><div class='avia-image-container-inner'><div class='avia-image-overlay-wrap'><img decoding=\"async\" class='wp-image-66543 avia-img-lazy-loading-not-66543 avia_image' src=\"https:\/\/radiorevelacionfm.cl\/wp-content\/uploads\/2026\/04\/foto-1-2026-04-24t154802_optimized.486-1.jpg\" alt='' title='foto-1 - -2026-04-24t154802_optimized.486-(1)' height=\"600\" width=\"800\"  itemprop=\"thumbnailUrl\" srcset=\"https:\/\/radiorevelacionfm.cl\/wp-content\/uploads\/2026\/04\/foto-1-2026-04-24t154802_optimized.486-1.jpg 800w, https:\/\/radiorevelacionfm.cl\/wp-content\/uploads\/2026\/04\/foto-1-2026-04-24t154802_optimized.486-1-300x225.jpg 300w, https:\/\/radiorevelacionfm.cl\/wp-content\/uploads\/2026\/04\/foto-1-2026-04-24t154802_optimized.486-1-768x576.jpg 768w, https:\/\/radiorevelacionfm.cl\/wp-content\/uploads\/2026\/04\/foto-1-2026-04-24t154802_optimized.486-1-705x529.jpg 705w, https:\/\/radiorevelacionfm.cl\/wp-content\/uploads\/2026\/04\/foto-1-2026-04-24t154802_optimized.486-1-450x338.jpg 450w, https:\/\/radiorevelacionfm.cl\/wp-content\/uploads\/2026\/04\/foto-1-2026-04-24t154802_optimized.486-1-600x450.jpg 600w\" sizes=\"(max-width: 800px) 100vw, 800px\" \/><\/div><\/div><\/div><\/div><div class=\"flex_column av_one_full  flex_column_div av-zero-column-padding first  avia-builder-el-2  el_after_av_one_full  el_before_av_one_full  column-top-margin\" style='border-radius:0px; '><section class=\"av_textblock_section \"  itemscope=\"itemscope\" itemtype=\"https:\/\/schema.org\/BlogPosting\" itemprop=\"blogPost\" ><div class='avia_textblock  '   itemprop=\"text\" ><p style=\"text-align: center;\"><strong><span style=\"font-size: 18pt;\">La comuna de Ays\u00e9n conoce las 40 medidas del Plan de Reconstrucci\u00f3n Nacional\u00a0<\/span><\/strong><\/p>\n<div id=\"gtx-trans\" style=\"position: absolute; left: -50px; top: 4.31534px;\">\n<div class=\"gtx-trans-icon\"><\/div>\n<\/div>\n<\/div><\/section><\/div><div class=\"flex_column av_one_full  flex_column_div av-zero-column-padding first  avia-builder-el-4  el_after_av_one_full  el_before_av_hr  column-top-margin\" style='border-radius:0px; '><section class=\"av_textblock_section \"  itemscope=\"itemscope\" itemtype=\"https:\/\/schema.org\/BlogPosting\" itemprop=\"blogPost\" ><div class='avia_textblock  '   itemprop=\"text\" ><p style=\"text-align: justify;\">Esta semana el Delegado Presidencial Provincial de Ays\u00e9n, se reuni\u00f3 con juntas de vecinos, clubes de adulto mayor, organizaciones funcionales y habitantes de la comuna de Ays\u00e9n para conversar temas atingentes para toda la comunidad.<\/p>\n<p style=\"text-align: justify;\">La actividad se enmarc\u00f3 en entregar informaci\u00f3n a la comunidad de Ays\u00e9n, sobre el proyecto de ley \u201cPlan de Reconstrucci\u00f3n Nacional\u201d que impulsa el Presidente Jos\u00e9 Antonio Kast, el cual ingres\u00f3 este mi\u00e9rcoles 22 de abril al parlamento, para ser aprobado en las respectivas c\u00e1maras.<\/p>\n<p style=\"text-align: justify;\">Adem\u00e1s, y aprovechando la convocatoria; se les entreg\u00f3 informaci\u00f3n a los adultos mayores de la apertura de fondos de SENAMA, que ya se encuentra en vigencia.<\/p>\n<p style=\"text-align: justify;\">El Delegado Presidencial Provincial de Ays\u00e9n, Eligio Montecinos Araya, afirm\u00f3 que, \u201cestamos contentos de las 40 medidas que promueve nuestro Presidente, pues necesitamos avanzar en tem\u00e1ticas que son relevantes en diversas situaciones que nos preocupan, y que nos mantendremos ocupados en la gesti\u00f3n. Pero adem\u00e1s es relevante mencionarle a la comunidad las medidas que el mandatario lleva a cabo para ser aprobadas en el congreso, particularmente la exenci\u00f3n del pago de contribuciones a los mayores de 65 a\u00f1os, la cual es una medida importante que debemos impulsar, que esperamos sean anunciadas como reales y efectivas tan pronto como sea posible\u201d.<\/p>\n<p style=\"text-align: justify;\">Adem\u00e1s, mencion\u00f3 que, \u201cseguiremos conversando con nuestra comunidad, nos desplazaremos por toda la provincia para llegar a cada rinc\u00f3n, como nos instruy\u00f3 nuestro Presidente Jos\u00e9 Antonio Kast. La importancia de estar en terreno con la gente; y de escuchar en primera l\u00ednea lo que ocurre y necesitan, \u00a0para brindarle una soluci\u00f3n a cada uno de los habitantes de nuestro pa\u00eds y de nuestra Provincia\u201d.<\/p>\n<p style=\"text-align: justify;\">La actividad finaliz\u00f3 con una alta convocatoria, donde se gener\u00f3 un espacio de preguntas y adem\u00e1s pudieron reflexionar entre todos sobre las nuevas medidas del Gobierno de Chile.<\/p>\n<\/div><\/section><\/div><div  style='height:50px' class='hr hr-invisible   avia-builder-el-6  el_after_av_one_full  el_before_av_social_share '><span class='hr-inner ' ><span class='hr-inner-style'><\/span><\/span><\/div><\/p>\n<div  class='av-social-sharing-box  avia-builder-el-7  el_after_av_hr  el_before_av_hr  '><div class='av-share-box'><h5 class='av-share-link-description av-no-toc '>Compartir esta noticia<\/h5><ul class='av-share-box-list noLightbox'><li class='av-share-link av-social-link-facebook' ><a target=\"_blank\" aria-label=\"Compartir en Facebook\" href='https:\/\/www.facebook.com\/sharer.php?u=https:\/\/radiorevelacionfm.cl\/?p=66542&#038;t=La%20comuna%20de%20Ays%C3%A9n%20conoce%20las%2040%20medidas%20del%20Plan%20de%20Reconstrucci%C3%B3n%20Nacional' aria-hidden='false' data-av_icon='\ue8f3' data-av_iconfont='entypo-fontello' title='' data-avia-related-tooltip='Compartir en Facebook' rel=\"noopener\"><span class='avia_hidden_link_text'>Compartir en Facebook<\/span><\/a><\/li><li class='av-share-link av-social-link-twitter' ><a target=\"_blank\" aria-label=\"Compartir en Twitter\" href='https:\/\/twitter.com\/share?text=La%20comuna%20de%20Ays%C3%A9n%20conoce%20las%2040%20medidas%20del%20Plan%20de%20Reconstrucci%C3%B3n%20Nacional&#038;url=https:\/\/radiorevelacionfm.cl\/?p=66542' aria-hidden='false' data-av_icon='\ue8f1' data-av_iconfont='entypo-fontello' title='' data-avia-related-tooltip='Compartir en Twitter' rel=\"noopener\"><span class='avia_hidden_link_text'>Compartir en Twitter<\/span><\/a><\/li><li class='av-share-link av-social-link-whatsapp' ><a target=\"_blank\" aria-label=\"Compartir en Whatsapp\" href='https:\/\/api.whatsapp.com\/send?text=https:\/\/radiorevelacionfm.cl\/?p=66542' aria-hidden='false' data-av_icon='\uf232' data-av_iconfont='entypo-fontello' title='' data-avia-related-tooltip='Compartir en Whatsapp' rel=\"noopener\"><span class='avia_hidden_link_text'>Compartir en Whatsapp<\/span><\/a><\/li><li class='av-share-link av-social-link-linkedin' ><a target=\"_blank\" aria-label=\"Compartir en LinkedIn\" href='https:\/\/linkedin.com\/shareArticle?mini=true&#038;title=La%20comuna%20de%20Ays%C3%A9n%20conoce%20las%2040%20medidas%20del%20Plan%20de%20Reconstrucci%C3%B3n%20Nacional&#038;url=https:\/\/radiorevelacionfm.cl\/?p=66542' aria-hidden='false' data-av_icon='\ue8fc' data-av_iconfont='entypo-fontello' title='' data-avia-related-tooltip='Compartir en LinkedIn' rel=\"noopener\"><span class='avia_hidden_link_text'>Compartir en LinkedIn<\/span><\/a><\/li><li class='av-share-link av-social-link-mail' ><a  aria-label=\"Compartir por correo\" href='mailto:?subject=La%20comuna%20de%20Ays%C3%A9n%20conoce%20las%2040%20medidas%20del%20Plan%20de%20Reconstrucci%C3%B3n%20Nacional&#038;body=https:\/\/radiorevelacionfm.cl\/?p=66542' aria-hidden='false' data-av_icon='\ue805' data-av_iconfont='entypo-fontello' title='' data-avia-related-tooltip='Compartir por correo'><span class='avia_hidden_link_text'>Compartir por correo<\/span><\/a><\/li><\/ul><\/div><\/div>\n<div  style='height:50px' class='hr hr-invisible   avia-builder-el-8  el_after_av_social_share  el_before_av_comments_list '><span class='hr-inner ' ><span class='hr-inner-style'><\/span><\/span><\/div>\n<div  class='av-buildercomment  av-blog-meta-html-info-disabled av-blog-meta-tag-disabled  '><\/div>\n","protected":false},"excerpt":{"rendered":"","protected":false},"author":1,"featured_media":66543,"comment_status":"closed","ping_status":"closed","sticky":false,"template":"","format":"standard","meta":{"footnotes":""},"categories":[38],"tags":[],"class_list":["post-66542","post","type-post","status-publish","format-standard","has-post-thumbnail","hentry","category-regional"],"jetpack_featured_media_url":"https:\/\/radiorevelacionfm.cl\/wp-content\/uploads\/2026\/04\/foto-1-2026-04-24t154802_optimized.486-1.jpg","_links":{"self":[{"href":"https:\/\/radiorevelacionfm.cl\/index.php?rest_route=\/wp\/v2\/posts\/66542","targetHints":{"allow":["GET"]}}],"collection":[{"href":"https:\/\/radiorevelacionfm.cl\/index.php?rest_route=\/wp\/v2\/posts"}],"about":[{"href":"https:\/\/radiorevelacionfm.cl\/index.php?rest_route=\/wp\/v2\/types\/post"}],"author":[{"embeddable":true,"href":"https:\/\/radiorevelacionfm.cl\/index.php?rest_route=\/wp\/v2\/users\/1"}],"replies":[{"embeddable":true,"href":"https:\/\/radiorevelacionfm.cl\/index.php?rest_route=%2Fwp%2Fv2%2Fcomments&post=66542"}],"version-history":[{"count":2,"href":"https:\/\/radiorevelacionfm.cl\/index.php?rest_route=\/wp\/v2\/posts\/66542\/revisions"}],"predecessor-version":[{"id":66570,"href":"https:\/\/radiorevelacionfm.cl\/index.php?rest_route=\/wp\/v2\/posts\/66542\/revisions\/66570"}],"wp:featuredmedia":[{"embeddable":true,"href":"https:\/\/radiorevelacionfm.cl\/index.php?rest_route=\/wp\/v2\/media\/66543"}],"wp:attachment":[{"href":"https:\/\/radiorevelacionfm.cl\/index.php?rest_route=%2Fwp%2Fv2%2Fmedia&parent=66542"}],"wp:term":[{"taxonomy":"category","embeddable":true,"href":"https:\/\/radiorevelacionfm.cl\/index.php?rest_route=%2Fwp%2Fv2%2Fcategories&post=66542"},{"taxonomy":"post_tag","embeddable":true,"href":"https:\/\/radiorevelacionfm.cl\/index.php?rest_route=%2Fwp%2Fv2%2Ftags&post=66542"}],"curies":[{"name":"wp","href":"https:\/\/api.w.org\/{rel}","templated":true}]}}