{"id":66539,"date":"2026-04-24T20:37:25","date_gmt":"2026-04-24T23:37:25","guid":{"rendered":"https:\/\/radiorevelacionfm.cl\/?p=66539"},"modified":"2026-04-24T20:37:25","modified_gmt":"2026-04-24T23:37:25","slug":"autoridades-regionales-se-reunen-con-ministra-de-energia-y-evaluan-soluciones-energeticas-definitivas-para-tortel","status":"publish","type":"post","link":"https:\/\/radiorevelacionfm.cl\/?p=66539","title":{"rendered":"Autoridades regionales se re\u00fanen con Ministra de Energ\u00eda y eval\u00faan soluciones energ\u00e9ticas definitivas para Tortel"},"content":{"rendered":"<div class=\"flex_column av_one_full  flex_column_div av-zero-column-padding first  avia-builder-el-0  el_before_av_one_full  avia-builder-el-first  \" style='border-radius:0px; '><div  class='avia-image-container  av-styling-    avia-builder-el-1  avia-builder-el-no-sibling  avia-align-center '  itemprop=\"image\" itemscope=\"itemscope\" itemtype=\"https:\/\/schema.org\/ImageObject\"  ><div class='avia-image-container-inner'><div class='avia-image-overlay-wrap'><img decoding=\"async\" class='wp-image-66540 avia-img-lazy-loading-not-66540 avia_image' src=\"https:\/\/radiorevelacionfm.cl\/wp-content\/uploads\/2026\/04\/WhatsApp-Image-2026-04-22-at-12.52.37-PM-1-1.jpeg\" alt='' title='WhatsApp Image 2026-04-22 at 12.52.37 PM (1) (1)' height=\"632\" width=\"802\"  itemprop=\"thumbnailUrl\" srcset=\"https:\/\/radiorevelacionfm.cl\/wp-content\/uploads\/2026\/04\/WhatsApp-Image-2026-04-22-at-12.52.37-PM-1-1.jpeg 802w, https:\/\/radiorevelacionfm.cl\/wp-content\/uploads\/2026\/04\/WhatsApp-Image-2026-04-22-at-12.52.37-PM-1-1-300x236.jpeg 300w, https:\/\/radiorevelacionfm.cl\/wp-content\/uploads\/2026\/04\/WhatsApp-Image-2026-04-22-at-12.52.37-PM-1-1-768x605.jpeg 768w, https:\/\/radiorevelacionfm.cl\/wp-content\/uploads\/2026\/04\/WhatsApp-Image-2026-04-22-at-12.52.37-PM-1-1-705x556.jpeg 705w, https:\/\/radiorevelacionfm.cl\/wp-content\/uploads\/2026\/04\/WhatsApp-Image-2026-04-22-at-12.52.37-PM-1-1-450x355.jpeg 450w, https:\/\/radiorevelacionfm.cl\/wp-content\/uploads\/2026\/04\/WhatsApp-Image-2026-04-22-at-12.52.37-PM-1-1-600x473.jpeg 600w\" sizes=\"(max-width: 802px) 100vw, 802px\" \/><\/div><\/div><\/div><\/div><div class=\"flex_column av_one_full  flex_column_div av-zero-column-padding first  avia-builder-el-2  el_after_av_one_full  el_before_av_one_full  column-top-margin\" style='border-radius:0px; '><section class=\"av_textblock_section \"  itemscope=\"itemscope\" itemtype=\"https:\/\/schema.org\/BlogPosting\" itemprop=\"blogPost\" ><div class='avia_textblock  '   itemprop=\"text\" ><p style=\"text-align: center;\"><strong><span style=\"font-size: 18pt;\">Autoridades regionales se re\u00fanen con Ministra de Energ\u00eda y eval\u00faan soluciones energ\u00e9ticas definitivas para Tortel<\/span><\/strong><\/p>\n<div id=\"gtx-trans\" style=\"position: absolute; left: -50px; top: 4.31534px;\">\n<div class=\"gtx-trans-icon\"><\/div>\n<\/div>\n<\/div><\/section><\/div><div class=\"flex_column av_one_full  flex_column_div av-zero-column-padding first  avia-builder-el-4  el_after_av_one_full  el_before_av_hr  column-top-margin\" style='border-radius:0px; '><section class=\"av_textblock_section \"  itemscope=\"itemscope\" itemtype=\"https:\/\/schema.org\/BlogPosting\" itemprop=\"blogPost\" ><div class='avia_textblock  '   itemprop=\"text\" ><p style=\"text-align: justify;\"><em>En la cita abordaron con urgencia la crisis el\u00e9ctrica en la zona, incluyendo proyectos hidroel\u00e9ctricos y reposici\u00f3n de sistemas fotovoltaicos.<\/em><\/p>\n<p style=\"text-align: justify;\">Una serie de medidas orientadas a resolver la compleja situaci\u00f3n energ\u00e9tica de la comuna de Tortel y otros territorios aislados de la Regi\u00f3n de Ays\u00e9n fueron analizadas en una reuni\u00f3n entre autoridades nacionales, regionales y locales, marcando un nuevo impulso para enfrentar una problem\u00e1tica hist\u00f3rica en la provincia Capit\u00e1n Prat.<\/p>\n<p style=\"text-align: justify;\">Las gestiones se basan en los altos costos de la producci\u00f3n de energ\u00eda el\u00e9ctrica para la austral comuna, adem\u00e1s de la falla constante de uno de los dos generadores a petr\u00f3leo que tiene la tur\u00edstica localidad.<\/p>\n<p style=\"text-align: justify;\">Ante ello, esta semana, la solicitud y el inicio del trabajo por parte de las autoridades centrales y locales fue valorado por la ministra de Energ\u00eda, Ximena Rinc\u00f3n, quien destac\u00f3 el enfoque gubernamental en los territorios m\u00e1s aislados. \u201cHemos tenido una muy buena reuni\u00f3n con el delegado presidencial provincial, la alcaldesa de Tortel, el equipo t\u00e9cnico y nuestro seremi en la regi\u00f3n de Ays\u00e9n, viendo los temas espec\u00edficos de esta regi\u00f3n maravillosa y estos sectores aislados que requieren un trato igualitario preferente, que es parte del mandato del Presidente\u201d, afirm\u00f3.<\/p>\n<p style=\"text-align: justify;\">La iniciativa naci\u00f3 de la necesidad de generar soluciones permanentes a los constantes problemas de energ\u00eda de Tortel. Es por lo anterior que la alcaldesa Marisela Jim\u00e9nez, en conjunto con el Delegado Presidencial Provincial Roberto Recabal C\u00e1rcamo decidieron viajar hasta la capital en b\u00fasqueda de alternativas de soluci\u00f3n.<\/p>\n<p style=\"text-align: justify;\">En la misma l\u00ednea, el Delegado enfatiz\u00f3 el car\u00e1cter urgente de la problem\u00e1tica el\u00e9ctrica. Seg\u00fan detall\u00f3, existe voluntad transversal para avanzar en un proyecto de generaci\u00f3n energ\u00e9tica de largo plazo. \u201cAbordamos con sentido de urgencia el cr\u00edtico problema el\u00e9ctrico de la comuna. Fue una reuni\u00f3n muy positiva, con gran disposici\u00f3n al di\u00e1logo, donde existe la voluntad de todas las autoridades regionales para impulsar una central hidroel\u00e9ctrica en el sector de Vagabundo\u201d, sostuvo la autoridad provincial. Recabal agreg\u00f3 que esta iniciativa permitir\u00eda no solo resolver la contingencia, sino tambi\u00e9n \u201cpermitir\u00e1 avanzar hacia una soluci\u00f3n definitiva y convertir a Caleta Tortel en un referente nacional en el uso de energ\u00edas limpias\u201d, afirm\u00f3.<\/p>\n<p style=\"text-align: justify;\">En tanto el seremi de Energ\u00eda en Ays\u00e9n, Juan Luis Amen\u00e1bar, se\u00f1al\u00f3 que actualmente se encuentran evaluando distintas alternativas para dar respuesta a la contingencia. \u201cEstamos viendo an\u00e1lisis de alternativas para poder solucionar la situaci\u00f3n por la que est\u00e1 pasando Tortel. Hablamos de esto y de los dem\u00e1s sistemas aislados, as\u00ed que tiene todo nuestro trabajo y gesti\u00f3n. Vamos a apuntar a dar una soluci\u00f3n definitiva\u201d, indic\u00f3, agregando que se espera avanzar en el corto plazo mediante estudios t\u00e9cnicos que permitan definir la mejor opci\u00f3n\u201d.<\/p>\n<p style=\"text-align: justify;\"><strong>Paneles Fotovoltaicos: Una soluci\u00f3n en la mira<\/strong><\/p>\n<p style=\"text-align: justify;\">Otra de las alternativas que se barajan es la concreci\u00f3n de soluciones fotovoltaicas para las comunas pertenecientes a la provincia Capit\u00e1n Prat.<\/p>\n<p style=\"text-align: justify;\">Al respecto, se se\u00f1ala que esta iniciativa ha tenido retrasos administrativos para su concreci\u00f3n, tal como explic\u00f3 el Delegado Provincial Roberto Recabal, quien expuso que \u201cen la misma reuni\u00f3n abordamos la urgente reposici\u00f3n de 158 soluciones\u00a0fotovoltaicos para las comunas de Tortel, Cochrane y O&#8217;Higgins, un proyecto que lleva\u00a0a\u00f1os entrampado por la burocracia excesiva, donde fuimos muy claros en se\u00f1alar a la ministra\u00a0que no es aceptable que observaciones en Santiago tarden hasta m\u00e1s de ocho meses en resolverse.\u00a0 Por ello, solicitamos acelerar ese proceso y qued\u00f3 claro el compromiso de la ministra\u00a0y su equipo asesor de avanzar con sentido de urgencia y concretar a la brevedad estas\u00a0soluciones energ\u00e9ticas en las comunidades antes mencionadas, y que tienen un costo sobre\u00a0los 4.000 millones de pesos financiados por el Gobierno Regional\u201d.<\/p>\n<p style=\"text-align: justify;\">Todas estas iniciativas buscan poner freno a los problemas hist\u00f3ricos de generaci\u00f3n el\u00e9ctrica en el sur de la regi\u00f3n, con el acento puesto en las dificultades actuales de la comuna de Tortel y sus cerca de 600 habitantes.<\/p>\n<\/div><\/section><\/div><div  style='height:50px' class='hr hr-invisible   avia-builder-el-6  el_after_av_one_full  el_before_av_social_share '><span class='hr-inner ' ><span class='hr-inner-style'><\/span><\/span><\/div><\/p>\n<div  class='av-social-sharing-box  avia-builder-el-7  el_after_av_hr  el_before_av_hr  '><div class='av-share-box'><h5 class='av-share-link-description av-no-toc '>Compartir esta noticia<\/h5><ul class='av-share-box-list noLightbox'><li class='av-share-link av-social-link-facebook' ><a target=\"_blank\" aria-label=\"Compartir en Facebook\" href='https:\/\/www.facebook.com\/sharer.php?u=https:\/\/radiorevelacionfm.cl\/?p=66539&#038;t=Autoridades%20regionales%20se%20re%C3%BAnen%20con%20Ministra%20de%20Energ%C3%ADa%20y%20eval%C3%BAan%20soluciones%20energ%C3%A9ticas%20definitivas%20para%20Tortel' aria-hidden='false' data-av_icon='\ue8f3' data-av_iconfont='entypo-fontello' title='' data-avia-related-tooltip='Compartir en Facebook' rel=\"noopener\"><span class='avia_hidden_link_text'>Compartir en Facebook<\/span><\/a><\/li><li class='av-share-link av-social-link-twitter' ><a target=\"_blank\" aria-label=\"Compartir en Twitter\" href='https:\/\/twitter.com\/share?text=Autoridades%20regionales%20se%20re%C3%BAnen%20con%20Ministra%20de%20Energ%C3%ADa%20y%20eval%C3%BAan%20soluciones%20energ%C3%A9ticas%20definitivas%20para%20Tortel&#038;url=https:\/\/radiorevelacionfm.cl\/?p=66539' aria-hidden='false' data-av_icon='\ue8f1' data-av_iconfont='entypo-fontello' title='' data-avia-related-tooltip='Compartir en Twitter' rel=\"noopener\"><span class='avia_hidden_link_text'>Compartir en Twitter<\/span><\/a><\/li><li class='av-share-link av-social-link-whatsapp' ><a target=\"_blank\" aria-label=\"Compartir en Whatsapp\" href='https:\/\/api.whatsapp.com\/send?text=https:\/\/radiorevelacionfm.cl\/?p=66539' aria-hidden='false' data-av_icon='\uf232' data-av_iconfont='entypo-fontello' title='' data-avia-related-tooltip='Compartir en Whatsapp' rel=\"noopener\"><span class='avia_hidden_link_text'>Compartir en Whatsapp<\/span><\/a><\/li><li class='av-share-link av-social-link-linkedin' ><a target=\"_blank\" aria-label=\"Compartir en LinkedIn\" href='https:\/\/linkedin.com\/shareArticle?mini=true&#038;title=Autoridades%20regionales%20se%20re%C3%BAnen%20con%20Ministra%20de%20Energ%C3%ADa%20y%20eval%C3%BAan%20soluciones%20energ%C3%A9ticas%20definitivas%20para%20Tortel&#038;url=https:\/\/radiorevelacionfm.cl\/?p=66539' aria-hidden='false' data-av_icon='\ue8fc' data-av_iconfont='entypo-fontello' title='' data-avia-related-tooltip='Compartir en LinkedIn' rel=\"noopener\"><span class='avia_hidden_link_text'>Compartir en LinkedIn<\/span><\/a><\/li><li class='av-share-link av-social-link-mail' ><a  aria-label=\"Compartir por correo\" href='mailto:?subject=Autoridades%20regionales%20se%20re%C3%BAnen%20con%20Ministra%20de%20Energ%C3%ADa%20y%20eval%C3%BAan%20soluciones%20energ%C3%A9ticas%20definitivas%20para%20Tortel&#038;body=https:\/\/radiorevelacionfm.cl\/?p=66539' aria-hidden='false' data-av_icon='\ue805' data-av_iconfont='entypo-fontello' title='' data-avia-related-tooltip='Compartir por correo'><span class='avia_hidden_link_text'>Compartir por correo<\/span><\/a><\/li><\/ul><\/div><\/div>\n<div  style='height:50px' class='hr hr-invisible   avia-builder-el-8  el_after_av_social_share  el_before_av_comments_list '><span class='hr-inner ' ><span class='hr-inner-style'><\/span><\/span><\/div>\n<div  class='av-buildercomment  av-blog-meta-html-info-disabled av-blog-meta-tag-disabled  '><\/div>\n","protected":false},"excerpt":{"rendered":"","protected":false},"author":1,"featured_media":66540,"comment_status":"closed","ping_status":"closed","sticky":false,"template":"","format":"standard","meta":{"footnotes":""},"categories":[38],"tags":[],"class_list":["post-66539","post","type-post","status-publish","format-standard","has-post-thumbnail","hentry","category-regional"],"jetpack_featured_media_url":"https:\/\/radiorevelacionfm.cl\/wp-content\/uploads\/2026\/04\/WhatsApp-Image-2026-04-22-at-12.52.37-PM-1-1.jpeg","_links":{"self":[{"href":"https:\/\/radiorevelacionfm.cl\/index.php?rest_route=\/wp\/v2\/posts\/66539","targetHints":{"allow":["GET"]}}],"collection":[{"href":"https:\/\/radiorevelacionfm.cl\/index.php?rest_route=\/wp\/v2\/posts"}],"about":[{"href":"https:\/\/radiorevelacionfm.cl\/index.php?rest_route=\/wp\/v2\/types\/post"}],"author":[{"embeddable":true,"href":"https:\/\/radiorevelacionfm.cl\/index.php?rest_route=\/wp\/v2\/users\/1"}],"replies":[{"embeddable":true,"href":"https:\/\/radiorevelacionfm.cl\/index.php?rest_route=%2Fwp%2Fv2%2Fcomments&post=66539"}],"version-history":[{"count":2,"href":"https:\/\/radiorevelacionfm.cl\/index.php?rest_route=\/wp\/v2\/posts\/66539\/revisions"}],"predecessor-version":[{"id":66565,"href":"https:\/\/radiorevelacionfm.cl\/index.php?rest_route=\/wp\/v2\/posts\/66539\/revisions\/66565"}],"wp:featuredmedia":[{"embeddable":true,"href":"https:\/\/radiorevelacionfm.cl\/index.php?rest_route=\/wp\/v2\/media\/66540"}],"wp:attachment":[{"href":"https:\/\/radiorevelacionfm.cl\/index.php?rest_route=%2Fwp%2Fv2%2Fmedia&parent=66539"}],"wp:term":[{"taxonomy":"category","embeddable":true,"href":"https:\/\/radiorevelacionfm.cl\/index.php?rest_route=%2Fwp%2Fv2%2Fcategories&post=66539"},{"taxonomy":"post_tag","embeddable":true,"href":"https:\/\/radiorevelacionfm.cl\/index.php?rest_route=%2Fwp%2Fv2%2Ftags&post=66539"}],"curies":[{"name":"wp","href":"https:\/\/api.w.org\/{rel}","templated":true}]}}