{"id":66537,"date":"2026-04-25T12:21:24","date_gmt":"2026-04-25T15:21:24","guid":{"rendered":"https:\/\/radiorevelacionfm.cl\/?p=66537"},"modified":"2026-04-25T12:21:24","modified_gmt":"2026-04-25T15:21:24","slug":"cuenta-publica-gestion-2025-municipalidad-de-rio-ibanez-enfoca-la-inversion-en-desarrollo-social-infraestructura-y-deporte","status":"publish","type":"post","link":"https:\/\/radiorevelacionfm.cl\/?p=66537","title":{"rendered":"Cuenta P\u00fablica Gesti\u00f3n 2025: Municipalidad de R\u00edo Ib\u00e1\u00f1ez enfoca la inversi\u00f3n en desarrollo social, infraestructura y deporte"},"content":{"rendered":"<div class=\"flex_column av_one_full  flex_column_div av-zero-column-padding first  avia-builder-el-0  el_before_av_one_full  avia-builder-el-first  \" style='border-radius:0px; '><div  class='avia-image-container  av-styling-    avia-builder-el-1  avia-builder-el-no-sibling  avia-align-center '  itemprop=\"image\" itemscope=\"itemscope\" itemtype=\"https:\/\/schema.org\/ImageObject\"  ><div class='avia-image-container-inner'><div class='avia-image-overlay-wrap'><img decoding=\"async\" class='wp-image-66555 avia-img-lazy-loading-not-66555 avia_image' src=\"https:\/\/radiorevelacionfm.cl\/wp-content\/uploads\/2026\/04\/8-51-1-1.jpg\" alt='' title='8 (51) (1) (1)' height=\"600\" width=\"900\"  itemprop=\"thumbnailUrl\" srcset=\"https:\/\/radiorevelacionfm.cl\/wp-content\/uploads\/2026\/04\/8-51-1-1.jpg 900w, https:\/\/radiorevelacionfm.cl\/wp-content\/uploads\/2026\/04\/8-51-1-1-300x200.jpg 300w, https:\/\/radiorevelacionfm.cl\/wp-content\/uploads\/2026\/04\/8-51-1-1-768x512.jpg 768w, https:\/\/radiorevelacionfm.cl\/wp-content\/uploads\/2026\/04\/8-51-1-1-705x470.jpg 705w, https:\/\/radiorevelacionfm.cl\/wp-content\/uploads\/2026\/04\/8-51-1-1-450x300.jpg 450w, https:\/\/radiorevelacionfm.cl\/wp-content\/uploads\/2026\/04\/8-51-1-1-600x400.jpg 600w\" sizes=\"(max-width: 900px) 100vw, 900px\" \/><\/div><\/div><\/div><\/div><div class=\"flex_column av_one_full  flex_column_div av-zero-column-padding first  avia-builder-el-2  el_after_av_one_full  el_before_av_one_full  column-top-margin\" style='border-radius:0px; '><section class=\"av_textblock_section \"  itemscope=\"itemscope\" itemtype=\"https:\/\/schema.org\/BlogPosting\" itemprop=\"blogPost\" ><div class='avia_textblock  '   itemprop=\"text\" ><p style=\"text-align: center;\"><strong><span style=\"font-size: 18pt;\">Cuenta P\u00fablica Gesti\u00f3n 2025: Municipalidad de R\u00edo Ib\u00e1\u00f1ez enfoca la inversi\u00f3n en desarrollo social, infraestructura y deporte<\/span><\/strong><\/p>\n<div id=\"gtx-trans\" style=\"position: absolute; left: -50px; top: 4.31534px;\">\n<div class=\"gtx-trans-icon\"><\/div>\n<\/div>\n<\/div><\/section><\/div><\/p>\n<div class=\"flex_column av_one_full  flex_column_div av-zero-column-padding first  avia-builder-el-4  el_after_av_one_full  el_before_av_hr  column-top-margin\" style='border-radius:0px; '><section class=\"av_textblock_section \"  itemscope=\"itemscope\" itemtype=\"https:\/\/schema.org\/BlogPosting\" itemprop=\"blogPost\" ><div class='avia_textblock  '   itemprop=\"text\" ><ul>\n<li style=\"text-align: justify;\"><em>Con un balance positivo que destaca la preocupaci\u00f3n por el cuidado y bienestar de los vecinos o el enfoque en infraestructura y proyectos para lograr un desarrollo equitativo en la comuna.<\/em><\/li>\n<\/ul>\n<p style=\"text-align: justify;\">El alcalde de R\u00edo Ib\u00e1\u00f1ez, <strong>Marcelo J\u00e9lvez C\u00e1rdenas<\/strong>, present\u00f3 el balance de la Gesti\u00f3n 2025, destacando una hoja de ruta centrada en la equidad territorial. La cuenta p\u00fablica puso especial \u00e9nfasis en la ejecuci\u00f3n de proyectos de infraestructura, el fomento del deporte en localidades aisladas y una agenda social que busca dignificar la vida de los adultos mayores y familias rurales de la cuenca.<\/p>\n<p style=\"text-align: justify;\"><strong>Infraestructura y Proyectos <\/strong><\/p>\n<p style=\"text-align: justify;\">La Secretar\u00eda Comunal de Planificaci\u00f3n (SECPLAN) report\u00f3 avances significativos en obras que impactan directamente la conectividad y el servicio p\u00fablico. En <strong>Villa Cerro Castillo<\/strong>, destaca la <strong>Normalizaci\u00f3n y Mejoramiento de la Sede Comunitaria<\/strong> ($336.469.303) y el dise\u00f1o del nuevo <strong>Parador de Buses<\/strong> ($75.600.000), una obra que impulsa el transporte turismo.<\/p>\n<p style=\"text-align: justify;\">En <strong>Puerto Ingeniero Ib\u00e1\u00f1ez<\/strong>, se relev\u00f3 la habilitaci\u00f3n de dependencias municipales y el mejoramiento de la <strong>Plaza de Armas<\/strong> ($153.778.000). Asimismo, la gesti\u00f3n se enfoc\u00f3 en servicios b\u00e1sicos con la implementaci\u00f3n de <strong>Soluciones Individuales de Electrificaci\u00f3n<\/strong> en distintos puntos de la comuna ($323.000.000) y la atenci\u00f3n de emergencias en el sistema de alcantarillado ($166.970.520). En <strong>Bah\u00eda Murta<\/strong>, se concret\u00f3 la reparaci\u00f3n de puentes de madera en sectores urbanos, asegurando la seguridad peatonal y vial.<\/p>\n<p style=\"text-align: justify;\">\u00abDesde la Secretar\u00eda hemos constituido una cartera de proyectos que busca equilibrar el desarrollo en toda la comuna. No se trata solo de construir infraestructura, sino de proyectar espacios que acompa\u00f1en el crecimiento de cada localidad, asegurando bienestar real para nuestros vecinos.\u00bb<\/p>\n<p style=\"text-align: justify;\"><strong>Deporte<\/strong><\/p>\n<p style=\"text-align: justify;\">El fortalecimiento del deporte escolar y vecinal fue uno de los ejes m\u00e1s importantes. Se concret\u00f3 la inauguraci\u00f3n de <strong>multicanchas en Bah\u00eda Murta y Puerto S\u00e1nchez<\/strong>, financiadas a trav\u00e9s del Fondo Regional de Inversi\u00f3n Local (FRIL). En particular, la multicancha de Puerto S\u00e1nchez represent\u00f3 una inversi\u00f3n de <strong>$136.104.777<\/strong>.<\/p>\n<p style=\"text-align: justify;\">A estas obras se suma la conservaci\u00f3n integral del <strong>Gimnasio de la Escuela Gabriela Mistral<\/strong> en Puerto R\u00edo Tranquilo y la entrega de terreno para la construcci\u00f3n de los nuevos <strong>camerines de la Escuela Aonikenk<\/strong> en Puerto Ib\u00e1\u00f1ez. Estos espacios est\u00e1n dise\u00f1ados no solo para la pr\u00e1ctica deportiva, sino para albergar encuentros vecinales y expresiones culturales que fortalezcan el tejido social de cada localidad.<\/p>\n<p style=\"text-align: justify;\"><strong>Desarrollo Social y Habitabilidad<\/strong><\/p>\n<p style=\"text-align: justify;\">El \u00e1rea social report\u00f3 un despliegue sin precedentes. A trav\u00e9s de la <strong>Oficina del Adulto Mayor<\/strong>, se ejecutaron programas de acompa\u00f1amiento como \u00abV\u00ednculo\u00bb y el funcionamiento del Centro Diurno (CEDIAM) en Puerto R\u00edo Tranquilo. Destacan hitos de integraci\u00f3n como el 20\u00b0 Encuentro de Adultos Mayores y viajes recreativos a las Termas Ensenada P\u00e9rez y Tacna, Per\u00fa.<\/p>\n<p style=\"text-align: justify;\">\u00abA trav\u00e9s de DIDECO hemos fortalecido el acompa\u00f1amiento a nuestros adultos mayores, tambi\u00e9n hemos dado un salto importante en inclusi\u00f3n, adjudicando fondos para atender la neurodivergencia y la discapacidad.\u00bb<\/p>\n<p style=\"text-align: justify;\">En materia de <strong>Discapacidad<\/strong>, se adjudicaron 8 fondos concursables por m\u00e1s de $82 millones, permitiendo la implementaci\u00f3n de programas de neurodivergencia y atenci\u00f3n de profesionales como kinesi\u00f3logos y fonoaudi\u00f3logos. Por su parte, la <strong>Oficina de Vivienda<\/strong>, mediante su Entidad de Gesti\u00f3n Rural (EGR), prioriz\u00f3 el Programa de Habitabilidad Rural (D.S. N\u00b010), gestionando la construcci\u00f3n en sitio propio para asegurar que las familias rurales permanezcan en su entorno con viviendas de est\u00e1ndar superior.<\/p>\n<p style=\"text-align: justify;\"><strong>Proyecciones Estrat\u00e9gicas<\/strong><\/p>\n<p style=\"text-align: justify;\">Finalmente, el Alcalde destac\u00f3 la puesta en marcha del Programa <strong>\u00abPeque\u00f1as Localidades\u00bb (MINVU)<\/strong> en Puerto Ingeniero Ib\u00e1\u00f1ez. Este programa proyecta una inversi\u00f3n de <strong>$1.500 millones en la zona<\/strong> a ejecutarse en un plazo de cinco a\u00f1os, enfocada en infraestructura urbana y fortalecimiento social.<\/p>\n<p style=\"text-align: justify;\">\u00abMi compromiso como Alcalde es que el desarrollo no se detenga; por eso, esta gesti\u00f3n se ha enfocado en promover la vida sana de nuestros vecinos, el cuidado de nuestros adultos mayores y el desarrollo comunal a trav\u00e9s de infraestructura necesaria para el crecimiento. Cada acci\u00f3n est\u00e1 pensada para construir un R\u00edo Ib\u00e1\u00f1ez con m\u00e1s comunidad y m\u00e1s desarrollo para todos.\u00bb<\/p>\n<\/div><\/section><\/div>\n<div  style='height:50px' class='hr hr-invisible   avia-builder-el-6  el_after_av_one_full  el_before_av_social_share '><span class='hr-inner ' ><span class='hr-inner-style'><\/span><\/span><\/div>\n<div  class='av-social-sharing-box  avia-builder-el-7  el_after_av_hr  el_before_av_hr  '><div class='av-share-box'><h5 class='av-share-link-description av-no-toc '>Compartir esta noticia<\/h5><ul class='av-share-box-list noLightbox'><li class='av-share-link av-social-link-facebook' ><a target=\"_blank\" aria-label=\"Compartir en Facebook\" href='https:\/\/www.facebook.com\/sharer.php?u=https:\/\/radiorevelacionfm.cl\/?p=66537&#038;t=Cuenta%20P%C3%BAblica%20Gesti%C3%B3n%202025%3A%20Municipalidad%20de%20R%C3%ADo%20Ib%C3%A1%C3%B1ez%20enfoca%20la%20inversi%C3%B3n%20en%20desarrollo%20social%2C%20infraestructura%20y%20deporte' aria-hidden='false' data-av_icon='\ue8f3' data-av_iconfont='entypo-fontello' title='' data-avia-related-tooltip='Compartir en Facebook' rel=\"noopener\"><span class='avia_hidden_link_text'>Compartir en Facebook<\/span><\/a><\/li><li class='av-share-link av-social-link-twitter' ><a target=\"_blank\" aria-label=\"Compartir en Twitter\" href='https:\/\/twitter.com\/share?text=Cuenta%20P%C3%BAblica%20Gesti%C3%B3n%202025%3A%20Municipalidad%20de%20R%C3%ADo%20Ib%C3%A1%C3%B1ez%20enfoca%20la%20inversi%C3%B3n%20en%20desarrollo%20social%2C%20infraestructura%20y%20deporte&#038;url=https:\/\/radiorevelacionfm.cl\/?p=66537' aria-hidden='false' data-av_icon='\ue8f1' data-av_iconfont='entypo-fontello' title='' data-avia-related-tooltip='Compartir en Twitter' rel=\"noopener\"><span class='avia_hidden_link_text'>Compartir en Twitter<\/span><\/a><\/li><li class='av-share-link av-social-link-whatsapp' ><a target=\"_blank\" aria-label=\"Compartir en Whatsapp\" href='https:\/\/api.whatsapp.com\/send?text=https:\/\/radiorevelacionfm.cl\/?p=66537' aria-hidden='false' data-av_icon='\uf232' data-av_iconfont='entypo-fontello' title='' data-avia-related-tooltip='Compartir en Whatsapp' rel=\"noopener\"><span class='avia_hidden_link_text'>Compartir en Whatsapp<\/span><\/a><\/li><li class='av-share-link av-social-link-linkedin' ><a target=\"_blank\" aria-label=\"Compartir en LinkedIn\" href='https:\/\/linkedin.com\/shareArticle?mini=true&#038;title=Cuenta%20P%C3%BAblica%20Gesti%C3%B3n%202025%3A%20Municipalidad%20de%20R%C3%ADo%20Ib%C3%A1%C3%B1ez%20enfoca%20la%20inversi%C3%B3n%20en%20desarrollo%20social%2C%20infraestructura%20y%20deporte&#038;url=https:\/\/radiorevelacionfm.cl\/?p=66537' aria-hidden='false' data-av_icon='\ue8fc' data-av_iconfont='entypo-fontello' title='' data-avia-related-tooltip='Compartir en LinkedIn' rel=\"noopener\"><span class='avia_hidden_link_text'>Compartir en LinkedIn<\/span><\/a><\/li><li class='av-share-link av-social-link-mail' ><a  aria-label=\"Compartir por correo\" href='mailto:?subject=Cuenta%20P%C3%BAblica%20Gesti%C3%B3n%202025%3A%20Municipalidad%20de%20R%C3%ADo%20Ib%C3%A1%C3%B1ez%20enfoca%20la%20inversi%C3%B3n%20en%20desarrollo%20social%2C%20infraestructura%20y%20deporte&#038;body=https:\/\/radiorevelacionfm.cl\/?p=66537' aria-hidden='false' data-av_icon='\ue805' data-av_iconfont='entypo-fontello' title='' data-avia-related-tooltip='Compartir por correo'><span class='avia_hidden_link_text'>Compartir por correo<\/span><\/a><\/li><\/ul><\/div><\/div>\n<div  style='height:50px' class='hr hr-invisible   avia-builder-el-8  el_after_av_social_share  el_before_av_comments_list '><span class='hr-inner ' ><span class='hr-inner-style'><\/span><\/span><\/div>\n<div  class='av-buildercomment  av-blog-meta-html-info-disabled av-blog-meta-tag-disabled  '><\/div>\n","protected":false},"excerpt":{"rendered":"","protected":false},"author":1,"featured_media":66555,"comment_status":"closed","ping_status":"closed","sticky":false,"template":"","format":"standard","meta":{"footnotes":""},"categories":[38],"tags":[],"class_list":["post-66537","post","type-post","status-publish","format-standard","has-post-thumbnail","hentry","category-regional"],"jetpack_featured_media_url":"https:\/\/radiorevelacionfm.cl\/wp-content\/uploads\/2026\/04\/8-51-1-1.jpg","_links":{"self":[{"href":"https:\/\/radiorevelacionfm.cl\/index.php?rest_route=\/wp\/v2\/posts\/66537","targetHints":{"allow":["GET"]}}],"collection":[{"href":"https:\/\/radiorevelacionfm.cl\/index.php?rest_route=\/wp\/v2\/posts"}],"about":[{"href":"https:\/\/radiorevelacionfm.cl\/index.php?rest_route=\/wp\/v2\/types\/post"}],"author":[{"embeddable":true,"href":"https:\/\/radiorevelacionfm.cl\/index.php?rest_route=\/wp\/v2\/users\/1"}],"replies":[{"embeddable":true,"href":"https:\/\/radiorevelacionfm.cl\/index.php?rest_route=%2Fwp%2Fv2%2Fcomments&post=66537"}],"version-history":[{"count":3,"href":"https:\/\/radiorevelacionfm.cl\/index.php?rest_route=\/wp\/v2\/posts\/66537\/revisions"}],"predecessor-version":[{"id":66568,"href":"https:\/\/radiorevelacionfm.cl\/index.php?rest_route=\/wp\/v2\/posts\/66537\/revisions\/66568"}],"wp:featuredmedia":[{"embeddable":true,"href":"https:\/\/radiorevelacionfm.cl\/index.php?rest_route=\/wp\/v2\/media\/66555"}],"wp:attachment":[{"href":"https:\/\/radiorevelacionfm.cl\/index.php?rest_route=%2Fwp%2Fv2%2Fmedia&parent=66537"}],"wp:term":[{"taxonomy":"category","embeddable":true,"href":"https:\/\/radiorevelacionfm.cl\/index.php?rest_route=%2Fwp%2Fv2%2Fcategories&post=66537"},{"taxonomy":"post_tag","embeddable":true,"href":"https:\/\/radiorevelacionfm.cl\/index.php?rest_route=%2Fwp%2Fv2%2Ftags&post=66537"}],"curies":[{"name":"wp","href":"https:\/\/api.w.org\/{rel}","templated":true}]}}