{"id":66529,"date":"2026-04-24T15:02:16","date_gmt":"2026-04-24T18:02:16","guid":{"rendered":"https:\/\/radiorevelacionfm.cl\/?p=66529"},"modified":"2026-04-24T15:02:16","modified_gmt":"2026-04-24T18:02:16","slug":"puerto-gala-sera-escenario-del-estreno-del-documental-los-milagros-del-padre-ronchi-primera-parte","status":"publish","type":"post","link":"https:\/\/radiorevelacionfm.cl\/?p=66529","title":{"rendered":"Puerto Gala ser\u00e1 escenario del estreno del documental Los Milagros del Padre Ronchi \u2013 Primera Parte"},"content":{"rendered":"<div class=\"flex_column av_one_full  flex_column_div av-zero-column-padding first  avia-builder-el-0  el_before_av_one_full  avia-builder-el-first  \" style='border-radius:0px; '><div  class='avia-image-container  av-styling-    avia-builder-el-1  avia-builder-el-no-sibling  avia-align-center '  itemprop=\"image\" itemscope=\"itemscope\" itemtype=\"https:\/\/schema.org\/ImageObject\"  ><div class='avia-image-container-inner'><div class='avia-image-overlay-wrap'><img decoding=\"async\" class='wp-image-66530 avia-img-lazy-loading-not-66530 avia_image' src=\"https:\/\/radiorevelacionfm.cl\/wp-content\/uploads\/2026\/04\/img-20260424-wa0000-1_optimized-1.jpg\" alt='' title='img-20260424-wa0000-(1)_optimized (1)' height=\"670\" width=\"799\"  itemprop=\"thumbnailUrl\" srcset=\"https:\/\/radiorevelacionfm.cl\/wp-content\/uploads\/2026\/04\/img-20260424-wa0000-1_optimized-1.jpg 799w, https:\/\/radiorevelacionfm.cl\/wp-content\/uploads\/2026\/04\/img-20260424-wa0000-1_optimized-1-300x252.jpg 300w, https:\/\/radiorevelacionfm.cl\/wp-content\/uploads\/2026\/04\/img-20260424-wa0000-1_optimized-1-768x644.jpg 768w, https:\/\/radiorevelacionfm.cl\/wp-content\/uploads\/2026\/04\/img-20260424-wa0000-1_optimized-1-705x591.jpg 705w, https:\/\/radiorevelacionfm.cl\/wp-content\/uploads\/2026\/04\/img-20260424-wa0000-1_optimized-1-450x377.jpg 450w, https:\/\/radiorevelacionfm.cl\/wp-content\/uploads\/2026\/04\/img-20260424-wa0000-1_optimized-1-600x503.jpg 600w\" sizes=\"(max-width: 799px) 100vw, 799px\" \/><\/div><\/div><\/div><\/div><div class=\"flex_column av_one_full  flex_column_div av-zero-column-padding first  avia-builder-el-2  el_after_av_one_full  el_before_av_one_full  column-top-margin\" style='border-radius:0px; '><section class=\"av_textblock_section \"  itemscope=\"itemscope\" itemtype=\"https:\/\/schema.org\/BlogPosting\" itemprop=\"blogPost\" ><div class='avia_textblock  '   itemprop=\"text\" ><p style=\"text-align: center;\"><strong><span style=\"font-size: 18pt;\">Puerto Gala ser\u00e1 escenario del estreno del documental Los Milagros del Padre Ronchi \u2013 Primera Parte<\/span><\/strong><\/p>\n<div id=\"gtx-trans\" style=\"position: absolute; left: -50px; top: 4.31534px;\">\n<div class=\"gtx-trans-icon\"><\/div>\n<\/div>\n<\/div><\/section><\/div><div class=\"flex_column av_one_full  flex_column_div av-zero-column-padding first  avia-builder-el-4  el_after_av_one_full  el_before_av_hr  column-top-margin\" style='border-radius:0px; '><section class=\"av_textblock_section \"  itemscope=\"itemscope\" itemtype=\"https:\/\/schema.org\/BlogPosting\" itemprop=\"blogPost\" ><div class='avia_textblock  '   itemprop=\"text\" ><p style=\"text-align: justify;\">Este s\u00e1bado 25 de abril, a las <strong>20:00 horas<\/strong>, se realizar\u00e1 en <strong>Puerto Gala <\/strong>la proyecci\u00f3n de estreno de <strong>\u201cLos Milagros del Padre Ronchi \u2013 Primera Parte Puerto Gala\u201d<\/strong>, un documental dirigido por <strong>Jes\u00fas Rojas Mart\u00ednez <\/strong>y producido por <strong>Docureality.cl Productora <\/strong><strong>Audiovisual<\/strong>, que rescata la memoria, el legado humano y la huella comunitaria del Padre Antonio Ronchi en la Regi\u00f3n de Ays\u00e9n.<\/p>\n<p style=\"text-align: justify;\">La exhibici\u00f3n tendr\u00e1 <strong>entrada liberada <\/strong>y busca convertirse en un encuentro significativo para la comunidad, especialmente por tratarse de una obra que pone en valor la historia local, la identidad del territorio y los testimonios de personas que conocieron de cerca la labor del sacerdote en la zona.<\/p>\n<p style=\"text-align: justify;\">Esta primera parte del documental est\u00e1 centrada en <strong>Puerto Gala<\/strong>, localidad profundamente ligada a la historia que aborda la pel\u00edcula. A trav\u00e9s de relatos, recuerdos y experiencias reales, la obra presenta una mirada \u00edntima y emotiva sobre las acciones que marcaron la vida de muchas personas, entendiendo los \u201cmilagros\u201d no desde lo sobrenatural, sino desde el impacto concreto de una vida entregada a los dem\u00e1s.<\/p>\n<p style=\"text-align: justify;\">El estreno en Puerto Gala llega luego de un importante inter\u00e9s generado por el proyecto en la regi\u00f3n. El documental fue parte de la <strong>Selecci\u00f3n Oficial de \u00d3peras Primas del Festival de Cine <\/strong><strong>Patagonia Ays\u00e9n (FECIPA) 2026<\/strong>, y adem\u00e1s ha tenido una muy buena recepci\u00f3n del p\u00fablico en sus recientes exhibiciones en Coyhaique, despertando tambi\u00e9n el inter\u00e9s de distintos medios de comunicaci\u00f3n regionales.<\/p>\n<p style=\"text-align: justify;\">Para la producci\u00f3n, esta funci\u00f3n representa un momento especialmente simb\u00f3lico, ya que permite llevar la pel\u00edcula al propio territorio donde transcurre esta primera historia y compartirla con sus habitantes, protagonistas y familias. \u201cM\u00e1s que una pel\u00edcula, este documental es una forma de devolver memoria al territorio, de valorar las historias reales de su gente y de reconocer el legado de una figura que dej\u00f3 huella en muchas vidas\u201d, se\u00f1al\u00f3 su director, <strong>Jes\u00fas Rojas Mart\u00ednez<\/strong>.<\/p>\n<p style=\"text-align: justify;\">La actividad cuenta con la colaboraci\u00f3n de Restobar Food Huapi, Caba\u00f1a Un Pascuero en la Patagonia, Junta de Vecinos de Puerto Gala, CyJ Fotos, Municipalidad de Cisnes y Naviera Austral, instituciones y organizaciones que han hecho posible la realizaci\u00f3n de esta proyecci\u00f3n.<\/p>\n<p style=\"text-align: justify;\">Desde la producci\u00f3n se extiende la invitaci\u00f3n a toda la comunidad de <strong>Puerto Gala<\/strong>, <strong>Puerto Cisnes <\/strong>y sectores cercanos a sumarse a esta jornada de cine, memoria e identidad local.<\/p>\n<\/div><\/section><\/div><div  style='height:50px' class='hr hr-invisible   avia-builder-el-6  el_after_av_one_full  el_before_av_social_share '><span class='hr-inner ' ><span class='hr-inner-style'><\/span><\/span><\/div><\/p>\n<div  class='av-social-sharing-box  avia-builder-el-7  el_after_av_hr  el_before_av_hr  '><div class='av-share-box'><h5 class='av-share-link-description av-no-toc '>Compartir esta noticia<\/h5><ul class='av-share-box-list noLightbox'><li class='av-share-link av-social-link-facebook' ><a target=\"_blank\" aria-label=\"Compartir en Facebook\" href='https:\/\/www.facebook.com\/sharer.php?u=https:\/\/radiorevelacionfm.cl\/?p=66529&#038;t=Puerto%20Gala%20ser%C3%A1%20escenario%20del%20estreno%20del%20documental%20Los%20Milagros%20del%20Padre%20Ronchi%20%E2%80%93%20Primera%20Parte' aria-hidden='false' data-av_icon='\ue8f3' data-av_iconfont='entypo-fontello' title='' data-avia-related-tooltip='Compartir en Facebook' rel=\"noopener\"><span class='avia_hidden_link_text'>Compartir en Facebook<\/span><\/a><\/li><li class='av-share-link av-social-link-twitter' ><a target=\"_blank\" aria-label=\"Compartir en Twitter\" href='https:\/\/twitter.com\/share?text=Puerto%20Gala%20ser%C3%A1%20escenario%20del%20estreno%20del%20documental%20Los%20Milagros%20del%20Padre%20Ronchi%20%E2%80%93%20Primera%20Parte&#038;url=https:\/\/radiorevelacionfm.cl\/?p=66529' aria-hidden='false' data-av_icon='\ue8f1' data-av_iconfont='entypo-fontello' title='' data-avia-related-tooltip='Compartir en Twitter' rel=\"noopener\"><span class='avia_hidden_link_text'>Compartir en Twitter<\/span><\/a><\/li><li class='av-share-link av-social-link-whatsapp' ><a target=\"_blank\" aria-label=\"Compartir en Whatsapp\" href='https:\/\/api.whatsapp.com\/send?text=https:\/\/radiorevelacionfm.cl\/?p=66529' aria-hidden='false' data-av_icon='\uf232' data-av_iconfont='entypo-fontello' title='' data-avia-related-tooltip='Compartir en Whatsapp' rel=\"noopener\"><span class='avia_hidden_link_text'>Compartir en Whatsapp<\/span><\/a><\/li><li class='av-share-link av-social-link-linkedin' ><a target=\"_blank\" aria-label=\"Compartir en LinkedIn\" href='https:\/\/linkedin.com\/shareArticle?mini=true&#038;title=Puerto%20Gala%20ser%C3%A1%20escenario%20del%20estreno%20del%20documental%20Los%20Milagros%20del%20Padre%20Ronchi%20%E2%80%93%20Primera%20Parte&#038;url=https:\/\/radiorevelacionfm.cl\/?p=66529' aria-hidden='false' data-av_icon='\ue8fc' data-av_iconfont='entypo-fontello' title='' data-avia-related-tooltip='Compartir en LinkedIn' rel=\"noopener\"><span class='avia_hidden_link_text'>Compartir en LinkedIn<\/span><\/a><\/li><li class='av-share-link av-social-link-mail' ><a  aria-label=\"Compartir por correo\" href='mailto:?subject=Puerto%20Gala%20ser%C3%A1%20escenario%20del%20estreno%20del%20documental%20Los%20Milagros%20del%20Padre%20Ronchi%20%E2%80%93%20Primera%20Parte&#038;body=https:\/\/radiorevelacionfm.cl\/?p=66529' aria-hidden='false' data-av_icon='\ue805' data-av_iconfont='entypo-fontello' title='' data-avia-related-tooltip='Compartir por correo'><span class='avia_hidden_link_text'>Compartir por correo<\/span><\/a><\/li><\/ul><\/div><\/div>\n<div  style='height:50px' class='hr hr-invisible   avia-builder-el-8  el_after_av_social_share  el_before_av_comments_list '><span class='hr-inner ' ><span class='hr-inner-style'><\/span><\/span><\/div>\n<div  class='av-buildercomment  av-blog-meta-html-info-disabled av-blog-meta-tag-disabled  '><\/div>\n","protected":false},"excerpt":{"rendered":"","protected":false},"author":1,"featured_media":66530,"comment_status":"closed","ping_status":"closed","sticky":false,"template":"","format":"standard","meta":{"footnotes":""},"categories":[38],"tags":[],"class_list":["post-66529","post","type-post","status-publish","format-standard","has-post-thumbnail","hentry","category-regional"],"jetpack_featured_media_url":"https:\/\/radiorevelacionfm.cl\/wp-content\/uploads\/2026\/04\/img-20260424-wa0000-1_optimized-1.jpg","_links":{"self":[{"href":"https:\/\/radiorevelacionfm.cl\/index.php?rest_route=\/wp\/v2\/posts\/66529","targetHints":{"allow":["GET"]}}],"collection":[{"href":"https:\/\/radiorevelacionfm.cl\/index.php?rest_route=\/wp\/v2\/posts"}],"about":[{"href":"https:\/\/radiorevelacionfm.cl\/index.php?rest_route=\/wp\/v2\/types\/post"}],"author":[{"embeddable":true,"href":"https:\/\/radiorevelacionfm.cl\/index.php?rest_route=\/wp\/v2\/users\/1"}],"replies":[{"embeddable":true,"href":"https:\/\/radiorevelacionfm.cl\/index.php?rest_route=%2Fwp%2Fv2%2Fcomments&post=66529"}],"version-history":[{"count":2,"href":"https:\/\/radiorevelacionfm.cl\/index.php?rest_route=\/wp\/v2\/posts\/66529\/revisions"}],"predecessor-version":[{"id":66532,"href":"https:\/\/radiorevelacionfm.cl\/index.php?rest_route=\/wp\/v2\/posts\/66529\/revisions\/66532"}],"wp:featuredmedia":[{"embeddable":true,"href":"https:\/\/radiorevelacionfm.cl\/index.php?rest_route=\/wp\/v2\/media\/66530"}],"wp:attachment":[{"href":"https:\/\/radiorevelacionfm.cl\/index.php?rest_route=%2Fwp%2Fv2%2Fmedia&parent=66529"}],"wp:term":[{"taxonomy":"category","embeddable":true,"href":"https:\/\/radiorevelacionfm.cl\/index.php?rest_route=%2Fwp%2Fv2%2Fcategories&post=66529"},{"taxonomy":"post_tag","embeddable":true,"href":"https:\/\/radiorevelacionfm.cl\/index.php?rest_route=%2Fwp%2Fv2%2Ftags&post=66529"}],"curies":[{"name":"wp","href":"https:\/\/api.w.org\/{rel}","templated":true}]}}