{"id":66524,"date":"2026-04-24T14:38:37","date_gmt":"2026-04-24T17:38:37","guid":{"rendered":"https:\/\/radiorevelacionfm.cl\/?p=66524"},"modified":"2026-04-24T14:38:37","modified_gmt":"2026-04-24T17:38:37","slug":"54-familias-de-la-region-de-aysen-inician-intervencion-para-mejorar-las-condiciones-de-sus-viviendas","status":"publish","type":"post","link":"https:\/\/radiorevelacionfm.cl\/?p=66524","title":{"rendered":"54 familias de la regi\u00f3n de Ays\u00e9n inician intervenci\u00f3n para mejorar las condiciones de sus viviendas"},"content":{"rendered":"<div class=\"flex_column av_one_full  flex_column_div av-zero-column-padding first  avia-builder-el-0  el_before_av_one_full  avia-builder-el-first  \" style='border-radius:0px; '><div  class='avia-image-container  av-styling-    avia-builder-el-1  avia-builder-el-no-sibling  avia-align-center '  itemprop=\"image\" itemscope=\"itemscope\" itemtype=\"https:\/\/schema.org\/ImageObject\"  ><div class='avia-image-container-inner'><div class='avia-image-overlay-wrap'><img decoding=\"async\" class='wp-image-66526 avia-img-lazy-loading-not-66526 avia_image' src=\"https:\/\/radiorevelacionfm.cl\/wp-content\/uploads\/2026\/04\/habitabilidad-coyhaique-1-1_optimized-1.jpeg\" alt='' title='habitabilidad-coyhaique-1-(1)_optimized (1)' height=\"600\" width=\"1067\"  itemprop=\"thumbnailUrl\" srcset=\"https:\/\/radiorevelacionfm.cl\/wp-content\/uploads\/2026\/04\/habitabilidad-coyhaique-1-1_optimized-1.jpeg 1067w, https:\/\/radiorevelacionfm.cl\/wp-content\/uploads\/2026\/04\/habitabilidad-coyhaique-1-1_optimized-1-300x169.jpeg 300w, https:\/\/radiorevelacionfm.cl\/wp-content\/uploads\/2026\/04\/habitabilidad-coyhaique-1-1_optimized-1-1030x579.jpeg 1030w, https:\/\/radiorevelacionfm.cl\/wp-content\/uploads\/2026\/04\/habitabilidad-coyhaique-1-1_optimized-1-768x432.jpeg 768w, https:\/\/radiorevelacionfm.cl\/wp-content\/uploads\/2026\/04\/habitabilidad-coyhaique-1-1_optimized-1-705x396.jpeg 705w, https:\/\/radiorevelacionfm.cl\/wp-content\/uploads\/2026\/04\/habitabilidad-coyhaique-1-1_optimized-1-450x253.jpeg 450w, https:\/\/radiorevelacionfm.cl\/wp-content\/uploads\/2026\/04\/habitabilidad-coyhaique-1-1_optimized-1-600x337.jpeg 600w\" sizes=\"(max-width: 1067px) 100vw, 1067px\" \/><\/div><\/div><\/div><\/div><div class=\"flex_column av_one_full  flex_column_div av-zero-column-padding first  avia-builder-el-2  el_after_av_one_full  el_before_av_one_full  column-top-margin\" style='border-radius:0px; '><section class=\"av_textblock_section \"  itemscope=\"itemscope\" itemtype=\"https:\/\/schema.org\/BlogPosting\" itemprop=\"blogPost\" ><div class='avia_textblock  '   itemprop=\"text\" ><p style=\"text-align: center;\"><strong><span style=\"font-size: 18pt;\">54 familias de la regi\u00f3n de Ays\u00e9n inician intervenci\u00f3n para mejorar las condiciones de sus viviendas<\/span><\/strong><\/p>\n<div id=\"gtx-trans\" style=\"position: absolute; left: -50px; top: 4.31534px;\">\n<div class=\"gtx-trans-icon\"><\/div>\n<\/div>\n<\/div><\/section><\/div><div class=\"flex_column av_one_full  flex_column_div av-zero-column-padding first  avia-builder-el-4  el_after_av_one_full  el_before_av_hr  column-top-margin\" style='border-radius:0px; '><section class=\"av_textblock_section \"  itemscope=\"itemscope\" itemtype=\"https:\/\/schema.org\/BlogPosting\" itemprop=\"blogPost\" ><div class='avia_textblock  '   itemprop=\"text\" ><ul>\n<li style=\"text-align: justify;\"><em>Conocimos tres familias de Coyhaique, que son parte de la convocatoria de este a\u00f1o y recibir\u00e1n soluciones constructivas, equipamiento mobiliario y sesiones de asesor\u00eda, gracias al programa de Habitabilidad.<\/em><\/li>\n<\/ul>\n<p style=\"text-align: justify;\">Visitamos a tres familias que son parte del programa de Habitabilidad, una pol\u00edtica p\u00fablica que permite mejorar las condiciones de vida dentro del hogar, para conocer de cerca las necesidades, expectativas y llevar a cabo parte del trabajo de diagn\u00f3stico sobre la problem\u00e1tica de las personas usuarias seleccionadas en la convocatoria de este a\u00f1o.<\/p>\n<p style=\"text-align: justify;\">Este programa entrega soluciones constructivas para mejorar servicios b\u00e1sicos, infraestructura de la vivienda, entorno residencial o equipamiento dom\u00e9stico; asesor\u00edas para el uso, cuidado y mantenci\u00f3n de la vivienda; y sesiones de asesor\u00edas familiares o grupales en h\u00e1bitos de vida saludable y de uso y autocuidado de la vivienda.<\/p>\n<p style=\"text-align: justify;\">La actividad fue liderada por la seremi de Desarrollo Social y Familia, Marcia Raphael Mora, y la directora regional (s) del FOSIS, Mar\u00eda Soledad Vera Sol\u00eds.<\/p>\n<p style=\"text-align: justify;\">La seremi destac\u00f3 que \u201choy hemos conocido de cerca la realidad de familias de Coyhaique que forman parte del Programa Habitabilidad, una pol\u00edtica p\u00fablica que permite mejorar las condiciones de vida dentro del hogar y avanzar en mayor bienestar para quienes m\u00e1s lo necesitan\u201d.<\/p>\n<p style=\"text-align: justify;\">Beneficiarios como Jos\u00e9 Duamante Mu\u00f1oz, persona mayor con discapacidad visual y auditiva que se dedicaba a la alba\u00f1iler\u00eda, este a\u00f1o podr\u00e1 mejorar las condiciones de su vivienda gracias al programa, afirmando que para \u00e9l \u201ces importante porque es un ahorro. Soy obrero, pero no tengo los recursos para hacer esta instalaci\u00f3n, adem\u00e1s tuve un accidente y en este momento estoy sin trabajo\u201d.<\/p>\n<p style=\"text-align: justify;\">Por su parte, Ilse Antim\u00e1n Soto, due\u00f1a de casa y usuaria de Habitabilidad, manifest\u00f3 que \u201cpara m\u00ed ser\u00e1 una ayuda porque mi casa es chiquita y muy fr\u00eda, por lo que mejorar\u00e1n mi espacio para que el calor de la cocina a fuego no se escape\u201d.<\/p>\n<p style=\"text-align: justify;\">El programa de Habitabilidad es financiado por el Ministerio de Desarrollo Social y Familia, ejecutado por los Municipios y asistido t\u00e9cnicamente por el FOSIS. A nivel regional, este a\u00f1o se realizar\u00e1n intervenciones a 54 familias de las comunas de Chile Chico, R\u00edo Ib\u00e1\u00f1ez, Cisnes, Ays\u00e9n y Coyhaique.<\/p>\n<p style=\"text-align: justify;\">Esta instancia program\u00e1tica no es postulable, ya que atiende a personas que participan en los programas Familias, Abriendo Caminos, V\u00ednculos o Calle, que son parte del subsistema de Seguridades y Oportunidades del Ministerio de Desarrollo Social y Familia del Gobierno de Chile.<\/p>\n<\/div><\/section><\/div><div  style='height:50px' class='hr hr-invisible   avia-builder-el-6  el_after_av_one_full  el_before_av_social_share '><span class='hr-inner ' ><span class='hr-inner-style'><\/span><\/span><\/div><\/p>\n<div  class='av-social-sharing-box  avia-builder-el-7  el_after_av_hr  el_before_av_hr  '><div class='av-share-box'><h5 class='av-share-link-description av-no-toc '>Compartir esta noticia<\/h5><ul class='av-share-box-list noLightbox'><li class='av-share-link av-social-link-facebook' ><a target=\"_blank\" aria-label=\"Compartir en Facebook\" href='https:\/\/www.facebook.com\/sharer.php?u=https:\/\/radiorevelacionfm.cl\/?p=66524&#038;t=54%20familias%20de%20la%20regi%C3%B3n%20de%20Ays%C3%A9n%20inician%20intervenci%C3%B3n%20para%20mejorar%20las%20condiciones%20de%20sus%20viviendas' aria-hidden='false' data-av_icon='\ue8f3' data-av_iconfont='entypo-fontello' title='' data-avia-related-tooltip='Compartir en Facebook' rel=\"noopener\"><span class='avia_hidden_link_text'>Compartir en Facebook<\/span><\/a><\/li><li class='av-share-link av-social-link-twitter' ><a target=\"_blank\" aria-label=\"Compartir en Twitter\" href='https:\/\/twitter.com\/share?text=54%20familias%20de%20la%20regi%C3%B3n%20de%20Ays%C3%A9n%20inician%20intervenci%C3%B3n%20para%20mejorar%20las%20condiciones%20de%20sus%20viviendas&#038;url=https:\/\/radiorevelacionfm.cl\/?p=66524' aria-hidden='false' data-av_icon='\ue8f1' data-av_iconfont='entypo-fontello' title='' data-avia-related-tooltip='Compartir en Twitter' rel=\"noopener\"><span class='avia_hidden_link_text'>Compartir en Twitter<\/span><\/a><\/li><li class='av-share-link av-social-link-whatsapp' ><a target=\"_blank\" aria-label=\"Compartir en Whatsapp\" href='https:\/\/api.whatsapp.com\/send?text=https:\/\/radiorevelacionfm.cl\/?p=66524' aria-hidden='false' data-av_icon='\uf232' data-av_iconfont='entypo-fontello' title='' data-avia-related-tooltip='Compartir en Whatsapp' rel=\"noopener\"><span class='avia_hidden_link_text'>Compartir en Whatsapp<\/span><\/a><\/li><li class='av-share-link av-social-link-linkedin' ><a target=\"_blank\" aria-label=\"Compartir en LinkedIn\" href='https:\/\/linkedin.com\/shareArticle?mini=true&#038;title=54%20familias%20de%20la%20regi%C3%B3n%20de%20Ays%C3%A9n%20inician%20intervenci%C3%B3n%20para%20mejorar%20las%20condiciones%20de%20sus%20viviendas&#038;url=https:\/\/radiorevelacionfm.cl\/?p=66524' aria-hidden='false' data-av_icon='\ue8fc' data-av_iconfont='entypo-fontello' title='' data-avia-related-tooltip='Compartir en LinkedIn' rel=\"noopener\"><span class='avia_hidden_link_text'>Compartir en LinkedIn<\/span><\/a><\/li><li class='av-share-link av-social-link-mail' ><a  aria-label=\"Compartir por correo\" href='mailto:?subject=54%20familias%20de%20la%20regi%C3%B3n%20de%20Ays%C3%A9n%20inician%20intervenci%C3%B3n%20para%20mejorar%20las%20condiciones%20de%20sus%20viviendas&#038;body=https:\/\/radiorevelacionfm.cl\/?p=66524' aria-hidden='false' data-av_icon='\ue805' data-av_iconfont='entypo-fontello' title='' data-avia-related-tooltip='Compartir por correo'><span class='avia_hidden_link_text'>Compartir por correo<\/span><\/a><\/li><\/ul><\/div><\/div>\n<div  style='height:50px' class='hr hr-invisible   avia-builder-el-8  el_after_av_social_share  el_before_av_comments_list '><span class='hr-inner ' ><span class='hr-inner-style'><\/span><\/span><\/div>\n<div  class='av-buildercomment  av-blog-meta-html-info-disabled av-blog-meta-tag-disabled  '><\/div>\n","protected":false},"excerpt":{"rendered":"","protected":false},"author":1,"featured_media":66526,"comment_status":"closed","ping_status":"closed","sticky":false,"template":"","format":"standard","meta":{"footnotes":""},"categories":[38],"tags":[],"class_list":["post-66524","post","type-post","status-publish","format-standard","has-post-thumbnail","hentry","category-regional"],"jetpack_featured_media_url":"https:\/\/radiorevelacionfm.cl\/wp-content\/uploads\/2026\/04\/habitabilidad-coyhaique-1-1_optimized-1.jpeg","_links":{"self":[{"href":"https:\/\/radiorevelacionfm.cl\/index.php?rest_route=\/wp\/v2\/posts\/66524","targetHints":{"allow":["GET"]}}],"collection":[{"href":"https:\/\/radiorevelacionfm.cl\/index.php?rest_route=\/wp\/v2\/posts"}],"about":[{"href":"https:\/\/radiorevelacionfm.cl\/index.php?rest_route=\/wp\/v2\/types\/post"}],"author":[{"embeddable":true,"href":"https:\/\/radiorevelacionfm.cl\/index.php?rest_route=\/wp\/v2\/users\/1"}],"replies":[{"embeddable":true,"href":"https:\/\/radiorevelacionfm.cl\/index.php?rest_route=%2Fwp%2Fv2%2Fcomments&post=66524"}],"version-history":[{"count":2,"href":"https:\/\/radiorevelacionfm.cl\/index.php?rest_route=\/wp\/v2\/posts\/66524\/revisions"}],"predecessor-version":[{"id":66528,"href":"https:\/\/radiorevelacionfm.cl\/index.php?rest_route=\/wp\/v2\/posts\/66524\/revisions\/66528"}],"wp:featuredmedia":[{"embeddable":true,"href":"https:\/\/radiorevelacionfm.cl\/index.php?rest_route=\/wp\/v2\/media\/66526"}],"wp:attachment":[{"href":"https:\/\/radiorevelacionfm.cl\/index.php?rest_route=%2Fwp%2Fv2%2Fmedia&parent=66524"}],"wp:term":[{"taxonomy":"category","embeddable":true,"href":"https:\/\/radiorevelacionfm.cl\/index.php?rest_route=%2Fwp%2Fv2%2Fcategories&post=66524"},{"taxonomy":"post_tag","embeddable":true,"href":"https:\/\/radiorevelacionfm.cl\/index.php?rest_route=%2Fwp%2Fv2%2Ftags&post=66524"}],"curies":[{"name":"wp","href":"https:\/\/api.w.org\/{rel}","templated":true}]}}