{"id":6652,"date":"2021-07-26T17:25:03","date_gmt":"2021-07-26T20:25:03","guid":{"rendered":"https:\/\/radiorevelacionfm.cl\/?p=6652"},"modified":"2021-07-26T17:30:31","modified_gmt":"2021-07-26T20:30:31","slug":"intensa-jornada-de-trabajo-con-vecinos-de-islas-huichas-sostuvieron-autoridades-ayseninas","status":"publish","type":"post","link":"https:\/\/radiorevelacionfm.cl\/?p=6652","title":{"rendered":"Intensa jornada de trabajo con vecinos de Islas Huichas sostuvieron autoridades ayseninas"},"content":{"rendered":"<div class=\"flex_column av_one_full  flex_column_div av-zero-column-padding first  avia-builder-el-0  el_before_av_one_full  avia-builder-el-first  \" style='border-radius:0px; '><div  class='avia-image-container  av-styling-    avia-builder-el-1  avia-builder-el-no-sibling  avia-align-center '  itemprop=\"image\" itemscope=\"itemscope\" itemtype=\"https:\/\/schema.org\/ImageObject\"  ><div class='avia-image-container-inner'><div class='avia-image-overlay-wrap'><img decoding=\"async\" class='wp-image-6655 avia-img-lazy-loading-not-6655 avia_image' src=\"https:\/\/radiorevelacionfm.cl\/wp-content\/uploads\/2021\/07\/img-ihmuni213i-1-1_optimized.jpg\" alt='' title='img-ihmuni213i-(1)-(1)_optimized' height=\"600\" width=\"1096\"  itemprop=\"thumbnailUrl\" srcset=\"https:\/\/radiorevelacionfm.cl\/wp-content\/uploads\/2021\/07\/img-ihmuni213i-1-1_optimized.jpg 1096w, https:\/\/radiorevelacionfm.cl\/wp-content\/uploads\/2021\/07\/img-ihmuni213i-1-1_optimized-300x164.jpg 300w, https:\/\/radiorevelacionfm.cl\/wp-content\/uploads\/2021\/07\/img-ihmuni213i-1-1_optimized-1030x564.jpg 1030w, https:\/\/radiorevelacionfm.cl\/wp-content\/uploads\/2021\/07\/img-ihmuni213i-1-1_optimized-768x420.jpg 768w, https:\/\/radiorevelacionfm.cl\/wp-content\/uploads\/2021\/07\/img-ihmuni213i-1-1_optimized-705x386.jpg 705w, https:\/\/radiorevelacionfm.cl\/wp-content\/uploads\/2021\/07\/img-ihmuni213i-1-1_optimized-600x328.jpg 600w\" sizes=\"(max-width: 1096px) 100vw, 1096px\" \/><\/div><\/div><\/div><\/div><div class=\"flex_column av_one_full  flex_column_div av-zero-column-padding first  avia-builder-el-2  el_after_av_one_full  el_before_av_one_full  column-top-margin\" style='border-radius:0px; '><section class=\"av_textblock_section \"  itemscope=\"itemscope\" itemtype=\"https:\/\/schema.org\/BlogPosting\" itemprop=\"blogPost\" ><div class='avia_textblock  '   itemprop=\"text\" ><p style=\"text-align: center;\"><strong><span style=\"font-size: 18pt;\">Intensa jornada de trabajo con vecinos de Islas Huichas sostuvieron autoridades ayseninas <\/span><\/strong><\/p>\n<div id=\"gtx-trans\" style=\"position: absolute; left: -50px; top: 4.31534px;\">\n<div class=\"gtx-trans-icon\"><\/div>\n<\/div>\n<\/div><\/section><\/div><\/p>\n<div class=\"flex_column av_one_full  flex_column_div av-zero-column-padding first  avia-builder-el-4  el_after_av_one_full  el_before_av_hr  column-top-margin\" style='border-radius:0px; '><section class=\"av_textblock_section \"  itemscope=\"itemscope\" itemtype=\"https:\/\/schema.org\/BlogPosting\" itemprop=\"blogPost\" ><div class='avia_textblock  '   itemprop=\"text\" ><p style=\"text-align: justify;\">Hasta el punto m\u00e1s insular de la comuna de Ays\u00e9n llegaron diversos personeros municipales liderados por el alcalde de la comuna, Julio Uribe, en compa\u00f1\u00eda de los concejales Gabriel Mu\u00f1oz y Tatiana Villarroel para escuchar y atender los distintos requerimientos de la localidad. En la instancia, efectuada durante el fin de semana reci\u00e9n pasado, las autoridades municipales sostuvieron distintas rondas de reuniones tratando as\u00ed temas diversos relacionados al deporte, salud y otras materias del quehacer social.<\/p>\n<p style=\"text-align: justify;\">Al respecto, la primera autoridad de la comuna, Julio Uribe, destac\u00f3 que una de sus principales l\u00edneas de acci\u00f3n ser\u00e1 entregarle una real importancia a este territorio que se ha sentido desplazado por d\u00e9cadas, \u201cla gente nos ha recibido muy c\u00e1lidamente, nos vamos llenos de consulta, de dudas, de gestiones que tenemos que hacer para que con todos los equipos t\u00e9cnicos municipales podamos mejorar la calidad de vida, tanto en la parte social, como de infraestructura, medio ambiente, eso para m\u00ed es muy importante\u201d.<\/p>\n<p style=\"text-align: justify;\">En adici\u00f3n, la autoridad abord\u00f3 que \u201cvamos a generar las instancias para seguir viniendo y seguir colaborando con todos los dirigentes sociales, hemos estado con la rama deportiva con las Juntas de Vecinos, con los PMU, los adultos mayores, con diferentes personas que tienen diversas problem\u00e1ticas. Pero contento por la recepci\u00f3n y contento por el trabajo que hemos desarrollado y por el que vamos a desarrollar\u201d aclar\u00f3 el l\u00edder comunal.<\/p>\n<p style=\"text-align: justify;\">En la misma l\u00ednea, Tatiana Villarroel, concejala y oriunda de la localidad destac\u00f3 la intensa agenda sostenida en la zona para abordar las problem\u00e1ticas expuestas por la comunidad \u201ces una Isla que hist\u00f3ricamente ha sido abandonada en ciertos aspectos, as\u00ed es que, nosotros vamos a tratar de trabajar lo que m\u00e1s podamos aqu\u00ed en la localidad sin hacer tanto compromiso sino que con m\u00e1s acci\u00f3n, que es lo qu\u00e9 queremos marcar. Nos vamos llenos de preocupaciones, llenos de tareas y ahora hay que hacerlas que eso es lo m\u00e1s importante y lo que espera la gente\u201d.<\/p>\n<p style=\"text-align: justify;\">Por su parte, el concejal Gabriel Mu\u00f1oz, coment\u00f3 su felicidad al estar presente en este despliegue municipal, de conocer a la gente que habita la zona y las necesidades que plantean para el desarrollo de sus vidas. \u201crecorrimos distintos lugares, hemos conocido agrupaciones, instituciones, Juntas de Vecinos, adultos mayores, los cuales poseen hartas inquietudes y de las cuales uno como concejal nuevo no sab\u00eda y ahora nos estamos enterando para poder tambi\u00e9n apoyar en lo que se pueda\u201d.<\/p>\n<p style=\"text-align: justify;\">En tanto, Javier Formantel, presidente de la JJ.VV. de Puerto Aguirre, expres\u00f3 que ellos como organizaci\u00f3n se encontraban a la espera de concretar una reuni\u00f3n con las autoridades, tras realizar una invitaci\u00f3n posterior a la asunci\u00f3n. Encuentro que estuvo marcado por el planteamiento de los habitantes del sector en temas de conectividad, salud, alcantarillados, entre otros. Haciendo \u00e9nfasis en los compromisos adoptados para un trabajo cohesionado.<\/p>\n<p style=\"text-align: justify;\">En la instancia, una situaci\u00f3n que estuvo latente fue la construcci\u00f3n del estadio para Puerto Aguirre, materia en la cual el municipio ha desarrollado los respectivos estudios de suelo y que el alcalde aclar\u00f3 con la rama deportiva del lugar. En este sentido, Macarena Coloane, tesorera del Club Deportivo Escuela, mencion\u00f3 estar conforme con las soluciones que se trataron en la instancia de di\u00e1logo con miras a contar con una infraestructura que se adecue a las necesidades expuestas en materia deportiva.<\/p>\n<p style=\"text-align: justify;\">Nelson Millatureo, dirigente social de la zona, quien particip\u00f3 de la reuni\u00f3n sostenida con las tres unidades vecinales existentes en el lugar, detall\u00f3 que se expuso a las autoridades y el personal municipal los problemas existentes en pos de tener el compromiso de la Casa Edilicia por avanzar en soluciones para los mismos. \u201cnecesitamos de mayor atenci\u00f3n en la Isla, muchas de las pol\u00edticas p\u00fablicas que se desarrollan para el resto del pa\u00eds nos afectan y en muchas veces son lapidarias para nuestra comunidad, por lo tanto, necesitamos entender lo que aqu\u00ed ocurre y necesitamos sobre todo que la autoridad comunal nos acompa\u00f1e en este proceso\u201d.<\/p>\n<p style=\"text-align: justify;\">Finalmente, Roberto Araneda, capataz del Programa de Mejoramiento Urbano (PMU) de Estero Copa, enfatiz\u00f3 en lo productiva de la instancia sostenida con la primera autoridad para abordar el retraso presentado por los proyectos a ejecutar y que causaron producto de lo mismo cierto enojo en la poblaci\u00f3n, \u201cpero se lleg\u00f3 a buen puerto y ya vamos a empezar pronto a materializar las cosas para la Isla, pero ya se sabe que el alcalde est\u00e1 consciente, va a luchar por tener una conversaci\u00f3n con la gente de la Isla\u201d, puntualiz\u00f3 el trabajador.<\/p>\n<\/div><\/section><\/div>\n<div  style='height:50px' class='hr hr-invisible   avia-builder-el-6  el_after_av_one_full  el_before_av_social_share '><span class='hr-inner ' ><span class='hr-inner-style'><\/span><\/span><\/div>\n<div  class='av-social-sharing-box  avia-builder-el-7  el_after_av_hr  el_before_av_hr  '><div class='av-share-box'><h5 class='av-share-link-description av-no-toc '>Compartir esta noticia<\/h5><ul class='av-share-box-list noLightbox'><li class='av-share-link av-social-link-facebook' ><a target=\"_blank\" aria-label=\"Compartir en Facebook\" href='https:\/\/www.facebook.com\/sharer.php?u=https:\/\/radiorevelacionfm.cl\/?p=6652&#038;t=Intensa%20jornada%20de%20trabajo%20con%20vecinos%20de%20Islas%20Huichas%20sostuvieron%20autoridades%20ayseninas' aria-hidden='false' data-av_icon='\ue8f3' data-av_iconfont='entypo-fontello' title='' data-avia-related-tooltip='Compartir en Facebook' rel=\"noopener\"><span class='avia_hidden_link_text'>Compartir en Facebook<\/span><\/a><\/li><li class='av-share-link av-social-link-twitter' ><a target=\"_blank\" aria-label=\"Compartir en Twitter\" href='https:\/\/twitter.com\/share?text=Intensa%20jornada%20de%20trabajo%20con%20vecinos%20de%20Islas%20Huichas%20sostuvieron%20autoridades%20ayseninas&#038;url=https:\/\/radiorevelacionfm.cl\/?p=6652' aria-hidden='false' data-av_icon='\ue8f1' data-av_iconfont='entypo-fontello' title='' data-avia-related-tooltip='Compartir en Twitter' rel=\"noopener\"><span class='avia_hidden_link_text'>Compartir en Twitter<\/span><\/a><\/li><li class='av-share-link av-social-link-whatsapp' ><a target=\"_blank\" aria-label=\"Compartir en Whatsapp\" href='https:\/\/api.whatsapp.com\/send?text=https:\/\/radiorevelacionfm.cl\/?p=6652' aria-hidden='false' data-av_icon='\uf232' data-av_iconfont='entypo-fontello' title='' data-avia-related-tooltip='Compartir en Whatsapp' rel=\"noopener\"><span class='avia_hidden_link_text'>Compartir en Whatsapp<\/span><\/a><\/li><li class='av-share-link av-social-link-linkedin' ><a target=\"_blank\" aria-label=\"Compartir en LinkedIn\" href='https:\/\/linkedin.com\/shareArticle?mini=true&#038;title=Intensa%20jornada%20de%20trabajo%20con%20vecinos%20de%20Islas%20Huichas%20sostuvieron%20autoridades%20ayseninas&#038;url=https:\/\/radiorevelacionfm.cl\/?p=6652' aria-hidden='false' data-av_icon='\ue8fc' data-av_iconfont='entypo-fontello' title='' data-avia-related-tooltip='Compartir en LinkedIn' rel=\"noopener\"><span class='avia_hidden_link_text'>Compartir en LinkedIn<\/span><\/a><\/li><li class='av-share-link av-social-link-mail' ><a  aria-label=\"Compartir por correo\" href='mailto:?subject=Intensa%20jornada%20de%20trabajo%20con%20vecinos%20de%20Islas%20Huichas%20sostuvieron%20autoridades%20ayseninas&#038;body=https:\/\/radiorevelacionfm.cl\/?p=6652' aria-hidden='false' data-av_icon='\ue805' data-av_iconfont='entypo-fontello' title='' data-avia-related-tooltip='Compartir por correo'><span class='avia_hidden_link_text'>Compartir por correo<\/span><\/a><\/li><\/ul><\/div><\/div>\n<div  style='height:50px' class='hr hr-invisible   avia-builder-el-8  el_after_av_social_share  el_before_av_comments_list '><span class='hr-inner ' ><span class='hr-inner-style'><\/span><\/span><\/div>\n<div  class='av-buildercomment  av-blog-meta-html-info-disabled av-blog-meta-tag-disabled  '><\/div>\n","protected":false},"excerpt":{"rendered":"","protected":false},"author":1,"featured_media":6655,"comment_status":"open","ping_status":"open","sticky":false,"template":"","format":"standard","meta":{"footnotes":""},"categories":[38],"tags":[],"class_list":["post-6652","post","type-post","status-publish","format-standard","has-post-thumbnail","hentry","category-regional"],"jetpack_featured_media_url":"https:\/\/radiorevelacionfm.cl\/wp-content\/uploads\/2021\/07\/img-ihmuni213i-1-1_optimized.jpg","_links":{"self":[{"href":"https:\/\/radiorevelacionfm.cl\/index.php?rest_route=\/wp\/v2\/posts\/6652","targetHints":{"allow":["GET"]}}],"collection":[{"href":"https:\/\/radiorevelacionfm.cl\/index.php?rest_route=\/wp\/v2\/posts"}],"about":[{"href":"https:\/\/radiorevelacionfm.cl\/index.php?rest_route=\/wp\/v2\/types\/post"}],"author":[{"embeddable":true,"href":"https:\/\/radiorevelacionfm.cl\/index.php?rest_route=\/wp\/v2\/users\/1"}],"replies":[{"embeddable":true,"href":"https:\/\/radiorevelacionfm.cl\/index.php?rest_route=%2Fwp%2Fv2%2Fcomments&post=6652"}],"version-history":[{"count":2,"href":"https:\/\/radiorevelacionfm.cl\/index.php?rest_route=\/wp\/v2\/posts\/6652\/revisions"}],"predecessor-version":[{"id":6656,"href":"https:\/\/radiorevelacionfm.cl\/index.php?rest_route=\/wp\/v2\/posts\/6652\/revisions\/6656"}],"wp:featuredmedia":[{"embeddable":true,"href":"https:\/\/radiorevelacionfm.cl\/index.php?rest_route=\/wp\/v2\/media\/6655"}],"wp:attachment":[{"href":"https:\/\/radiorevelacionfm.cl\/index.php?rest_route=%2Fwp%2Fv2%2Fmedia&parent=6652"}],"wp:term":[{"taxonomy":"category","embeddable":true,"href":"https:\/\/radiorevelacionfm.cl\/index.php?rest_route=%2Fwp%2Fv2%2Fcategories&post=6652"},{"taxonomy":"post_tag","embeddable":true,"href":"https:\/\/radiorevelacionfm.cl\/index.php?rest_route=%2Fwp%2Fv2%2Ftags&post=6652"}],"curies":[{"name":"wp","href":"https:\/\/api.w.org\/{rel}","templated":true}]}}