{"id":66516,"date":"2026-04-24T12:51:55","date_gmt":"2026-04-24T15:51:55","guid":{"rendered":"https:\/\/radiorevelacionfm.cl\/?p=66516"},"modified":"2026-04-24T12:51:55","modified_gmt":"2026-04-24T15:51:55","slug":"acuerdo-de-produccion-limpia-consolida-su-fase-de-implementacion-con-foco-en-la-gestion-productiva-y-valorizacion-del-bosque-nativo-en-la-region","status":"publish","type":"post","link":"https:\/\/radiorevelacionfm.cl\/?p=66516","title":{"rendered":"Acuerdo de Producci\u00f3n Limpia consolida su fase de implementaci\u00f3n con foco en la gesti\u00f3n productiva y valorizaci\u00f3n del bosque nativo en la regi\u00f3n"},"content":{"rendered":"<div class=\"flex_column av_one_full  flex_column_div av-zero-column-padding first  avia-builder-el-0  el_before_av_one_full  avia-builder-el-first  \" style='border-radius:0px; '><div  class='avia-image-container  av-styling-    avia-builder-el-1  avia-builder-el-no-sibling  avia-align-center '  itemprop=\"image\" itemscope=\"itemscope\" itemtype=\"https:\/\/schema.org\/ImageObject\"  ><div class='avia-image-container-inner'><div class='avia-image-overlay-wrap'><img decoding=\"async\" class='wp-image-66517 avia-img-lazy-loading-not-66517 avia_image' src=\"https:\/\/radiorevelacionfm.cl\/wp-content\/uploads\/2026\/04\/img_5988-1_optimized.jpeg\" alt='' title='img_5988-(1)_optimized' height=\"600\" width=\"800\"  itemprop=\"thumbnailUrl\" srcset=\"https:\/\/radiorevelacionfm.cl\/wp-content\/uploads\/2026\/04\/img_5988-1_optimized.jpeg 800w, https:\/\/radiorevelacionfm.cl\/wp-content\/uploads\/2026\/04\/img_5988-1_optimized-300x225.jpeg 300w, https:\/\/radiorevelacionfm.cl\/wp-content\/uploads\/2026\/04\/img_5988-1_optimized-768x576.jpeg 768w, https:\/\/radiorevelacionfm.cl\/wp-content\/uploads\/2026\/04\/img_5988-1_optimized-705x529.jpeg 705w, https:\/\/radiorevelacionfm.cl\/wp-content\/uploads\/2026\/04\/img_5988-1_optimized-450x338.jpeg 450w, https:\/\/radiorevelacionfm.cl\/wp-content\/uploads\/2026\/04\/img_5988-1_optimized-600x450.jpeg 600w\" sizes=\"(max-width: 800px) 100vw, 800px\" \/><\/div><\/div><\/div><\/div><div class=\"flex_column av_one_full  flex_column_div av-zero-column-padding first  avia-builder-el-2  el_after_av_one_full  el_before_av_one_full  column-top-margin\" style='border-radius:0px; '><section class=\"av_textblock_section \"  itemscope=\"itemscope\" itemtype=\"https:\/\/schema.org\/BlogPosting\" itemprop=\"blogPost\" ><div class='avia_textblock  '   itemprop=\"text\" ><p style=\"text-align: center;\"><strong><span style=\"font-size: 18pt;\">Acuerdo de Producci\u00f3n Limpia consolida su fase de implementaci\u00f3n con foco en la gesti\u00f3n productiva y valorizaci\u00f3n del bosque nativo en la regi\u00f3n<\/span><\/strong><\/p>\n<div id=\"gtx-trans\" style=\"position: absolute; left: -50px; top: 4.31534px;\">\n<div class=\"gtx-trans-icon\"><\/div>\n<\/div>\n<\/div><\/section><\/div><div class=\"flex_column av_one_full  flex_column_div av-zero-column-padding first  avia-builder-el-4  el_after_av_one_full  el_before_av_hr  column-top-margin\" style='border-radius:0px; '><section class=\"av_textblock_section \"  itemscope=\"itemscope\" itemtype=\"https:\/\/schema.org\/BlogPosting\" itemprop=\"blogPost\" ><div class='avia_textblock  '   itemprop=\"text\" ><p style=\"text-align: justify;\"><em>El Comit\u00e9 Coordinador del APL Bosque Nativo en Coyhaique realiz\u00f3 una jornada de trabajo con actores p\u00fablicos, privados y propietarios de predios, reafirmando el compromiso regional con la gesti\u00f3n sostenible y puesta en valor del bosque nativo.<\/em><\/p>\n<p style=\"text-align: justify;\">Con el objetivo de alinear los compromisos institucionales y avanzar en la implementaci\u00f3n de un modelo de ordenaci\u00f3n forestal a largo plazo,\u00a0la Corporaci\u00f3n Nacional Forestal (CONAF) en la regi\u00f3n de Ays\u00e9n lider\u00f3 un nuevo taller del Comit\u00e9 Coordinador de Acuerdos de Producci\u00f3n Limpia (APL) en bosque nativo, con una amplia participaci\u00f3n de autoridades y actores claves del territorio.<\/p>\n<p style=\"text-align: justify;\">La reuni\u00f3n en la ciudad de Coyhaique convoc\u00f3 a representantes de CONAF, INDAP, el Gobierno Regional y las Serem\u00edas de Medio Ambiente, Agricultura y Energ\u00eda, entre otros.\u00a0La jornada permiti\u00f3 avanzar en la articulaci\u00f3n institucional y en la implementaci\u00f3n de acciones concretas que fortalezcan el desarrollo del sector bajo un modelo de ordenaci\u00f3n forestal de largo plazo.<\/p>\n<p style=\"text-align: justify;\">\u201cComo\u00a0Ministerio de Agricultura nos interesa seguir este modelo de trabajo que apunta a equilibrar la productividad del bosque nativo con la protecci\u00f3n de los ecosistemas, la creaci\u00f3n de empleo en las comunidades locales\u00a0y la capacidad de enfrentar los retos que impone el cambio clim\u00e1tico,\u00bb manifest\u00f3, Yordy Cea Espa\u00f1a, Seremi de Agricultura de Ays\u00e9n.<\/p>\n<p style=\"text-align: justify;\">\u00abEste\u00a0espacio de gobernanza resulta clave para alinear instrumentos p\u00fablicos, definir acciones colectivas y fortalecer la competitividad del sector forestal a nivel regional,\u00a0con acciones concretas con una hoja de ruta clara y compartida que detecte brechas y oportunidades, levantadas directamente desde el territorio\u00bb, indic\u00f3 la directora regional de CONAF en la regi\u00f3n de Ays\u00e9n, Marcela Pi\u00f1ones C\u00e1ceres.<\/p>\n<p style=\"text-align: justify;\">La jornada tambi\u00e9n cont\u00f3 con un\u00a0\u201cD\u00eda de Bosque\u201d, espec\u00edficamente con la visita al predio de Elizardo Aguilar, donde se constat\u00f3 en terreno y valid\u00f3 un modelo de ordenamiento forestal\u00a0basado en una zonificaci\u00f3n estricta del territorio que distingue \u00e1reas de producci\u00f3n silvopecuaria de aquellas de uso forestal o destinadas a la regulaci\u00f3n y provisi\u00f3n de servicios ecosist\u00e9micos.<\/p>\n<p style=\"text-align: justify;\">\u00abConsolidar esta etapa del acuerdo significa pasar del plan de ordenaci\u00f3n en papel a la acci\u00f3n real.\u00a0Para nosotros, el bosque nativo no es un paisaje intocable que solo se mira; es un motor econ\u00f3mico que, bien trabajado, nos permite profesionalizar nuestro rubro,\u00a0Lo que buscamos es demostrar que el manejo ordenado no es una traba, sino la mejor herramienta para que el bosque sea rentable hoy y se mantenga fuerte para las futuras generaciones\u00bb, se\u00f1al\u00f3\u00a0Jos\u00e9 Ignacio Aguilar, presidente consorcio del APL que agrupa a 12 empresas forestales de la comuna de Coyhaique.<\/p>\n<p style=\"text-align: justify;\">La jornada incluy\u00f3 adem\u00e1s una capacitaci\u00f3n en econom\u00eda circular, que mostr\u00f3 c\u00f3mo valorizar los residuos forestales como subproductos comerciales, reduciendo al mismo tiempo el riesgo de incendios.<\/p>\n<\/div><\/section><\/div><div  style='height:50px' class='hr hr-invisible   avia-builder-el-6  el_after_av_one_full  el_before_av_social_share '><span class='hr-inner ' ><span class='hr-inner-style'><\/span><\/span><\/div><\/p>\n<div  class='av-social-sharing-box  avia-builder-el-7  el_after_av_hr  el_before_av_hr  '><div class='av-share-box'><h5 class='av-share-link-description av-no-toc '>Compartir esta noticia<\/h5><ul class='av-share-box-list noLightbox'><li class='av-share-link av-social-link-facebook' ><a target=\"_blank\" aria-label=\"Compartir en Facebook\" href='https:\/\/www.facebook.com\/sharer.php?u=https:\/\/radiorevelacionfm.cl\/?p=66516&#038;t=Acuerdo%20de%20Producci%C3%B3n%20Limpia%20consolida%20su%20fase%20de%20implementaci%C3%B3n%20con%20foco%20en%20la%20gesti%C3%B3n%20productiva%20y%20valorizaci%C3%B3n%20del%20bosque%20nativo%20en%20la%20regi%C3%B3n' aria-hidden='false' data-av_icon='\ue8f3' data-av_iconfont='entypo-fontello' title='' data-avia-related-tooltip='Compartir en Facebook' rel=\"noopener\"><span class='avia_hidden_link_text'>Compartir en Facebook<\/span><\/a><\/li><li class='av-share-link av-social-link-twitter' ><a target=\"_blank\" aria-label=\"Compartir en Twitter\" href='https:\/\/twitter.com\/share?text=Acuerdo%20de%20Producci%C3%B3n%20Limpia%20consolida%20su%20fase%20de%20implementaci%C3%B3n%20con%20foco%20en%20la%20gesti%C3%B3n%20productiva%20y%20valorizaci%C3%B3n%20del%20bosque%20nativo%20en%20la%20regi%C3%B3n&#038;url=https:\/\/radiorevelacionfm.cl\/?p=66516' aria-hidden='false' data-av_icon='\ue8f1' data-av_iconfont='entypo-fontello' title='' data-avia-related-tooltip='Compartir en Twitter' rel=\"noopener\"><span class='avia_hidden_link_text'>Compartir en Twitter<\/span><\/a><\/li><li class='av-share-link av-social-link-whatsapp' ><a target=\"_blank\" aria-label=\"Compartir en Whatsapp\" href='https:\/\/api.whatsapp.com\/send?text=https:\/\/radiorevelacionfm.cl\/?p=66516' aria-hidden='false' data-av_icon='\uf232' data-av_iconfont='entypo-fontello' title='' data-avia-related-tooltip='Compartir en Whatsapp' rel=\"noopener\"><span class='avia_hidden_link_text'>Compartir en Whatsapp<\/span><\/a><\/li><li class='av-share-link av-social-link-linkedin' ><a target=\"_blank\" aria-label=\"Compartir en LinkedIn\" href='https:\/\/linkedin.com\/shareArticle?mini=true&#038;title=Acuerdo%20de%20Producci%C3%B3n%20Limpia%20consolida%20su%20fase%20de%20implementaci%C3%B3n%20con%20foco%20en%20la%20gesti%C3%B3n%20productiva%20y%20valorizaci%C3%B3n%20del%20bosque%20nativo%20en%20la%20regi%C3%B3n&#038;url=https:\/\/radiorevelacionfm.cl\/?p=66516' aria-hidden='false' data-av_icon='\ue8fc' data-av_iconfont='entypo-fontello' title='' data-avia-related-tooltip='Compartir en LinkedIn' rel=\"noopener\"><span class='avia_hidden_link_text'>Compartir en LinkedIn<\/span><\/a><\/li><li class='av-share-link av-social-link-mail' ><a  aria-label=\"Compartir por correo\" href='mailto:?subject=Acuerdo%20de%20Producci%C3%B3n%20Limpia%20consolida%20su%20fase%20de%20implementaci%C3%B3n%20con%20foco%20en%20la%20gesti%C3%B3n%20productiva%20y%20valorizaci%C3%B3n%20del%20bosque%20nativo%20en%20la%20regi%C3%B3n&#038;body=https:\/\/radiorevelacionfm.cl\/?p=66516' aria-hidden='false' data-av_icon='\ue805' data-av_iconfont='entypo-fontello' title='' data-avia-related-tooltip='Compartir por correo'><span class='avia_hidden_link_text'>Compartir por correo<\/span><\/a><\/li><\/ul><\/div><\/div>\n<div  style='height:50px' class='hr hr-invisible   avia-builder-el-8  el_after_av_social_share  el_before_av_comments_list '><span class='hr-inner ' ><span class='hr-inner-style'><\/span><\/span><\/div>\n<div  class='av-buildercomment  av-blog-meta-html-info-disabled av-blog-meta-tag-disabled  '><\/div>\n","protected":false},"excerpt":{"rendered":"","protected":false},"author":1,"featured_media":66517,"comment_status":"closed","ping_status":"closed","sticky":false,"template":"","format":"standard","meta":{"footnotes":""},"categories":[38],"tags":[],"class_list":["post-66516","post","type-post","status-publish","format-standard","has-post-thumbnail","hentry","category-regional"],"jetpack_featured_media_url":"https:\/\/radiorevelacionfm.cl\/wp-content\/uploads\/2026\/04\/img_5988-1_optimized.jpeg","_links":{"self":[{"href":"https:\/\/radiorevelacionfm.cl\/index.php?rest_route=\/wp\/v2\/posts\/66516","targetHints":{"allow":["GET"]}}],"collection":[{"href":"https:\/\/radiorevelacionfm.cl\/index.php?rest_route=\/wp\/v2\/posts"}],"about":[{"href":"https:\/\/radiorevelacionfm.cl\/index.php?rest_route=\/wp\/v2\/types\/post"}],"author":[{"embeddable":true,"href":"https:\/\/radiorevelacionfm.cl\/index.php?rest_route=\/wp\/v2\/users\/1"}],"replies":[{"embeddable":true,"href":"https:\/\/radiorevelacionfm.cl\/index.php?rest_route=%2Fwp%2Fv2%2Fcomments&post=66516"}],"version-history":[{"count":2,"href":"https:\/\/radiorevelacionfm.cl\/index.php?rest_route=\/wp\/v2\/posts\/66516\/revisions"}],"predecessor-version":[{"id":66519,"href":"https:\/\/radiorevelacionfm.cl\/index.php?rest_route=\/wp\/v2\/posts\/66516\/revisions\/66519"}],"wp:featuredmedia":[{"embeddable":true,"href":"https:\/\/radiorevelacionfm.cl\/index.php?rest_route=\/wp\/v2\/media\/66517"}],"wp:attachment":[{"href":"https:\/\/radiorevelacionfm.cl\/index.php?rest_route=%2Fwp%2Fv2%2Fmedia&parent=66516"}],"wp:term":[{"taxonomy":"category","embeddable":true,"href":"https:\/\/radiorevelacionfm.cl\/index.php?rest_route=%2Fwp%2Fv2%2Fcategories&post=66516"},{"taxonomy":"post_tag","embeddable":true,"href":"https:\/\/radiorevelacionfm.cl\/index.php?rest_route=%2Fwp%2Fv2%2Ftags&post=66516"}],"curies":[{"name":"wp","href":"https:\/\/api.w.org\/{rel}","templated":true}]}}