{"id":66506,"date":"2026-04-23T22:03:31","date_gmt":"2026-04-24T01:03:31","guid":{"rendered":"https:\/\/radiorevelacionfm.cl\/?p=66506"},"modified":"2026-04-23T22:03:31","modified_gmt":"2026-04-24T01:03:31","slug":"el-59-de-las-llamadas-al-133-en-la-region-de-aysen-son-inoficiosas-carabineros-advierte-sobre-impacto-en-emergencias-reales","status":"publish","type":"post","link":"https:\/\/radiorevelacionfm.cl\/?p=66506","title":{"rendered":"El 59% de las llamadas al 133 en la Regi\u00f3n de Ays\u00e9n son inoficiosas: Carabineros advierte sobre impacto en emergencias reales"},"content":{"rendered":"<div class=\"flex_column av_one_full  flex_column_div av-zero-column-padding first  avia-builder-el-0  el_before_av_one_full  avia-builder-el-first  \" style='border-radius:0px; '><div  class='avia-image-container  av-styling-    avia-builder-el-1  avia-builder-el-no-sibling  avia-align-center '  itemprop=\"image\" itemscope=\"itemscope\" itemtype=\"https:\/\/schema.org\/ImageObject\"  ><div class='avia-image-container-inner'><div class='avia-image-overlay-wrap'><img decoding=\"async\" class='wp-image-66509 avia-img-lazy-loading-not-66509 avia_image' src=\"https:\/\/radiorevelacionfm.cl\/wp-content\/uploads\/2026\/04\/008dae0e-3d01-45a9-a77b-feeeab1e318f-1-1_optimized-1.jpg\" alt='' title='008dae0e-3d01-45a9-a77b-feeeab1e318f-(1)-(1)_optimized (1)' height=\"600\" width=\"1067\"  itemprop=\"thumbnailUrl\" srcset=\"https:\/\/radiorevelacionfm.cl\/wp-content\/uploads\/2026\/04\/008dae0e-3d01-45a9-a77b-feeeab1e318f-1-1_optimized-1.jpg 1067w, https:\/\/radiorevelacionfm.cl\/wp-content\/uploads\/2026\/04\/008dae0e-3d01-45a9-a77b-feeeab1e318f-1-1_optimized-1-300x169.jpg 300w, https:\/\/radiorevelacionfm.cl\/wp-content\/uploads\/2026\/04\/008dae0e-3d01-45a9-a77b-feeeab1e318f-1-1_optimized-1-1030x579.jpg 1030w, https:\/\/radiorevelacionfm.cl\/wp-content\/uploads\/2026\/04\/008dae0e-3d01-45a9-a77b-feeeab1e318f-1-1_optimized-1-768x432.jpg 768w, https:\/\/radiorevelacionfm.cl\/wp-content\/uploads\/2026\/04\/008dae0e-3d01-45a9-a77b-feeeab1e318f-1-1_optimized-1-705x396.jpg 705w, https:\/\/radiorevelacionfm.cl\/wp-content\/uploads\/2026\/04\/008dae0e-3d01-45a9-a77b-feeeab1e318f-1-1_optimized-1-450x253.jpg 450w, https:\/\/radiorevelacionfm.cl\/wp-content\/uploads\/2026\/04\/008dae0e-3d01-45a9-a77b-feeeab1e318f-1-1_optimized-1-600x337.jpg 600w\" sizes=\"(max-width: 1067px) 100vw, 1067px\" \/><\/div><\/div><\/div><\/div><div class=\"flex_column av_one_full  flex_column_div av-zero-column-padding first  avia-builder-el-2  el_after_av_one_full  el_before_av_one_full  column-top-margin\" style='border-radius:0px; '><section class=\"av_textblock_section \"  itemscope=\"itemscope\" itemtype=\"https:\/\/schema.org\/BlogPosting\" itemprop=\"blogPost\" ><div class='avia_textblock  '   itemprop=\"text\" ><p style=\"text-align: center;\"><strong><span style=\"font-size: 18pt;\">El 59% de las llamadas al 133 en la Regi\u00f3n de Ays\u00e9n son inoficiosas: Carabineros advierte sobre impacto en emergencias reales<\/span><\/strong><\/p>\n<div id=\"gtx-trans\" style=\"position: absolute; left: -50px; top: 4.31534px;\">\n<div class=\"gtx-trans-icon\"><\/div>\n<\/div>\n<\/div><\/section><\/div><\/p>\n<div class=\"flex_column av_one_full  flex_column_div av-zero-column-padding first  avia-builder-el-4  el_after_av_one_full  el_before_av_hr  column-top-margin\" style='border-radius:0px; '><section class=\"av_textblock_section \"  itemscope=\"itemscope\" itemtype=\"https:\/\/schema.org\/BlogPosting\" itemprop=\"blogPost\" ><div class='avia_textblock  '   itemprop=\"text\" ><ul>\n<li dir=\"ltr\">\n<p dir=\"ltr\" style=\"text-align: justify;\" role=\"presentation\"><em>Este tipo de acciones que se acent\u00faa durante los fines de semana, mantiene la l\u00ednea ocupada, generando riesgo directo para la seguridad p\u00fablica al distraer recursos humanos y log\u00edsticos, generando un retardo en la capacidad de respuesta ante una emergencia real o cuando la vida depende de la atenci\u00f3n de una llamada.<\/em><\/p>\n<\/li>\n<\/ul>\n<p dir=\"ltr\" style=\"text-align: justify;\" role=\"presentation\">Carabineros de Chile hizo un llamado a la comunidad regional para el uso responsable del Fono de Emergencias 133, tras revelar preocupantes cifras sobre el mal uso de esta plataforma de auxilio.<\/p>\n<p dir=\"ltr\" style=\"text-align: justify;\">Seg\u00fan estad\u00edsticas de la Instituci\u00f3n, dadas a conocer por el Prefecto de Carabineros Ays\u00e9n, Coronel Juan Abarca Hern\u00e1ndez, durante el \u00faltimo a\u00f1o, la Central de Comunicaciones (Cenco) recibi\u00f3 m\u00e1s de 62.000 llamadas, de las cuales un 59% fueron calificadas como inoficiosas, incluyendo pitanzas y reportes de procedimientos falsos.<\/p>\n<p dir=\"ltr\" style=\"text-align: justify;\">Frente a lo anterior, el Oficial superior a\u00f1adi\u00f3 que este fen\u00f3meno no solo satura las l\u00edneas, sino que genera un riesgo directo para la seguridad p\u00fablica al distraer recursos humanos y log\u00edsticos que son limitados.<\/p>\n<p dir=\"ltr\" style=\"text-align: justify;\">Seg\u00fan la Instituci\u00f3n, este tipo de situaciones retardan la capacidad de respuesta operativa ante requerimientos reales donde muchas veces la vida o la integridad de las personas est\u00e1 en peligro y depende de una llamada y respuesta oportuna.<\/p>\n<p dir=\"ltr\" style=\"text-align: justify;\"><strong>Fila virtual<\/strong><\/p>\n<p dir=\"ltr\" style=\"text-align: justify;\">\u201cAcciones de este tipo distraen el recurso de Carabineros, que es un recurso limitado y est\u00e1 orientado a la prevenci\u00f3n, al patrullaje, a atender los requerimientos de los vecinos y eso retarda la llegada tanto de carabineros como la atenci\u00f3n de este n\u00famero de emergencias\u201d, indic\u00f3 el Prefecto Abarca.<\/p>\n<p dir=\"ltr\" style=\"text-align: justify;\">Cuando un usuario escucha una grabaci\u00f3n al marcar, se debe a que los operadores est\u00e1n atendiendo otras llamadas en curso, muchas de las cuales resultan no ser emergencias.<\/p>\n<p dir=\"ltr\" style=\"text-align: justify;\">Ante esto, Carabineros entreg\u00f3 una recomendaci\u00f3n t\u00e9cnica clave para quienes s\u00ed presentan una emergencia real: no cortar la llamada.<\/p>\n<p dir=\"ltr\" style=\"text-align: justify;\">\u00abEl sistema opera como una fila de espera virtual por orden de llegada. Si el usuario decide cortar y volver a llamar, pierde su lugar de preferencia en la fila y regresa al final de la misma\u00bb, indic\u00f3 el Oficial superior.<\/p>\n<p dir=\"ltr\" style=\"text-align: justify;\">Asimismo a\u00f1adi\u00f3 que el operador no puede interrumpir la comunicaci\u00f3n unilateralmente; toda vez que es el solicitante quien debe dar por finalizada la llamada.<\/p>\n<p dir=\"ltr\" style=\"text-align: justify;\"><strong>Aumento en fines de semana<\/strong><\/p>\n<p dir=\"ltr\" style=\"text-align: justify;\">Seg\u00fan los datos estad\u00edsticos \u201cel volumen de llamadas inoficiosas\u00a0 ocurren durante toda la semana en diversos horarios, se ha observado que aumentan significativamente durante los fines de semana, coincidiendo con los momentos en que las personas tienen m\u00e1s tiempo libre\u201d, a\u00f1adi\u00f3 el Coronel Abarca, quien acot\u00f3 que estas acciones no est\u00e1n exentas de castigo.<\/p>\n<p dir=\"ltr\" style=\"text-align: justify;\">La realizaci\u00f3n de pitanzas o avisos falsos conlleva sanciones legales, en tal sentido, en el pasado, se han realizado investigaciones en conjunto con el Ministerio P\u00fablico relacionadas con pitanzas o avisos de atentados, con la finalidad de identificar y sancionar a los responsables de estos actos, los cuales pueden ser perseguidos penalmente seg\u00fan la gravedad de cada caso particular.<\/p>\n<div class=\"yj6qo\" style=\"text-align: justify;\"><\/div>\n<div class=\"adL\" style=\"text-align: justify;\"><\/div>\n<\/div><\/section><\/div>\n<div  style='height:50px' class='hr hr-invisible   avia-builder-el-6  el_after_av_one_full  el_before_av_social_share '><span class='hr-inner ' ><span class='hr-inner-style'><\/span><\/span><\/div>\n<div  class='av-social-sharing-box  avia-builder-el-7  el_after_av_hr  el_before_av_hr  '><div class='av-share-box'><h5 class='av-share-link-description av-no-toc '>Compartir esta noticia<\/h5><ul class='av-share-box-list noLightbox'><li class='av-share-link av-social-link-facebook' ><a target=\"_blank\" aria-label=\"Compartir en Facebook\" href='https:\/\/www.facebook.com\/sharer.php?u=https:\/\/radiorevelacionfm.cl\/?p=66506&#038;t=El%2059%25%20de%20las%20llamadas%20al%20133%20en%20la%20Regi%C3%B3n%20de%20Ays%C3%A9n%20son%20inoficiosas%3A%20Carabineros%20advierte%20sobre%20impacto%20en%20emergencias%20reales' aria-hidden='false' data-av_icon='\ue8f3' data-av_iconfont='entypo-fontello' title='' data-avia-related-tooltip='Compartir en Facebook' rel=\"noopener\"><span class='avia_hidden_link_text'>Compartir en Facebook<\/span><\/a><\/li><li class='av-share-link av-social-link-twitter' ><a target=\"_blank\" aria-label=\"Compartir en Twitter\" href='https:\/\/twitter.com\/share?text=El%2059%25%20de%20las%20llamadas%20al%20133%20en%20la%20Regi%C3%B3n%20de%20Ays%C3%A9n%20son%20inoficiosas%3A%20Carabineros%20advierte%20sobre%20impacto%20en%20emergencias%20reales&#038;url=https:\/\/radiorevelacionfm.cl\/?p=66506' aria-hidden='false' data-av_icon='\ue8f1' data-av_iconfont='entypo-fontello' title='' data-avia-related-tooltip='Compartir en Twitter' rel=\"noopener\"><span class='avia_hidden_link_text'>Compartir en Twitter<\/span><\/a><\/li><li class='av-share-link av-social-link-whatsapp' ><a target=\"_blank\" aria-label=\"Compartir en Whatsapp\" href='https:\/\/api.whatsapp.com\/send?text=https:\/\/radiorevelacionfm.cl\/?p=66506' aria-hidden='false' data-av_icon='\uf232' data-av_iconfont='entypo-fontello' title='' data-avia-related-tooltip='Compartir en Whatsapp' rel=\"noopener\"><span class='avia_hidden_link_text'>Compartir en Whatsapp<\/span><\/a><\/li><li class='av-share-link av-social-link-linkedin' ><a target=\"_blank\" aria-label=\"Compartir en LinkedIn\" href='https:\/\/linkedin.com\/shareArticle?mini=true&#038;title=El%2059%25%20de%20las%20llamadas%20al%20133%20en%20la%20Regi%C3%B3n%20de%20Ays%C3%A9n%20son%20inoficiosas%3A%20Carabineros%20advierte%20sobre%20impacto%20en%20emergencias%20reales&#038;url=https:\/\/radiorevelacionfm.cl\/?p=66506' aria-hidden='false' data-av_icon='\ue8fc' data-av_iconfont='entypo-fontello' title='' data-avia-related-tooltip='Compartir en LinkedIn' rel=\"noopener\"><span class='avia_hidden_link_text'>Compartir en LinkedIn<\/span><\/a><\/li><li class='av-share-link av-social-link-mail' ><a  aria-label=\"Compartir por correo\" href='mailto:?subject=El%2059%25%20de%20las%20llamadas%20al%20133%20en%20la%20Regi%C3%B3n%20de%20Ays%C3%A9n%20son%20inoficiosas%3A%20Carabineros%20advierte%20sobre%20impacto%20en%20emergencias%20reales&#038;body=https:\/\/radiorevelacionfm.cl\/?p=66506' aria-hidden='false' data-av_icon='\ue805' data-av_iconfont='entypo-fontello' title='' data-avia-related-tooltip='Compartir por correo'><span class='avia_hidden_link_text'>Compartir por correo<\/span><\/a><\/li><\/ul><\/div><\/div>\n<div  style='height:50px' class='hr hr-invisible   avia-builder-el-8  el_after_av_social_share  el_before_av_comments_list '><span class='hr-inner ' ><span class='hr-inner-style'><\/span><\/span><\/div>\n<div  class='av-buildercomment  av-blog-meta-html-info-disabled av-blog-meta-tag-disabled  '><\/div>\n","protected":false},"excerpt":{"rendered":"","protected":false},"author":1,"featured_media":66509,"comment_status":"closed","ping_status":"closed","sticky":false,"template":"","format":"standard","meta":{"footnotes":""},"categories":[36],"tags":[],"class_list":["post-66506","post","type-post","status-publish","format-standard","has-post-thumbnail","hentry","category-policial"],"jetpack_featured_media_url":"https:\/\/radiorevelacionfm.cl\/wp-content\/uploads\/2026\/04\/008dae0e-3d01-45a9-a77b-feeeab1e318f-1-1_optimized-1.jpg","_links":{"self":[{"href":"https:\/\/radiorevelacionfm.cl\/index.php?rest_route=\/wp\/v2\/posts\/66506","targetHints":{"allow":["GET"]}}],"collection":[{"href":"https:\/\/radiorevelacionfm.cl\/index.php?rest_route=\/wp\/v2\/posts"}],"about":[{"href":"https:\/\/radiorevelacionfm.cl\/index.php?rest_route=\/wp\/v2\/types\/post"}],"author":[{"embeddable":true,"href":"https:\/\/radiorevelacionfm.cl\/index.php?rest_route=\/wp\/v2\/users\/1"}],"replies":[{"embeddable":true,"href":"https:\/\/radiorevelacionfm.cl\/index.php?rest_route=%2Fwp%2Fv2%2Fcomments&post=66506"}],"version-history":[{"count":3,"href":"https:\/\/radiorevelacionfm.cl\/index.php?rest_route=\/wp\/v2\/posts\/66506\/revisions"}],"predecessor-version":[{"id":66513,"href":"https:\/\/radiorevelacionfm.cl\/index.php?rest_route=\/wp\/v2\/posts\/66506\/revisions\/66513"}],"wp:featuredmedia":[{"embeddable":true,"href":"https:\/\/radiorevelacionfm.cl\/index.php?rest_route=\/wp\/v2\/media\/66509"}],"wp:attachment":[{"href":"https:\/\/radiorevelacionfm.cl\/index.php?rest_route=%2Fwp%2Fv2%2Fmedia&parent=66506"}],"wp:term":[{"taxonomy":"category","embeddable":true,"href":"https:\/\/radiorevelacionfm.cl\/index.php?rest_route=%2Fwp%2Fv2%2Fcategories&post=66506"},{"taxonomy":"post_tag","embeddable":true,"href":"https:\/\/radiorevelacionfm.cl\/index.php?rest_route=%2Fwp%2Fv2%2Ftags&post=66506"}],"curies":[{"name":"wp","href":"https:\/\/api.w.org\/{rel}","templated":true}]}}