{"id":66499,"date":"2026-04-23T20:48:12","date_gmt":"2026-04-23T23:48:12","guid":{"rendered":"https:\/\/radiorevelacionfm.cl\/?p=66499"},"modified":"2026-04-23T20:48:12","modified_gmt":"2026-04-23T23:48:12","slug":"lanzan-version-2026-del-programa-mujer-emprende-tras-historico-numero-de-postulaciones","status":"publish","type":"post","link":"https:\/\/radiorevelacionfm.cl\/?p=66499","title":{"rendered":"Lanzan versi\u00f3n 2026 del Programa Mujer Emprende tras hist\u00f3rico n\u00famero de postulaciones"},"content":{"rendered":"<div class=\"flex_column av_one_full  flex_column_div av-zero-column-padding first  avia-builder-el-0  el_before_av_one_full  avia-builder-el-first  \" style='border-radius:0px; '><div  class='avia-image-container  av-styling-    avia-builder-el-1  avia-builder-el-no-sibling  avia-align-center '  itemprop=\"image\" itemscope=\"itemscope\" itemtype=\"https:\/\/schema.org\/ImageObject\"  ><div class='avia-image-container-inner'><div class='avia-image-overlay-wrap'><img decoding=\"async\" class='wp-image-66500 avia-img-lazy-loading-not-66500 avia_image' src=\"https:\/\/radiorevelacionfm.cl\/wp-content\/uploads\/2026\/04\/lanzamiento-me-1-1-1_optimized-1.jpeg\" alt='' title='lanzamiento-me-1-(1)-(1)_optimized (1)' height=\"600\" width=\"800\"  itemprop=\"thumbnailUrl\" srcset=\"https:\/\/radiorevelacionfm.cl\/wp-content\/uploads\/2026\/04\/lanzamiento-me-1-1-1_optimized-1.jpeg 800w, https:\/\/radiorevelacionfm.cl\/wp-content\/uploads\/2026\/04\/lanzamiento-me-1-1-1_optimized-1-300x225.jpeg 300w, https:\/\/radiorevelacionfm.cl\/wp-content\/uploads\/2026\/04\/lanzamiento-me-1-1-1_optimized-1-768x576.jpeg 768w, https:\/\/radiorevelacionfm.cl\/wp-content\/uploads\/2026\/04\/lanzamiento-me-1-1-1_optimized-1-705x529.jpeg 705w, https:\/\/radiorevelacionfm.cl\/wp-content\/uploads\/2026\/04\/lanzamiento-me-1-1-1_optimized-1-450x338.jpeg 450w, https:\/\/radiorevelacionfm.cl\/wp-content\/uploads\/2026\/04\/lanzamiento-me-1-1-1_optimized-1-600x450.jpeg 600w\" sizes=\"(max-width: 800px) 100vw, 800px\" \/><\/div><\/div><\/div><\/div><div class=\"flex_column av_one_full  flex_column_div av-zero-column-padding first  avia-builder-el-2  el_after_av_one_full  el_before_av_one_full  column-top-margin\" style='border-radius:0px; '><section class=\"av_textblock_section \"  itemscope=\"itemscope\" itemtype=\"https:\/\/schema.org\/BlogPosting\" itemprop=\"blogPost\" ><div class='avia_textblock  '   itemprop=\"text\" ><p style=\"text-align: center;\"><strong><span style=\"font-size: 18pt;\">Lanzan versi\u00f3n 2026 del Programa Mujer Emprende tras hist\u00f3rico n\u00famero de postulaciones<\/span><\/strong><\/p>\n<div id=\"gtx-trans\" style=\"position: absolute; left: -50px; top: 4.31534px;\">\n<div class=\"gtx-trans-icon\"><\/div>\n<\/div>\n<\/div><\/section><\/div><div class=\"flex_column av_one_full  flex_column_div av-zero-column-padding first  avia-builder-el-4  el_after_av_one_full  el_before_av_hr  column-top-margin\" style='border-radius:0px; '><section class=\"av_textblock_section \"  itemscope=\"itemscope\" itemtype=\"https:\/\/schema.org\/BlogPosting\" itemprop=\"blogPost\" ><div class='avia_textblock  '   itemprop=\"text\" ><ul>\n<li style=\"text-align: justify;\"><strong><em>Fueron 319 las interesadas que postularon de manera in\u00e9dita a esta iniciativa para fortalecer su autonom\u00eda econ\u00f3mica.<\/em><\/strong><\/li>\n<\/ul>\n<p style=\"text-align: justify;\">El Servicio Nacional de la Mujer y la Equidad de G\u00e9nero de Ays\u00e9n dio el vamos oficial a la versi\u00f3n 2026 de su Programa Mujer Emprende, iniciativa que apoya al desarrollo de los emprendimientos femeninos y que este a\u00f1o tuvo el mayor n\u00famero de postulaciones en su historia en la regi\u00f3n, con 319 mujeres interesadas en participar.<\/p>\n<p style=\"text-align: justify;\">Si bien por cupo s\u00f3lo 90 de estas mujeres pudieron ingresar efectivamente este a\u00f1o, desde el Servicio eval\u00faan positivamente la gran acogida que ha tenido el programa a lo largo de la regi\u00f3n. En ese sentido, la directora regional del SernamEG Ays\u00e9n, Patricia Baeza Cabezas, se\u00f1al\u00f3 que \u201chay grandes expectativas para este a\u00f1o 2026, en la implementaci\u00f3n de nuestro Programa Mujer Emprende, ya que el nivel de postulaci\u00f3n que tuvimos fue importante, y nos indica que existe un inter\u00e9s relevante de las mujeres por adquirir herramientas y conocimientos que les permitan fortalecer sus emprendimientos\u201d.<\/p>\n<p style=\"text-align: justify;\">Este apoyo del SernamEG busca entregar herramientas t\u00e9cnicas y de gesti\u00f3n a mujeres que cuenten con un emprendimiento de a lo menos un a\u00f1o de antig\u00fcedad, promoviendo en ellas estrategias que permitan fortalecer sus competencias y habilidades como emprendedoras, potenciando as\u00ed el crecimiento, viabilidad y sostenibilidad de sus negocios.<\/p>\n<p style=\"text-align: justify;\">\u201cPara el Gobierno del Presidente Jos\u00e9 Antonio Kast, el rol de la mujer ya es muy importante. En este lanzamiento tambi\u00e9n estamos conmemorando el D\u00eda Internacional del Emprendimiento junto a estas mujeres, que reci\u00e9n est\u00e1n partiendo en este mundo del empresariado, uno incipiente pero potente, para nosotros es tremendamente relevante\u201d, indic\u00f3 por su parte el seremi de Econom\u00eda de Ays\u00e9n, Rodrigo Aguilera Silva.<\/p>\n<p style=\"text-align: justify;\">Entre las participantes de esta versi\u00f3n del programa, Andrea Felzensztein, quien tiene su emprendimiento \u201cSawa Hecho a Mano, manifest\u00f3 que postul\u00f3 este a\u00f1o al Mujer Emprende buscando \u201cgenerar asociatividad, aprender un poco m\u00e1s para postular a fondos, y por la posibilidad de postular al financiamiento que entrega la escuela\u201d.<\/p>\n<p style=\"text-align: justify;\">Mientras, Claudina Figueroa, due\u00f1a de \u201cTr\u00e9bol Verde Austral\u201d, valor\u00f3 la instancia, a\u00f1adiendo que este es un tremendo apoyo para reducir las brechas de g\u00e9nero en materia laboral. \u201cEmprender en la regi\u00f3n es m\u00e1s dif\u00edcil a\u00fan para las mujeres, porque nosotras somos due\u00f1as de casa, cuidadoras, entonces es m\u00e1s dif\u00edcil enfrentarnos al mundo por el tema del tiempo, de estudios, porque quien se queda a cargo de la casa somos siempre nosotras, siempre nos sacrificamos nosotras, entonces nos cuesta darle el tiempo al emprendimiento y obtener las herramientas necesarias\u201d, explic\u00f3.<\/p>\n<\/div><\/section><\/div><div  style='height:50px' class='hr hr-invisible   avia-builder-el-6  el_after_av_one_full  el_before_av_social_share '><span class='hr-inner ' ><span class='hr-inner-style'><\/span><\/span><\/div><\/p>\n<div  class='av-social-sharing-box  avia-builder-el-7  el_after_av_hr  el_before_av_hr  '><div class='av-share-box'><h5 class='av-share-link-description av-no-toc '>Compartir esta noticia<\/h5><ul class='av-share-box-list noLightbox'><li class='av-share-link av-social-link-facebook' ><a target=\"_blank\" aria-label=\"Compartir en Facebook\" href='https:\/\/www.facebook.com\/sharer.php?u=https:\/\/radiorevelacionfm.cl\/?p=66499&#038;t=Lanzan%20versi%C3%B3n%202026%20del%20Programa%20Mujer%20Emprende%20tras%20hist%C3%B3rico%20n%C3%BAmero%20de%20postulaciones' aria-hidden='false' data-av_icon='\ue8f3' data-av_iconfont='entypo-fontello' title='' data-avia-related-tooltip='Compartir en Facebook' rel=\"noopener\"><span class='avia_hidden_link_text'>Compartir en Facebook<\/span><\/a><\/li><li class='av-share-link av-social-link-twitter' ><a target=\"_blank\" aria-label=\"Compartir en Twitter\" href='https:\/\/twitter.com\/share?text=Lanzan%20versi%C3%B3n%202026%20del%20Programa%20Mujer%20Emprende%20tras%20hist%C3%B3rico%20n%C3%BAmero%20de%20postulaciones&#038;url=https:\/\/radiorevelacionfm.cl\/?p=66499' aria-hidden='false' data-av_icon='\ue8f1' data-av_iconfont='entypo-fontello' title='' data-avia-related-tooltip='Compartir en Twitter' rel=\"noopener\"><span class='avia_hidden_link_text'>Compartir en Twitter<\/span><\/a><\/li><li class='av-share-link av-social-link-whatsapp' ><a target=\"_blank\" aria-label=\"Compartir en Whatsapp\" href='https:\/\/api.whatsapp.com\/send?text=https:\/\/radiorevelacionfm.cl\/?p=66499' aria-hidden='false' data-av_icon='\uf232' data-av_iconfont='entypo-fontello' title='' data-avia-related-tooltip='Compartir en Whatsapp' rel=\"noopener\"><span class='avia_hidden_link_text'>Compartir en Whatsapp<\/span><\/a><\/li><li class='av-share-link av-social-link-linkedin' ><a target=\"_blank\" aria-label=\"Compartir en LinkedIn\" href='https:\/\/linkedin.com\/shareArticle?mini=true&#038;title=Lanzan%20versi%C3%B3n%202026%20del%20Programa%20Mujer%20Emprende%20tras%20hist%C3%B3rico%20n%C3%BAmero%20de%20postulaciones&#038;url=https:\/\/radiorevelacionfm.cl\/?p=66499' aria-hidden='false' data-av_icon='\ue8fc' data-av_iconfont='entypo-fontello' title='' data-avia-related-tooltip='Compartir en LinkedIn' rel=\"noopener\"><span class='avia_hidden_link_text'>Compartir en LinkedIn<\/span><\/a><\/li><li class='av-share-link av-social-link-mail' ><a  aria-label=\"Compartir por correo\" href='mailto:?subject=Lanzan%20versi%C3%B3n%202026%20del%20Programa%20Mujer%20Emprende%20tras%20hist%C3%B3rico%20n%C3%BAmero%20de%20postulaciones&#038;body=https:\/\/radiorevelacionfm.cl\/?p=66499' aria-hidden='false' data-av_icon='\ue805' data-av_iconfont='entypo-fontello' title='' data-avia-related-tooltip='Compartir por correo'><span class='avia_hidden_link_text'>Compartir por correo<\/span><\/a><\/li><\/ul><\/div><\/div>\n<div  style='height:50px' class='hr hr-invisible   avia-builder-el-8  el_after_av_social_share  el_before_av_comments_list '><span class='hr-inner ' ><span class='hr-inner-style'><\/span><\/span><\/div>\n<div  class='av-buildercomment  av-blog-meta-html-info-disabled av-blog-meta-tag-disabled  '><\/div>\n","protected":false},"excerpt":{"rendered":"","protected":false},"author":1,"featured_media":66500,"comment_status":"closed","ping_status":"closed","sticky":false,"template":"","format":"standard","meta":{"footnotes":""},"categories":[38],"tags":[],"class_list":["post-66499","post","type-post","status-publish","format-standard","has-post-thumbnail","hentry","category-regional"],"jetpack_featured_media_url":"https:\/\/radiorevelacionfm.cl\/wp-content\/uploads\/2026\/04\/lanzamiento-me-1-1-1_optimized-1.jpeg","_links":{"self":[{"href":"https:\/\/radiorevelacionfm.cl\/index.php?rest_route=\/wp\/v2\/posts\/66499","targetHints":{"allow":["GET"]}}],"collection":[{"href":"https:\/\/radiorevelacionfm.cl\/index.php?rest_route=\/wp\/v2\/posts"}],"about":[{"href":"https:\/\/radiorevelacionfm.cl\/index.php?rest_route=\/wp\/v2\/types\/post"}],"author":[{"embeddable":true,"href":"https:\/\/radiorevelacionfm.cl\/index.php?rest_route=\/wp\/v2\/users\/1"}],"replies":[{"embeddable":true,"href":"https:\/\/radiorevelacionfm.cl\/index.php?rest_route=%2Fwp%2Fv2%2Fcomments&post=66499"}],"version-history":[{"count":2,"href":"https:\/\/radiorevelacionfm.cl\/index.php?rest_route=\/wp\/v2\/posts\/66499\/revisions"}],"predecessor-version":[{"id":66512,"href":"https:\/\/radiorevelacionfm.cl\/index.php?rest_route=\/wp\/v2\/posts\/66499\/revisions\/66512"}],"wp:featuredmedia":[{"embeddable":true,"href":"https:\/\/radiorevelacionfm.cl\/index.php?rest_route=\/wp\/v2\/media\/66500"}],"wp:attachment":[{"href":"https:\/\/radiorevelacionfm.cl\/index.php?rest_route=%2Fwp%2Fv2%2Fmedia&parent=66499"}],"wp:term":[{"taxonomy":"category","embeddable":true,"href":"https:\/\/radiorevelacionfm.cl\/index.php?rest_route=%2Fwp%2Fv2%2Fcategories&post=66499"},{"taxonomy":"post_tag","embeddable":true,"href":"https:\/\/radiorevelacionfm.cl\/index.php?rest_route=%2Fwp%2Fv2%2Ftags&post=66499"}],"curies":[{"name":"wp","href":"https:\/\/api.w.org\/{rel}","templated":true}]}}