{"id":66495,"date":"2026-04-25T18:30:15","date_gmt":"2026-04-25T21:30:15","guid":{"rendered":"https:\/\/radiorevelacionfm.cl\/?p=66495"},"modified":"2026-04-25T18:30:15","modified_gmt":"2026-04-25T21:30:15","slug":"ministerio-de-economia-refuerza-rol-de-oasi-ante-seremis-para-destrabar-proyectos-de-inversion-en-regiones","status":"publish","type":"post","link":"https:\/\/radiorevelacionfm.cl\/?p=66495","title":{"rendered":"Ministerio de Econom\u00eda refuerza rol de OASI ante seremis para destrabar proyectos de inversi\u00f3n en regiones"},"content":{"rendered":"<div class=\"flex_column av_one_full  flex_column_div av-zero-column-padding first  avia-builder-el-0  el_before_av_one_full  avia-builder-el-first  \" style='border-radius:0px; '><div  class='avia-image-container  av-styling-    avia-builder-el-1  avia-builder-el-no-sibling  avia-align-center '  itemprop=\"image\" itemscope=\"itemscope\" itemtype=\"https:\/\/schema.org\/ImageObject\"  ><div class='avia-image-container-inner'><div class='avia-image-overlay-wrap'><img decoding=\"async\" class='wp-image-66496 avia-img-lazy-loading-not-66496 avia_image' src=\"https:\/\/radiorevelacionfm.cl\/wp-content\/uploads\/2026\/04\/img_1420-1_optimized-1.jpg\" alt='' title='img_1420-(1)_optimized (1)' height=\"600\" width=\"1103\"  itemprop=\"thumbnailUrl\" srcset=\"https:\/\/radiorevelacionfm.cl\/wp-content\/uploads\/2026\/04\/img_1420-1_optimized-1.jpg 1103w, https:\/\/radiorevelacionfm.cl\/wp-content\/uploads\/2026\/04\/img_1420-1_optimized-1-300x163.jpg 300w, https:\/\/radiorevelacionfm.cl\/wp-content\/uploads\/2026\/04\/img_1420-1_optimized-1-1030x560.jpg 1030w, https:\/\/radiorevelacionfm.cl\/wp-content\/uploads\/2026\/04\/img_1420-1_optimized-1-768x418.jpg 768w, https:\/\/radiorevelacionfm.cl\/wp-content\/uploads\/2026\/04\/img_1420-1_optimized-1-705x383.jpg 705w, https:\/\/radiorevelacionfm.cl\/wp-content\/uploads\/2026\/04\/img_1420-1_optimized-1-450x245.jpg 450w, https:\/\/radiorevelacionfm.cl\/wp-content\/uploads\/2026\/04\/img_1420-1_optimized-1-600x326.jpg 600w\" sizes=\"(max-width: 1103px) 100vw, 1103px\" \/><\/div><\/div><\/div><\/div><div class=\"flex_column av_one_full  flex_column_div av-zero-column-padding first  avia-builder-el-2  el_after_av_one_full  el_before_av_one_full  column-top-margin\" style='border-radius:0px; '><section class=\"av_textblock_section \"  itemscope=\"itemscope\" itemtype=\"https:\/\/schema.org\/BlogPosting\" itemprop=\"blogPost\" ><div class='avia_textblock  '   itemprop=\"text\" ><p style=\"text-align: center;\"><strong><span style=\"font-size: 18pt;\">Ministerio de Econom\u00eda refuerza rol de OASI ante seremis para destrabar proyectos de inversi\u00f3n en regiones<\/span><\/strong><\/p>\n<div id=\"gtx-trans\" style=\"position: absolute; left: -50px; top: 4.31534px;\">\n<div class=\"gtx-trans-icon\"><\/div>\n<\/div>\n<\/div><\/section><\/div><div class=\"flex_column av_one_full  flex_column_div av-zero-column-padding first  avia-builder-el-4  el_after_av_one_full  el_before_av_hr  column-top-margin\" style='border-radius:0px; '><section class=\"av_textblock_section \"  itemscope=\"itemscope\" itemtype=\"https:\/\/schema.org\/BlogPosting\" itemprop=\"blogPost\" ><div class='avia_textblock  '   itemprop=\"text\" ><p style=\"text-align: justify;\"><em>La cartera encabez\u00f3 una instancia de trabajo dirigida los secretarios regionales ministeriales de Econom\u00eda, con el fin de alinear su rol con la gesti\u00f3n de OASI en el avance de proyectos de inversi\u00f3n. La instancia fue altamente valorada, donde se posicion\u00f3 las funciones de la oficina como una herramienta clave para fortalecer la coordinaci\u00f3n y agilizar permisos en sus respectivas regiones.<\/em><\/p>\n<p style=\"text-align: justify;\">El subsecretario de Econom\u00eda y Empresas de Menor Tama\u00f1o, Karlfranz\u202fKoehler, sostuvo un encuentro de trabajo junto a los secretarios regionales ministeriales de la cartera y el jefe de la Oficina de Autorizaciones Sectoriales e Inversi\u00f3n (OASI), Pablo Eguiguren, con el objetivo de profundizar en los lineamientos y el trabajo que est\u00e1 desarrollando esta nueva institucionalidad en el proceso de implementaci\u00f3n de la Ley Marco de Autorizaciones Sectoriales.<\/p>\n<p style=\"text-align: justify;\">La instancia tuvo como prop\u00f3sito fortalecer la coordinaci\u00f3n entre el nivel central y las regiones, y abordar el rol que tendr\u00e1 la OASI en la reducci\u00f3n de los tiempos de tramitaci\u00f3n de los permisos sectoriales, uno de los objetivos prioritarios del Ministerio de Econom\u00eda para destrabar proyectos de inversi\u00f3n e impulsar el crecimiento econ\u00f3mico.<\/p>\n<p style=\"text-align: justify;\">Durante el encuentro, los seremis conocieron en detalle los alcances y funciones de la OASI, \u00f3rgano creado tras la promulgaci\u00f3n de la Ley Marco de Autorizaciones Sectoriales, cuya labor se orienta a coordinar, monitorear y operar el nuevo sistema de permisos, administrar la ventanilla digital \u00fanica SUPER y apoyar la modernizaci\u00f3n de los procesos de autorizaci\u00f3n del Estado, con el fin de reducir significativamente los plazos de tramitaci\u00f3n y entregar mayor certeza jur\u00eddica a las inversiones.<\/p>\n<p style=\"text-align: justify;\">En este contexto, el subsecretario de Econom\u00eda, Karlfranz\u202fKoehler, destac\u00f3 la relevancia estrat\u00e9gica de este trabajo para las prioridades del Gobierno, subrayando que impulsar la inversi\u00f3n constituye uno de los principales desaf\u00edos del pa\u00eds para avanzar en crecimiento econ\u00f3mico, reducci\u00f3n del desempleo y fortalecimiento de las finanzas p\u00fablicas, y relevando el rol que cumple la OASI en impulsar un Estado m\u00e1s \u00e1gil, eficiente y moderno en materia de permisos.<\/p>\n<p style=\"text-align: justify;\">\u201cEste trabajo, que se est\u00e1 haciendo aqu\u00ed, es destrabar inversiones que es uno de nuestros principales objetivos. Queremos converger en tasas de crecimiento que superen los 4 puntos y queremos tener una tasa de desempleo, que hoy d\u00eda est\u00e1 en el 8,3%, que baje en torno a 6%. Para lograrlo, es fundamental avanzar hacia un Estado m\u00e1s \u00e1gil y eficiente, que facilite la inversi\u00f3n y reduzca los tiempos y costos asociados a la tramitaci\u00f3n\u201d.<\/p>\n<p style=\"text-align: justify;\"><strong>Foco regional<\/strong><\/p>\n<p style=\"text-align: justify;\">Rodrigo Aguilera Silva, Seremi de Econom\u00eda de la Regi\u00f3n de Ays\u00e9n, valor\u00f3 la instancia, coincidiendo en la importancia de contar con este tipo de espacios de trabajo y coordinaci\u00f3n, destacando que el fortalecimiento del rol de la OASI y la correcta implementaci\u00f3n de la Ley Marco de Autorizaciones Sectoriales resultan clave para identificar los cuellos de botella que ralentizan los permisos a nivel regional, acelerar la ejecuci\u00f3n de proyectos y contribuir al desarrollo econ\u00f3mico local.<\/p>\n<p style=\"text-align: justify;\">\u201cLa Oficina de Autorizaciones Sectoriales e Inversi\u00f3n, OASI, cumplir\u00e1 un rol fundamental para la Regi\u00f3n de Ays\u00e9n, en relaci\u00f3n a que esta institucionalidad t\u00e9cnica de car\u00e1cter especializado tendr\u00e1 el rol de monitorear y operar el nuevo sistema de permisos, para asegurar que los tr\u00e1mites se realicen de manera \u00e1gil, transparente y eficaz, reduciendo tiempos que muchas veces frenan el desarrollo. En un territorio con desaf\u00edos de conectividad y estacionalidad como el nuestro, contar con esta herramienta ser\u00e1 clave para destrabar proyectos en \u00e1reas claves como miner\u00eda y acuicultura, con el objetivo de fortalecer nuestros sectores productivos y generar m\u00e1s oportunidades para las pymes y emprendedores locales. En este contexto, la OASI actuar\u00e1 como un verdadero facilitador estrat\u00e9gico para el de avance proyectos y dinamizar nuestra econom\u00eda regional\u201d.<\/p>\n<\/div><\/section><\/div><div  style='height:50px' class='hr hr-invisible   avia-builder-el-6  el_after_av_one_full  el_before_av_social_share '><span class='hr-inner ' ><span class='hr-inner-style'><\/span><\/span><\/div><\/p>\n<div  class='av-social-sharing-box  avia-builder-el-7  el_after_av_hr  el_before_av_hr  '><div class='av-share-box'><h5 class='av-share-link-description av-no-toc '>Compartir esta noticia<\/h5><ul class='av-share-box-list noLightbox'><li class='av-share-link av-social-link-facebook' ><a target=\"_blank\" aria-label=\"Compartir en Facebook\" href='https:\/\/www.facebook.com\/sharer.php?u=https:\/\/radiorevelacionfm.cl\/?p=66495&#038;t=Ministerio%20de%20Econom%C3%ADa%20refuerza%20rol%20de%20OASI%20ante%20seremis%20para%20destrabar%20proyectos%20de%20inversi%C3%B3n%20en%20regiones' aria-hidden='false' data-av_icon='\ue8f3' data-av_iconfont='entypo-fontello' title='' data-avia-related-tooltip='Compartir en Facebook' rel=\"noopener\"><span class='avia_hidden_link_text'>Compartir en Facebook<\/span><\/a><\/li><li class='av-share-link av-social-link-twitter' ><a target=\"_blank\" aria-label=\"Compartir en Twitter\" href='https:\/\/twitter.com\/share?text=Ministerio%20de%20Econom%C3%ADa%20refuerza%20rol%20de%20OASI%20ante%20seremis%20para%20destrabar%20proyectos%20de%20inversi%C3%B3n%20en%20regiones&#038;url=https:\/\/radiorevelacionfm.cl\/?p=66495' aria-hidden='false' data-av_icon='\ue8f1' data-av_iconfont='entypo-fontello' title='' data-avia-related-tooltip='Compartir en Twitter' rel=\"noopener\"><span class='avia_hidden_link_text'>Compartir en Twitter<\/span><\/a><\/li><li class='av-share-link av-social-link-whatsapp' ><a target=\"_blank\" aria-label=\"Compartir en Whatsapp\" href='https:\/\/api.whatsapp.com\/send?text=https:\/\/radiorevelacionfm.cl\/?p=66495' aria-hidden='false' data-av_icon='\uf232' data-av_iconfont='entypo-fontello' title='' data-avia-related-tooltip='Compartir en Whatsapp' rel=\"noopener\"><span class='avia_hidden_link_text'>Compartir en Whatsapp<\/span><\/a><\/li><li class='av-share-link av-social-link-linkedin' ><a target=\"_blank\" aria-label=\"Compartir en LinkedIn\" href='https:\/\/linkedin.com\/shareArticle?mini=true&#038;title=Ministerio%20de%20Econom%C3%ADa%20refuerza%20rol%20de%20OASI%20ante%20seremis%20para%20destrabar%20proyectos%20de%20inversi%C3%B3n%20en%20regiones&#038;url=https:\/\/radiorevelacionfm.cl\/?p=66495' aria-hidden='false' data-av_icon='\ue8fc' data-av_iconfont='entypo-fontello' title='' data-avia-related-tooltip='Compartir en LinkedIn' rel=\"noopener\"><span class='avia_hidden_link_text'>Compartir en LinkedIn<\/span><\/a><\/li><li class='av-share-link av-social-link-mail' ><a  aria-label=\"Compartir por correo\" href='mailto:?subject=Ministerio%20de%20Econom%C3%ADa%20refuerza%20rol%20de%20OASI%20ante%20seremis%20para%20destrabar%20proyectos%20de%20inversi%C3%B3n%20en%20regiones&#038;body=https:\/\/radiorevelacionfm.cl\/?p=66495' aria-hidden='false' data-av_icon='\ue805' data-av_iconfont='entypo-fontello' title='' data-avia-related-tooltip='Compartir por correo'><span class='avia_hidden_link_text'>Compartir por correo<\/span><\/a><\/li><\/ul><\/div><\/div>\n<div  style='height:50px' class='hr hr-invisible   avia-builder-el-8  el_after_av_social_share  el_before_av_comments_list '><span class='hr-inner ' ><span class='hr-inner-style'><\/span><\/span><\/div>\n<div  class='av-buildercomment  av-blog-meta-html-info-disabled av-blog-meta-tag-disabled  '><\/div>\n","protected":false},"excerpt":{"rendered":"","protected":false},"author":1,"featured_media":66496,"comment_status":"closed","ping_status":"closed","sticky":false,"template":"","format":"standard","meta":{"footnotes":""},"categories":[37],"tags":[],"class_list":["post-66495","post","type-post","status-publish","format-standard","has-post-thumbnail","hentry","category-economia"],"jetpack_featured_media_url":"https:\/\/radiorevelacionfm.cl\/wp-content\/uploads\/2026\/04\/img_1420-1_optimized-1.jpg","_links":{"self":[{"href":"https:\/\/radiorevelacionfm.cl\/index.php?rest_route=\/wp\/v2\/posts\/66495","targetHints":{"allow":["GET"]}}],"collection":[{"href":"https:\/\/radiorevelacionfm.cl\/index.php?rest_route=\/wp\/v2\/posts"}],"about":[{"href":"https:\/\/radiorevelacionfm.cl\/index.php?rest_route=\/wp\/v2\/types\/post"}],"author":[{"embeddable":true,"href":"https:\/\/radiorevelacionfm.cl\/index.php?rest_route=\/wp\/v2\/users\/1"}],"replies":[{"embeddable":true,"href":"https:\/\/radiorevelacionfm.cl\/index.php?rest_route=%2Fwp%2Fv2%2Fcomments&post=66495"}],"version-history":[{"count":2,"href":"https:\/\/radiorevelacionfm.cl\/index.php?rest_route=\/wp\/v2\/posts\/66495\/revisions"}],"predecessor-version":[{"id":66575,"href":"https:\/\/radiorevelacionfm.cl\/index.php?rest_route=\/wp\/v2\/posts\/66495\/revisions\/66575"}],"wp:featuredmedia":[{"embeddable":true,"href":"https:\/\/radiorevelacionfm.cl\/index.php?rest_route=\/wp\/v2\/media\/66496"}],"wp:attachment":[{"href":"https:\/\/radiorevelacionfm.cl\/index.php?rest_route=%2Fwp%2Fv2%2Fmedia&parent=66495"}],"wp:term":[{"taxonomy":"category","embeddable":true,"href":"https:\/\/radiorevelacionfm.cl\/index.php?rest_route=%2Fwp%2Fv2%2Fcategories&post=66495"},{"taxonomy":"post_tag","embeddable":true,"href":"https:\/\/radiorevelacionfm.cl\/index.php?rest_route=%2Fwp%2Fv2%2Ftags&post=66495"}],"curies":[{"name":"wp","href":"https:\/\/api.w.org\/{rel}","templated":true}]}}