{"id":66492,"date":"2026-04-23T17:12:17","date_gmt":"2026-04-23T20:12:17","guid":{"rendered":"https:\/\/radiorevelacionfm.cl\/?p=66492"},"modified":"2026-04-23T17:12:17","modified_gmt":"2026-04-23T20:12:17","slug":"iniciativa-aysen-norte-emprende-impulsa-turismo-mas-resiliente-frente-al-cambio-climatico","status":"publish","type":"post","link":"https:\/\/radiorevelacionfm.cl\/?p=66492","title":{"rendered":"Iniciativa Ays\u00e9n Norte Emprende impulsa turismo m\u00e1s resiliente frente al cambio clim\u00e1tico"},"content":{"rendered":"<div class=\"flex_column av_one_full  flex_column_div av-zero-column-padding first  avia-builder-el-0  el_before_av_one_full  avia-builder-el-first  \" style='border-radius:0px; '><div  class='avia-image-container  av-styling-    avia-builder-el-1  avia-builder-el-no-sibling  avia-align-center '  itemprop=\"image\" itemscope=\"itemscope\" itemtype=\"https:\/\/schema.org\/ImageObject\"  ><div class='avia-image-container-inner'><div class='avia-image-overlay-wrap'><img decoding=\"async\" class='wp-image-66493 avia-img-lazy-loading-not-66493 avia_image' src=\"https:\/\/radiorevelacionfm.cl\/wp-content\/uploads\/2026\/04\/1-1-3-1_optimized.jpg\" alt='' title='1-(1)-(3)-(1)_optimized' height=\"600\" width=\"947\"  itemprop=\"thumbnailUrl\" srcset=\"https:\/\/radiorevelacionfm.cl\/wp-content\/uploads\/2026\/04\/1-1-3-1_optimized.jpg 947w, https:\/\/radiorevelacionfm.cl\/wp-content\/uploads\/2026\/04\/1-1-3-1_optimized-300x190.jpg 300w, https:\/\/radiorevelacionfm.cl\/wp-content\/uploads\/2026\/04\/1-1-3-1_optimized-768x487.jpg 768w, https:\/\/radiorevelacionfm.cl\/wp-content\/uploads\/2026\/04\/1-1-3-1_optimized-705x447.jpg 705w, https:\/\/radiorevelacionfm.cl\/wp-content\/uploads\/2026\/04\/1-1-3-1_optimized-450x285.jpg 450w, https:\/\/radiorevelacionfm.cl\/wp-content\/uploads\/2026\/04\/1-1-3-1_optimized-600x380.jpg 600w\" sizes=\"(max-width: 947px) 100vw, 947px\" \/><\/div><\/div><\/div><\/div><div class=\"flex_column av_one_full  flex_column_div av-zero-column-padding first  avia-builder-el-2  el_after_av_one_full  el_before_av_one_full  column-top-margin\" style='border-radius:0px; '><section class=\"av_textblock_section \"  itemscope=\"itemscope\" itemtype=\"https:\/\/schema.org\/BlogPosting\" itemprop=\"blogPost\" ><div class='avia_textblock  '   itemprop=\"text\" ><p style=\"text-align: center;\"><span style=\"font-size: 18pt;\"><b>Iniciativa\u00a0<i>Ays\u00e9n Norte Emprende<\/i>\u00a0impulsa turismo m\u00e1s resiliente frente al cambio clim\u00e1tico<\/b><\/span><\/p>\n<div id=\"gtx-trans\" style=\"position: absolute; left: -50px; top: 4.31534px;\">\n<div class=\"gtx-trans-icon\"><\/div>\n<\/div>\n<\/div><\/section><\/div><div class=\"flex_column av_one_full  flex_column_div av-zero-column-padding first  avia-builder-el-4  el_after_av_one_full  el_before_av_hr  column-top-margin\" style='border-radius:0px; '><section class=\"av_textblock_section \"  itemscope=\"itemscope\" itemtype=\"https:\/\/schema.org\/BlogPosting\" itemprop=\"blogPost\" ><div class='avia_textblock  '   itemprop=\"text\" ><p style=\"font-weight: 400; text-align: justify;\"><em>Programa Viraliza Formaci\u00f3n de Corfo apoya a emprendedores para adaptarse, innovar y generar nuevas oportunidades en el territorio<\/em>.<\/p>\n<p style=\"font-weight: 400; text-align: justify;\"><strong>Puerto Cisnes.<\/strong>\u00a0En la zona norte de Ays\u00e9n, el turismo enfrenta un desaf\u00edo cada vez m\u00e1s evidente: adaptarse a los efectos del cambio clim\u00e1tico sin perder su v\u00ednculo con el territorio. Para quienes viven de esta actividad, no se trata solo de proyectar sus negocios, sino de sostener una fuente clave de desarrollo local.<\/p>\n<p style=\"font-weight: 400; text-align: justify;\">En ese contexto, m\u00e1s de 30 emprendedores y emprendedoras de Puerto Cisnes y localidades cercanas participaron en la primera jornada de \u201cAys\u00e9n Norte Emprende Sostenible\u201d, iniciativa impulsada por Corfo a trav\u00e9s de su programa Viraliza Formaci\u00f3n. Esta iniciativa es ejecutada por Guazzini Consultores, con apoyo de la Corporaci\u00f3n Queulat y el Consejo del Salm\u00f3n, y cuenta con el respaldo del Programa de Desarrollo Productivo Sostenible (DPS) del Ministerio de Econom\u00eda.<\/p>\n<p style=\"font-weight: 400; text-align: justify;\">El programa, que se desarrollar\u00e1 durante 10 meses, busca fortalecer la innovaci\u00f3n y la sostenibilidad del sector tur\u00edstico mediante herramientas concretas para enfrentar nuevos escenarios ambientales y de mercado. A trav\u00e9s de un plan formativo, los participantes acceder\u00e1n a contenidos aplicados en econom\u00eda circular, gesti\u00f3n del cambio clim\u00e1tico y modelos de negocio sostenibles.<\/p>\n<p style=\"font-weight: 400; text-align: justify;\"><strong>FORMACI\u00d3N CON FOCO EN LA REALIDAD LOCAL<\/strong><\/p>\n<p style=\"font-weight: 400; text-align: justify;\">La jornada se centr\u00f3 en analizar c\u00f3mo los cambios ambientales ya est\u00e1n impactando los destinos tur\u00edsticos del litoral, especialmente en la costa norte de la regi\u00f3n. Mediante ejercicios pr\u00e1cticos y casos locales, los participantes evaluaron riesgos y trabajaron en soluciones adaptadas a su entorno.<\/p>\n<p style=\"font-weight: 400; text-align: justify;\">Este enfoque permiti\u00f3 avanzar desde la informaci\u00f3n hacia la acci\u00f3n, fortaleciendo la capacidad de respuesta de los emprendedores frente a escenarios ambientales complejos.<\/p>\n<p style=\"font-weight: 400; text-align: justify;\">H\u00e9ctor P\u00e9rez, participante del programa, valor\u00f3 la experiencia: \u201cvivimos muchas experiencias bonitas y muchos temas que nos quedaron para seguir desarrollando en la comuna\u201d.<\/p>\n<p style=\"font-weight: 400; text-align: justify;\">Desde una mirada territorial, Daniela Hern\u00e1ndez destac\u00f3 que estas instancias permiten \u201cvalorar nuestra naturaleza, nuestra tierra\u201d y proyectar el turismo como una oportunidad concreta de desarrollo para la comunidad.<\/p>\n<p style=\"font-weight: 400; text-align: justify;\"><strong>ARTICULACI\u00d3N Y TRANSFERENCIA DE CONOCIMIENTO<\/strong><\/p>\n<p style=\"font-weight: 400; text-align: justify;\">El programa tambi\u00e9n refleja una forma de trabajo basada en la colaboraci\u00f3n entre actores p\u00fablicos y privados. Desde la ejecuci\u00f3n, Jaime Guazzini, director de Guazzini Consultores, explic\u00f3 que estas iniciativas permiten \u201ctransferir conocimiento y tecnolog\u00eda\u201d al territorio, conectando tendencias globales con la realidad local del turismo.<\/p>\n<p style=\"font-weight: 400; text-align: justify;\">En esa l\u00ednea, Yaser Soleman, del programa Viraliza Ays\u00e9n Norte Emprende, se\u00f1al\u00f3 que la iniciativa permitir\u00e1 a los emprendedores \u201ctener mejores oportunidades para crecer y generar empleo\u201d en sus comunidades.<\/p>\n<p style=\"font-weight: 400; text-align: justify;\">A ello se suma la participaci\u00f3n del sector productivo. Rolf Traeger, representante del Consejo del Salm\u00f3n, destac\u00f3 el trabajo colaborativo y la incorporaci\u00f3n de pr\u00e1cticas como reciclaje, compostaje y uso eficiente de recursos, elementos clave para avanzar hacia un turismo m\u00e1s sostenible.<\/p>\n<p style=\"font-weight: 400; text-align: justify;\">El programa responde a una necesidad concreta del desarrollo productivo regional: acercar herramientas a quienes enfrentan estos desaf\u00edos en terreno.<\/p>\n<p style=\"font-weight: 400; text-align: justify;\">As\u00ed lo explic\u00f3 Francisco Alderete Deney, ejecutivo t\u00e9cnico de Corfo Ays\u00e9n. \u201cEl desarrollo productivo exige que las empresas se adapten a los desaf\u00edos de sostenibilidad y a los impactos del cambio clim\u00e1tico en la actividad tur\u00edstica\u201d, enfatizando la importancia de que estas capacidades lleguen efectivamente a los territorios.<\/p>\n<p style=\"font-weight: 400; text-align: justify;\">Para Olga Soto, presidenta de la Corporaci\u00f3n Queulat, \u201cla iniciativa permite fortalecer la asociatividad, impulsar una visi\u00f3n estrat\u00e9gica y consolidar un compromiso con el desarrollo local sostenible, promoviendo un ecosistema tur\u00edstico colaborativo, potenciando negocios que hoy constituyen un motor clave para el desarrollo de la Regi\u00f3n de Ays\u00e9n\u201d.<\/p>\n<p style=\"font-weight: 400; text-align: justify;\">El programa continuar\u00e1 durante el a\u00f1o con nuevas actividades en el territorio. El foco estar\u00e1 en que estos aprendizajes se traduzcan en decisiones concretas dentro de los negocios, incorporando herramientas para gestionar su impacto ambiental, acceder a financiamiento y adaptarse a un turismo cada vez m\u00e1s exigente en sostenibilidad.<\/p>\n<\/div><\/section><\/div><div  style='height:50px' class='hr hr-invisible   avia-builder-el-6  el_after_av_one_full  el_before_av_social_share '><span class='hr-inner ' ><span class='hr-inner-style'><\/span><\/span><\/div><\/p>\n<div  class='av-social-sharing-box  avia-builder-el-7  el_after_av_hr  el_before_av_hr  '><div class='av-share-box'><h5 class='av-share-link-description av-no-toc '>Compartir esta noticia<\/h5><ul class='av-share-box-list noLightbox'><li class='av-share-link av-social-link-facebook' ><a target=\"_blank\" aria-label=\"Compartir en Facebook\" href='https:\/\/www.facebook.com\/sharer.php?u=https:\/\/radiorevelacionfm.cl\/?p=66492&#038;t=Iniciativa%20Ays%C3%A9n%20Norte%20Emprende%20impulsa%20turismo%20m%C3%A1s%20resiliente%20frente%20al%20cambio%20clim%C3%A1tico' aria-hidden='false' data-av_icon='\ue8f3' data-av_iconfont='entypo-fontello' title='' data-avia-related-tooltip='Compartir en Facebook' rel=\"noopener\"><span class='avia_hidden_link_text'>Compartir en Facebook<\/span><\/a><\/li><li class='av-share-link av-social-link-twitter' ><a target=\"_blank\" aria-label=\"Compartir en Twitter\" href='https:\/\/twitter.com\/share?text=Iniciativa%20Ays%C3%A9n%20Norte%20Emprende%20impulsa%20turismo%20m%C3%A1s%20resiliente%20frente%20al%20cambio%20clim%C3%A1tico&#038;url=https:\/\/radiorevelacionfm.cl\/?p=66492' aria-hidden='false' data-av_icon='\ue8f1' data-av_iconfont='entypo-fontello' title='' data-avia-related-tooltip='Compartir en Twitter' rel=\"noopener\"><span class='avia_hidden_link_text'>Compartir en Twitter<\/span><\/a><\/li><li class='av-share-link av-social-link-whatsapp' ><a target=\"_blank\" aria-label=\"Compartir en Whatsapp\" href='https:\/\/api.whatsapp.com\/send?text=https:\/\/radiorevelacionfm.cl\/?p=66492' aria-hidden='false' data-av_icon='\uf232' data-av_iconfont='entypo-fontello' title='' data-avia-related-tooltip='Compartir en Whatsapp' rel=\"noopener\"><span class='avia_hidden_link_text'>Compartir en Whatsapp<\/span><\/a><\/li><li class='av-share-link av-social-link-linkedin' ><a target=\"_blank\" aria-label=\"Compartir en LinkedIn\" href='https:\/\/linkedin.com\/shareArticle?mini=true&#038;title=Iniciativa%20Ays%C3%A9n%20Norte%20Emprende%20impulsa%20turismo%20m%C3%A1s%20resiliente%20frente%20al%20cambio%20clim%C3%A1tico&#038;url=https:\/\/radiorevelacionfm.cl\/?p=66492' aria-hidden='false' data-av_icon='\ue8fc' data-av_iconfont='entypo-fontello' title='' data-avia-related-tooltip='Compartir en LinkedIn' rel=\"noopener\"><span class='avia_hidden_link_text'>Compartir en LinkedIn<\/span><\/a><\/li><li class='av-share-link av-social-link-mail' ><a  aria-label=\"Compartir por correo\" href='mailto:?subject=Iniciativa%20Ays%C3%A9n%20Norte%20Emprende%20impulsa%20turismo%20m%C3%A1s%20resiliente%20frente%20al%20cambio%20clim%C3%A1tico&#038;body=https:\/\/radiorevelacionfm.cl\/?p=66492' aria-hidden='false' data-av_icon='\ue805' data-av_iconfont='entypo-fontello' title='' data-avia-related-tooltip='Compartir por correo'><span class='avia_hidden_link_text'>Compartir por correo<\/span><\/a><\/li><\/ul><\/div><\/div>\n<div  style='height:50px' class='hr hr-invisible   avia-builder-el-8  el_after_av_social_share  el_before_av_comments_list '><span class='hr-inner ' ><span class='hr-inner-style'><\/span><\/span><\/div>\n<div  class='av-buildercomment  av-blog-meta-html-info-disabled av-blog-meta-tag-disabled  '><\/div>\n","protected":false},"excerpt":{"rendered":"","protected":false},"author":1,"featured_media":66493,"comment_status":"closed","ping_status":"closed","sticky":false,"template":"","format":"standard","meta":{"footnotes":""},"categories":[38],"tags":[],"class_list":["post-66492","post","type-post","status-publish","format-standard","has-post-thumbnail","hentry","category-regional"],"jetpack_featured_media_url":"https:\/\/radiorevelacionfm.cl\/wp-content\/uploads\/2026\/04\/1-1-3-1_optimized.jpg","_links":{"self":[{"href":"https:\/\/radiorevelacionfm.cl\/index.php?rest_route=\/wp\/v2\/posts\/66492","targetHints":{"allow":["GET"]}}],"collection":[{"href":"https:\/\/radiorevelacionfm.cl\/index.php?rest_route=\/wp\/v2\/posts"}],"about":[{"href":"https:\/\/radiorevelacionfm.cl\/index.php?rest_route=\/wp\/v2\/types\/post"}],"author":[{"embeddable":true,"href":"https:\/\/radiorevelacionfm.cl\/index.php?rest_route=\/wp\/v2\/users\/1"}],"replies":[{"embeddable":true,"href":"https:\/\/radiorevelacionfm.cl\/index.php?rest_route=%2Fwp%2Fv2%2Fcomments&post=66492"}],"version-history":[{"count":2,"href":"https:\/\/radiorevelacionfm.cl\/index.php?rest_route=\/wp\/v2\/posts\/66492\/revisions"}],"predecessor-version":[{"id":66498,"href":"https:\/\/radiorevelacionfm.cl\/index.php?rest_route=\/wp\/v2\/posts\/66492\/revisions\/66498"}],"wp:featuredmedia":[{"embeddable":true,"href":"https:\/\/radiorevelacionfm.cl\/index.php?rest_route=\/wp\/v2\/media\/66493"}],"wp:attachment":[{"href":"https:\/\/radiorevelacionfm.cl\/index.php?rest_route=%2Fwp%2Fv2%2Fmedia&parent=66492"}],"wp:term":[{"taxonomy":"category","embeddable":true,"href":"https:\/\/radiorevelacionfm.cl\/index.php?rest_route=%2Fwp%2Fv2%2Fcategories&post=66492"},{"taxonomy":"post_tag","embeddable":true,"href":"https:\/\/radiorevelacionfm.cl\/index.php?rest_route=%2Fwp%2Fv2%2Ftags&post=66492"}],"curies":[{"name":"wp","href":"https:\/\/api.w.org\/{rel}","templated":true}]}}