{"id":6649,"date":"2021-07-26T14:15:39","date_gmt":"2021-07-26T17:15:39","guid":{"rendered":"https:\/\/radiorevelacionfm.cl\/?p=6649"},"modified":"2021-07-26T14:15:39","modified_gmt":"2021-07-26T17:15:39","slug":"despues-de-10-meses-la-region-de-aysen-registra-cero-casos-positivos-por-covid-19","status":"publish","type":"post","link":"https:\/\/radiorevelacionfm.cl\/?p=6649","title":{"rendered":"Despu\u00e9s de 10 meses la regi\u00f3n de Ays\u00e9n registra cero casos positivos por COVID-19"},"content":{"rendered":"<div class=\"flex_column av_one_full  flex_column_div av-zero-column-padding first  avia-builder-el-0  el_before_av_one_full  avia-builder-el-first  \" style='border-radius:0px; '><div  class='avia-image-container  av-styling-    avia-builder-el-1  avia-builder-el-no-sibling  avia-align-center '  itemprop=\"image\" itemscope=\"itemscope\" itemtype=\"https:\/\/schema.org\/ImageObject\"  ><div class='avia-image-container-inner'><div class='avia-image-overlay-wrap'><img decoding=\"async\" class='wp-image-6650 avia-img-lazy-loading-not-6650 avia_image' src=\"https:\/\/radiorevelacionfm.cl\/wp-content\/uploads\/2021\/07\/PCR2-1-1.jpg\" alt='' title='PCR2 (1) (1)' height=\"600\" width=\"900\"  itemprop=\"thumbnailUrl\" srcset=\"https:\/\/radiorevelacionfm.cl\/wp-content\/uploads\/2021\/07\/PCR2-1-1.jpg 900w, https:\/\/radiorevelacionfm.cl\/wp-content\/uploads\/2021\/07\/PCR2-1-1-300x200.jpg 300w, https:\/\/radiorevelacionfm.cl\/wp-content\/uploads\/2021\/07\/PCR2-1-1-768x512.jpg 768w, https:\/\/radiorevelacionfm.cl\/wp-content\/uploads\/2021\/07\/PCR2-1-1-705x470.jpg 705w, https:\/\/radiorevelacionfm.cl\/wp-content\/uploads\/2021\/07\/PCR2-1-1-600x400.jpg 600w\" sizes=\"(max-width: 900px) 100vw, 900px\" \/><\/div><\/div><\/div><\/div><div class=\"flex_column av_one_full  flex_column_div av-zero-column-padding first  avia-builder-el-2  el_after_av_one_full  el_before_av_one_full  column-top-margin\" style='border-radius:0px; '><section class=\"av_textblock_section \"  itemscope=\"itemscope\" itemtype=\"https:\/\/schema.org\/BlogPosting\" itemprop=\"blogPost\" ><div class='avia_textblock  '   itemprop=\"text\" ><p style=\"text-align: center;\"><strong><span style=\"font-size: 18pt;\">Despu\u00e9s de 10 meses la regi\u00f3n de Ays\u00e9n registra cero casos positivos por COVID-19 <\/span><\/strong><\/p>\n<div id=\"gtx-trans\" style=\"position: absolute; left: -50px; top: 4.31534px;\">\n<div class=\"gtx-trans-icon\"><\/div>\n<\/div>\n<\/div><\/section><\/div><div class=\"flex_column av_one_full  flex_column_div av-zero-column-padding first  avia-builder-el-4  el_after_av_one_full  el_before_av_hr  column-top-margin\" style='border-radius:0px; '><section class=\"av_textblock_section \"  itemscope=\"itemscope\" itemtype=\"https:\/\/schema.org\/BlogPosting\" itemprop=\"blogPost\" ><div class='avia_textblock  '   itemprop=\"text\" ><p style=\"text-align: justify;\">Despu\u00e9s de 10 meses, este lunes 26 de julio, la regi\u00f3n de Ays\u00e9n nuevamente registr\u00f3 cero casos positivos a COVID-19 en los an\u00e1lisis de muestras efectuados durante este d\u00eda domingo. Una cifra que se iguala a las estad\u00edsticas ocurridas el pasado 06 de septiembre del a\u00f1o pasado, cuando no se registraron casos asociados al coronavirus.<\/p>\n<p style=\"text-align: justify;\">La informaci\u00f3n la dio a conocer la Seremi de Salud Ays\u00e9n, Alejandra Valdebenito Torres, quien entreg\u00f3 m\u00e1s antecedentes al respecto. \u201cEste domingo 25 de julio, se procesaron 208 muestras PCR las cuales resultaron negativas, por lo tanto, este lunes 26 no se registran nuevos casos asociados a COVID-19; una situaci\u00f3n que no experiment\u00e1bamos desde hace aproximadamente 10 meses, cuando el 06 de septiembre del a\u00f1o pasado se obtuvo el mismo resultado, con cero casos.\u00a0 Sin duda esta es una situaci\u00f3n que nos da un peque\u00f1o respiro a todos los equipos de salud que han estado trabajando de domingo a domingo para hacer frente a esta pandemia, pero tambi\u00e9n es un llamado para toda la comunidad, para que sigamos cuid\u00e1ndonos, porque el COVID-19 esta presente en nuestra comunidad\u201d.<\/p>\n<p style=\"text-align: justify;\">En este sentido, la autoridad sanitaria reiter\u00f3 a su vez la importancia que la comunidad se acerque a los puntos de vacunaci\u00f3n contra el COVID-19, donde la regi\u00f3n de Ays\u00e9n ya super\u00f3 el 90% de la poblaci\u00f3n objetivo. \u201cPese a la buena acogida que hemos obtenido con la campa\u00f1a de vacunaci\u00f3n contra el COVID-19, es prioritario que la ciudadan\u00eda logre completar sus esquemas de vacunaci\u00f3n, hoy alcanzamos un 96,21% (Primera dosis y dosis \u00fanica) de cobertura de vacunaci\u00f3n con 77.115 dosis administradas y un 92,24% (segunda dosis) de cobertura con 73.934 dosis a nivel regional.\u00a0 Sin embargo, a\u00fan tenemos cerca de 3 mil personas que a\u00fan no reciben ninguna dosis contra el COVID-19, es este segmento el que nos preocupa y al cual invitamos a sumarse a esta campa\u00f1a que solo busca proteger la salud de nuestras comunidades en esta pandemia\u201d.<\/p>\n<p style=\"text-align: justify;\">Cabe se\u00f1alar que desde el inicio de esta pandemia, los equipos de salud han mantenido un fuerte trabajo operativo a lo largo de toda la regi\u00f3n producto del COVID-19, pero estas acciones requerir\u00e1n siempre de una contraparte, que son las propias medidas de autocuidado que debe mantener la comunidad; trabajo colaborativo que hoy nos ha permitido visibilizar solo 35 casos activos por COVID-19 en toda la regi\u00f3n.<\/p>\n<\/div><\/section><\/div><div  style='height:50px' class='hr hr-invisible   avia-builder-el-6  el_after_av_one_full  el_before_av_social_share '><span class='hr-inner ' ><span class='hr-inner-style'><\/span><\/span><\/div><\/p>\n<div  class='av-social-sharing-box  avia-builder-el-7  el_after_av_hr  el_before_av_hr  '><div class='av-share-box'><h5 class='av-share-link-description av-no-toc '>Compartir esta noticia<\/h5><ul class='av-share-box-list noLightbox'><li class='av-share-link av-social-link-facebook' ><a target=\"_blank\" aria-label=\"Compartir en Facebook\" href='https:\/\/www.facebook.com\/sharer.php?u=https:\/\/radiorevelacionfm.cl\/?p=6649&#038;t=Despu%C3%A9s%20de%2010%20meses%20la%20regi%C3%B3n%20de%20Ays%C3%A9n%20registra%20cero%20casos%20positivos%20por%20COVID-19' aria-hidden='false' data-av_icon='\ue8f3' data-av_iconfont='entypo-fontello' title='' data-avia-related-tooltip='Compartir en Facebook' rel=\"noopener\"><span class='avia_hidden_link_text'>Compartir en Facebook<\/span><\/a><\/li><li class='av-share-link av-social-link-twitter' ><a target=\"_blank\" aria-label=\"Compartir en Twitter\" href='https:\/\/twitter.com\/share?text=Despu%C3%A9s%20de%2010%20meses%20la%20regi%C3%B3n%20de%20Ays%C3%A9n%20registra%20cero%20casos%20positivos%20por%20COVID-19&#038;url=https:\/\/radiorevelacionfm.cl\/?p=6649' aria-hidden='false' data-av_icon='\ue8f1' data-av_iconfont='entypo-fontello' title='' data-avia-related-tooltip='Compartir en Twitter' rel=\"noopener\"><span class='avia_hidden_link_text'>Compartir en Twitter<\/span><\/a><\/li><li class='av-share-link av-social-link-whatsapp' ><a target=\"_blank\" aria-label=\"Compartir en Whatsapp\" href='https:\/\/api.whatsapp.com\/send?text=https:\/\/radiorevelacionfm.cl\/?p=6649' aria-hidden='false' data-av_icon='\uf232' data-av_iconfont='entypo-fontello' title='' data-avia-related-tooltip='Compartir en Whatsapp' rel=\"noopener\"><span class='avia_hidden_link_text'>Compartir en Whatsapp<\/span><\/a><\/li><li class='av-share-link av-social-link-linkedin' ><a target=\"_blank\" aria-label=\"Compartir en LinkedIn\" href='https:\/\/linkedin.com\/shareArticle?mini=true&#038;title=Despu%C3%A9s%20de%2010%20meses%20la%20regi%C3%B3n%20de%20Ays%C3%A9n%20registra%20cero%20casos%20positivos%20por%20COVID-19&#038;url=https:\/\/radiorevelacionfm.cl\/?p=6649' aria-hidden='false' data-av_icon='\ue8fc' data-av_iconfont='entypo-fontello' title='' data-avia-related-tooltip='Compartir en LinkedIn' rel=\"noopener\"><span class='avia_hidden_link_text'>Compartir en LinkedIn<\/span><\/a><\/li><li class='av-share-link av-social-link-mail' ><a  aria-label=\"Compartir por correo\" href='mailto:?subject=Despu%C3%A9s%20de%2010%20meses%20la%20regi%C3%B3n%20de%20Ays%C3%A9n%20registra%20cero%20casos%20positivos%20por%20COVID-19&#038;body=https:\/\/radiorevelacionfm.cl\/?p=6649' aria-hidden='false' data-av_icon='\ue805' data-av_iconfont='entypo-fontello' title='' data-avia-related-tooltip='Compartir por correo'><span class='avia_hidden_link_text'>Compartir por correo<\/span><\/a><\/li><\/ul><\/div><\/div>\n<div  style='height:50px' class='hr hr-invisible   avia-builder-el-8  el_after_av_social_share  el_before_av_comments_list '><span class='hr-inner ' ><span class='hr-inner-style'><\/span><\/span><\/div>\n<div  class='av-buildercomment  av-blog-meta-html-info-disabled av-blog-meta-tag-disabled  '><\/div>\n","protected":false},"excerpt":{"rendered":"","protected":false},"author":1,"featured_media":6650,"comment_status":"open","ping_status":"open","sticky":false,"template":"","format":"standard","meta":{"footnotes":""},"categories":[46],"tags":[],"class_list":["post-6649","post","type-post","status-publish","format-standard","has-post-thumbnail","hentry","category-salud"],"jetpack_featured_media_url":"https:\/\/radiorevelacionfm.cl\/wp-content\/uploads\/2021\/07\/PCR2-1-1.jpg","_links":{"self":[{"href":"https:\/\/radiorevelacionfm.cl\/index.php?rest_route=\/wp\/v2\/posts\/6649","targetHints":{"allow":["GET"]}}],"collection":[{"href":"https:\/\/radiorevelacionfm.cl\/index.php?rest_route=\/wp\/v2\/posts"}],"about":[{"href":"https:\/\/radiorevelacionfm.cl\/index.php?rest_route=\/wp\/v2\/types\/post"}],"author":[{"embeddable":true,"href":"https:\/\/radiorevelacionfm.cl\/index.php?rest_route=\/wp\/v2\/users\/1"}],"replies":[{"embeddable":true,"href":"https:\/\/radiorevelacionfm.cl\/index.php?rest_route=%2Fwp%2Fv2%2Fcomments&post=6649"}],"version-history":[{"count":1,"href":"https:\/\/radiorevelacionfm.cl\/index.php?rest_route=\/wp\/v2\/posts\/6649\/revisions"}],"predecessor-version":[{"id":6651,"href":"https:\/\/radiorevelacionfm.cl\/index.php?rest_route=\/wp\/v2\/posts\/6649\/revisions\/6651"}],"wp:featuredmedia":[{"embeddable":true,"href":"https:\/\/radiorevelacionfm.cl\/index.php?rest_route=\/wp\/v2\/media\/6650"}],"wp:attachment":[{"href":"https:\/\/radiorevelacionfm.cl\/index.php?rest_route=%2Fwp%2Fv2%2Fmedia&parent=6649"}],"wp:term":[{"taxonomy":"category","embeddable":true,"href":"https:\/\/radiorevelacionfm.cl\/index.php?rest_route=%2Fwp%2Fv2%2Fcategories&post=6649"},{"taxonomy":"post_tag","embeddable":true,"href":"https:\/\/radiorevelacionfm.cl\/index.php?rest_route=%2Fwp%2Fv2%2Ftags&post=6649"}],"curies":[{"name":"wp","href":"https:\/\/api.w.org\/{rel}","templated":true}]}}