{"id":66486,"date":"2026-04-25T12:47:42","date_gmt":"2026-04-25T15:47:42","guid":{"rendered":"https:\/\/radiorevelacionfm.cl\/?p=66486"},"modified":"2026-04-25T12:47:42","modified_gmt":"2026-04-25T15:47:42","slug":"estrategia-del-gobierno-comienza-a-dar-resultados-en-seguridad-en-aysen","status":"publish","type":"post","link":"https:\/\/radiorevelacionfm.cl\/?p=66486","title":{"rendered":"Estrategia del Gobierno comienza a dar resultados en seguridad en Ays\u00e9n"},"content":{"rendered":"<div class=\"flex_column av_one_full  flex_column_div av-zero-column-padding first  avia-builder-el-0  el_before_av_one_full  avia-builder-el-first  \" style='border-radius:0px; '><div  class='avia-image-container  av-styling-    avia-builder-el-1  avia-builder-el-no-sibling  avia-align-center '  itemprop=\"image\" itemscope=\"itemscope\" itemtype=\"https:\/\/schema.org\/ImageObject\"  ><div class='avia-image-container-inner'><div class='avia-image-overlay-wrap'><img decoding=\"async\" class='wp-image-66487 avia-img-lazy-loading-not-66487 avia_image' src=\"https:\/\/radiorevelacionfm.cl\/wp-content\/uploads\/2026\/04\/seremis-de-gobienro-y-seguridad-1_optimized.jpeg\" alt='' title='seremis-de-gobienro-y-seguridad-(1)_optimized' height=\"670\" width=\"804\"  itemprop=\"thumbnailUrl\" srcset=\"https:\/\/radiorevelacionfm.cl\/wp-content\/uploads\/2026\/04\/seremis-de-gobienro-y-seguridad-1_optimized.jpeg 804w, https:\/\/radiorevelacionfm.cl\/wp-content\/uploads\/2026\/04\/seremis-de-gobienro-y-seguridad-1_optimized-300x250.jpeg 300w, https:\/\/radiorevelacionfm.cl\/wp-content\/uploads\/2026\/04\/seremis-de-gobienro-y-seguridad-1_optimized-768x640.jpeg 768w, https:\/\/radiorevelacionfm.cl\/wp-content\/uploads\/2026\/04\/seremis-de-gobienro-y-seguridad-1_optimized-705x588.jpeg 705w, https:\/\/radiorevelacionfm.cl\/wp-content\/uploads\/2026\/04\/seremis-de-gobienro-y-seguridad-1_optimized-450x375.jpeg 450w, https:\/\/radiorevelacionfm.cl\/wp-content\/uploads\/2026\/04\/seremis-de-gobienro-y-seguridad-1_optimized-600x500.jpeg 600w\" sizes=\"(max-width: 804px) 100vw, 804px\" \/><\/div><\/div><\/div><\/div><div class=\"flex_column av_one_full  flex_column_div av-zero-column-padding first  avia-builder-el-2  el_after_av_one_full  el_before_av_one_full  column-top-margin\" style='border-radius:0px; '><section class=\"av_textblock_section \"  itemscope=\"itemscope\" itemtype=\"https:\/\/schema.org\/BlogPosting\" itemprop=\"blogPost\" ><div class='avia_textblock  '   itemprop=\"text\" ><p style=\"text-align: center;\"><strong><span style=\"font-size: 18pt;\">Estrategia del Gobierno comienza a dar resultados en seguridad en Ays\u00e9n<\/span><\/strong><\/p>\n<div id=\"gtx-trans\" style=\"position: absolute; left: -50px; top: 4.31534px;\">\n<div class=\"gtx-trans-icon\"><\/div>\n<\/div>\n<\/div><\/section><\/div><div class=\"flex_column av_one_full  flex_column_div av-zero-column-padding first  avia-builder-el-4  el_after_av_one_full  el_before_av_hr  column-top-margin\" style='border-radius:0px; '><section class=\"av_textblock_section \"  itemscope=\"itemscope\" itemtype=\"https:\/\/schema.org\/BlogPosting\" itemprop=\"blogPost\" ><div class='avia_textblock  '   itemprop=\"text\" ><p><strong><em>Informes de Carabineros y la PDI evidencian baja en delitos de alta gravedad y refuerzan impacto de estrategia nacional en el territorio.<\/em><\/strong><\/p>\n<p style=\"text-align: justify;\">Autoridades regionales destacaron avances significativos en materia de seguridad p\u00fablica en la Regi\u00f3n de Ays\u00e9n, a partir de los \u00faltimos informes consolidados de Carabineros y la Polic\u00eda de Investigaciones (PDI), los que dan cuenta de una evoluci\u00f3n positiva en distintos indicadores durante el primer mes de gesti\u00f3n del Gobierno del Presidente Jos\u00e9 Antonio Kast.<\/p>\n<p style=\"text-align: justify;\">Este escenario se enmarca en el inicio de una administraci\u00f3n que, desde el 11 de marzo, ha puesto la seguridad como una prioridad nacional, impulsando operativos que han permitido la detenci\u00f3n de miles de pr\u00f3fugos de la justicia a nivel pa\u00eds, junto con la incautaci\u00f3n de drogas, armas y la recuperaci\u00f3n de veh\u00edculos robados. A ello se suma el fortalecimiento del control territorial y fronterizo, a trav\u00e9s de medidas como el Plan Escudo Fronterizo y una mayor coordinaci\u00f3n interinstitucional.<\/p>\n<p style=\"text-align: justify;\">En la Regi\u00f3n de Ays\u00e9n, uno de los datos m\u00e1s relevantes corresponde a la disminuci\u00f3n de los homicidios. Seg\u00fan Carabineros, no se registran casos en lo que va de 2026, en contraste con tres casos en igual per\u00edodo de 2025. En tanto, la PDI reporta un caso este a\u00f1o frente a ocho el a\u00f1o anterior, reflejando una baja significativa en este delito.<\/p>\n<p style=\"text-align: justify;\">En materia de fiscalizaci\u00f3n, se evidencia un importante despliegue policial. Carabineros realiz\u00f3 m\u00e1s de 8.100 controles de identidad y cerca de 14.800 controles vehiculares, mientras que la PDI efectu\u00f3 m\u00e1s de 31 mil controles migratorios, con especial \u00e9nfasis en pasos fronterizos de la regi\u00f3n.<\/p>\n<p style=\"text-align: justify;\">La seremi de Gobierno, B\u00e1rbara Ort\u00fazar Candia, recalc\u00f3 el enfoque pol\u00edtico de estos resultados, se\u00f1alando que \u201cDesde el Gobierno del Presidente Jos\u00e9 Antonio Kast hemos tomado decisiones claras desde el primer d\u00eda, poniendo la seguridad en el centro de nuestra gesti\u00f3n. La disminuci\u00f3n de homicidios, el aumento de controles de identidad y la incautaci\u00f3n de drogas, no son casualidad; responden a una conducci\u00f3n firme, con prioridades bien definidas y con un Estado que empieza a estar presente donde las personas lo necesitan. Esto es una estrategia pa\u00eds que ya est\u00e1 dando resultados concretos y que seguiremos profundizando\u201d.<\/p>\n<p style=\"text-align: justify;\">Por su parte, el seremi de Seguridad P\u00fablica, Jean Paul Zimmermann Mussiett, detall\u00f3 el trabajo operativo detr\u00e1s de estas cifras:<\/p>\n<p style=\"text-align: justify;\">\u201cEstos resultados responden a un fortalecimiento de los despliegues territoriales y de los controles preventivos. Hemos visto un alto nivel de fiscalizaci\u00f3n, tanto en controles de identidad como vehiculares, adem\u00e1s de un monitoreo permanente en pasos fronterizos. Esto nos permite anticiparnos a situaciones de riesgo, mejorar la capacidad de respuesta y sostener una tendencia positiva en materia de seguridad\u201d.<\/p>\n<p style=\"text-align: justify;\">En cuanto a la labor policial, Carabineros report\u00f3 351 detenidos en el per\u00edodo, junto con incautaciones de droga \u2014incluyendo cannabis, clorhidrato de coca\u00edna y f\u00e1rmacos\u2014, lo que da cuenta de acciones concretas en el combate al delito en el territorio.<\/p>\n<p style=\"text-align: justify;\">Las autoridades coincidieron en que estos avances no son hechos aislados, sino que son los resultados de una estrategia integral impulsada por el Gobierno, que combina decisi\u00f3n pol\u00edtica, fortalecimiento institucional y trabajo coordinado de las polic\u00edas. En esa l\u00ednea, enfatizaron que el desaf\u00edo es consolidar esta tendencia y seguir avanzando con determinaci\u00f3n, para que la seguridad deje de ser una preocupaci\u00f3n y se transforme en una garant\u00eda efectiva para las familias de la Regi\u00f3n de Ays\u00e9n.<\/p>\n<\/div><\/section><\/div><div  style='height:50px' class='hr hr-invisible   avia-builder-el-6  el_after_av_one_full  el_before_av_social_share '><span class='hr-inner ' ><span class='hr-inner-style'><\/span><\/span><\/div><\/p>\n<div  class='av-social-sharing-box  avia-builder-el-7  el_after_av_hr  el_before_av_hr  '><div class='av-share-box'><h5 class='av-share-link-description av-no-toc '>Compartir esta noticia<\/h5><ul class='av-share-box-list noLightbox'><li class='av-share-link av-social-link-facebook' ><a target=\"_blank\" aria-label=\"Compartir en Facebook\" href='https:\/\/www.facebook.com\/sharer.php?u=https:\/\/radiorevelacionfm.cl\/?p=66486&#038;t=Estrategia%20del%20Gobierno%20comienza%20a%20dar%20resultados%20en%20seguridad%20en%20Ays%C3%A9n' aria-hidden='false' data-av_icon='\ue8f3' data-av_iconfont='entypo-fontello' title='' data-avia-related-tooltip='Compartir en Facebook' rel=\"noopener\"><span class='avia_hidden_link_text'>Compartir en Facebook<\/span><\/a><\/li><li class='av-share-link av-social-link-twitter' ><a target=\"_blank\" aria-label=\"Compartir en Twitter\" href='https:\/\/twitter.com\/share?text=Estrategia%20del%20Gobierno%20comienza%20a%20dar%20resultados%20en%20seguridad%20en%20Ays%C3%A9n&#038;url=https:\/\/radiorevelacionfm.cl\/?p=66486' aria-hidden='false' data-av_icon='\ue8f1' data-av_iconfont='entypo-fontello' title='' data-avia-related-tooltip='Compartir en Twitter' rel=\"noopener\"><span class='avia_hidden_link_text'>Compartir en Twitter<\/span><\/a><\/li><li class='av-share-link av-social-link-whatsapp' ><a target=\"_blank\" aria-label=\"Compartir en Whatsapp\" href='https:\/\/api.whatsapp.com\/send?text=https:\/\/radiorevelacionfm.cl\/?p=66486' aria-hidden='false' data-av_icon='\uf232' data-av_iconfont='entypo-fontello' title='' data-avia-related-tooltip='Compartir en Whatsapp' rel=\"noopener\"><span class='avia_hidden_link_text'>Compartir en Whatsapp<\/span><\/a><\/li><li class='av-share-link av-social-link-linkedin' ><a target=\"_blank\" aria-label=\"Compartir en LinkedIn\" href='https:\/\/linkedin.com\/shareArticle?mini=true&#038;title=Estrategia%20del%20Gobierno%20comienza%20a%20dar%20resultados%20en%20seguridad%20en%20Ays%C3%A9n&#038;url=https:\/\/radiorevelacionfm.cl\/?p=66486' aria-hidden='false' data-av_icon='\ue8fc' data-av_iconfont='entypo-fontello' title='' data-avia-related-tooltip='Compartir en LinkedIn' rel=\"noopener\"><span class='avia_hidden_link_text'>Compartir en LinkedIn<\/span><\/a><\/li><li class='av-share-link av-social-link-mail' ><a  aria-label=\"Compartir por correo\" href='mailto:?subject=Estrategia%20del%20Gobierno%20comienza%20a%20dar%20resultados%20en%20seguridad%20en%20Ays%C3%A9n&#038;body=https:\/\/radiorevelacionfm.cl\/?p=66486' aria-hidden='false' data-av_icon='\ue805' data-av_iconfont='entypo-fontello' title='' data-avia-related-tooltip='Compartir por correo'><span class='avia_hidden_link_text'>Compartir por correo<\/span><\/a><\/li><\/ul><\/div><\/div>\n<div  style='height:50px' class='hr hr-invisible   avia-builder-el-8  el_after_av_social_share  el_before_av_comments_list '><span class='hr-inner ' ><span class='hr-inner-style'><\/span><\/span><\/div>\n<div  class='av-buildercomment  av-blog-meta-html-info-disabled av-blog-meta-tag-disabled  '><\/div>\n","protected":false},"excerpt":{"rendered":"","protected":false},"author":1,"featured_media":66487,"comment_status":"closed","ping_status":"closed","sticky":false,"template":"","format":"standard","meta":{"footnotes":""},"categories":[38],"tags":[],"class_list":["post-66486","post","type-post","status-publish","format-standard","has-post-thumbnail","hentry","category-regional"],"jetpack_featured_media_url":"https:\/\/radiorevelacionfm.cl\/wp-content\/uploads\/2026\/04\/seremis-de-gobienro-y-seguridad-1_optimized.jpeg","_links":{"self":[{"href":"https:\/\/radiorevelacionfm.cl\/index.php?rest_route=\/wp\/v2\/posts\/66486","targetHints":{"allow":["GET"]}}],"collection":[{"href":"https:\/\/radiorevelacionfm.cl\/index.php?rest_route=\/wp\/v2\/posts"}],"about":[{"href":"https:\/\/radiorevelacionfm.cl\/index.php?rest_route=\/wp\/v2\/types\/post"}],"author":[{"embeddable":true,"href":"https:\/\/radiorevelacionfm.cl\/index.php?rest_route=\/wp\/v2\/users\/1"}],"replies":[{"embeddable":true,"href":"https:\/\/radiorevelacionfm.cl\/index.php?rest_route=%2Fwp%2Fv2%2Fcomments&post=66486"}],"version-history":[{"count":2,"href":"https:\/\/radiorevelacionfm.cl\/index.php?rest_route=\/wp\/v2\/posts\/66486\/revisions"}],"predecessor-version":[{"id":66569,"href":"https:\/\/radiorevelacionfm.cl\/index.php?rest_route=\/wp\/v2\/posts\/66486\/revisions\/66569"}],"wp:featuredmedia":[{"embeddable":true,"href":"https:\/\/radiorevelacionfm.cl\/index.php?rest_route=\/wp\/v2\/media\/66487"}],"wp:attachment":[{"href":"https:\/\/radiorevelacionfm.cl\/index.php?rest_route=%2Fwp%2Fv2%2Fmedia&parent=66486"}],"wp:term":[{"taxonomy":"category","embeddable":true,"href":"https:\/\/radiorevelacionfm.cl\/index.php?rest_route=%2Fwp%2Fv2%2Fcategories&post=66486"},{"taxonomy":"post_tag","embeddable":true,"href":"https:\/\/radiorevelacionfm.cl\/index.php?rest_route=%2Fwp%2Fv2%2Ftags&post=66486"}],"curies":[{"name":"wp","href":"https:\/\/api.w.org\/{rel}","templated":true}]}}