{"id":66482,"date":"2026-04-27T10:43:51","date_gmt":"2026-04-27T13:43:51","guid":{"rendered":"https:\/\/radiorevelacionfm.cl\/?p=66482"},"modified":"2026-04-27T10:43:51","modified_gmt":"2026-04-27T13:43:51","slug":"foji-abre-las-postulaciones-para-el-3-festival-nacional-de-coros-victor-alarcon-diaz","status":"publish","type":"post","link":"https:\/\/radiorevelacionfm.cl\/?p=66482","title":{"rendered":"FOJI abre las postulaciones para el 3\u00b0 Festival Nacional de Coros \u201cV\u00edctor Alarc\u00f3n D\u00edaz\u201d"},"content":{"rendered":"<div class=\"flex_column av_one_full  flex_column_div av-zero-column-padding first  avia-builder-el-0  el_before_av_one_full  avia-builder-el-first  \" style='border-radius:0px; '><div  class='avia-image-container  av-styling-    avia-builder-el-1  avia-builder-el-no-sibling  avia-align-center '  itemprop=\"image\" itemscope=\"itemscope\" itemtype=\"https:\/\/schema.org\/ImageObject\"  ><div class='avia-image-container-inner'><div class='avia-image-overlay-wrap'><img decoding=\"async\" class='wp-image-66483 avia-img-lazy-loading-not-66483 avia_image' src=\"https:\/\/radiorevelacionfm.cl\/wp-content\/uploads\/2026\/04\/FESTIVAL-DE-COROS-1-1-1.jpg\" alt='' title='FESTIVAL DE COROS 1 (1) (1)' height=\"600\" width=\"900\"  itemprop=\"thumbnailUrl\" srcset=\"https:\/\/radiorevelacionfm.cl\/wp-content\/uploads\/2026\/04\/FESTIVAL-DE-COROS-1-1-1.jpg 900w, https:\/\/radiorevelacionfm.cl\/wp-content\/uploads\/2026\/04\/FESTIVAL-DE-COROS-1-1-1-300x200.jpg 300w, https:\/\/radiorevelacionfm.cl\/wp-content\/uploads\/2026\/04\/FESTIVAL-DE-COROS-1-1-1-768x512.jpg 768w, https:\/\/radiorevelacionfm.cl\/wp-content\/uploads\/2026\/04\/FESTIVAL-DE-COROS-1-1-1-705x470.jpg 705w, https:\/\/radiorevelacionfm.cl\/wp-content\/uploads\/2026\/04\/FESTIVAL-DE-COROS-1-1-1-450x300.jpg 450w, https:\/\/radiorevelacionfm.cl\/wp-content\/uploads\/2026\/04\/FESTIVAL-DE-COROS-1-1-1-600x400.jpg 600w\" sizes=\"(max-width: 900px) 100vw, 900px\" \/><\/div><\/div><\/div><\/div><div class=\"flex_column av_one_full  flex_column_div av-zero-column-padding first  avia-builder-el-2  el_after_av_one_full  el_before_av_one_full  column-top-margin\" style='border-radius:0px; '><section class=\"av_textblock_section \"  itemscope=\"itemscope\" itemtype=\"https:\/\/schema.org\/BlogPosting\" itemprop=\"blogPost\" ><div class='avia_textblock  '   itemprop=\"text\" ><p style=\"text-align: center;\"><strong><span style=\"font-size: 18pt;\">FOJI abre las postulaciones para el 3\u00b0 Festival Nacional de Coros \u201cV\u00edctor Alarc\u00f3n D\u00edaz\u201d<\/span><\/strong><\/p>\n<div id=\"gtx-trans\" style=\"position: absolute; left: -50px; top: 4.31534px;\">\n<div class=\"gtx-trans-icon\"><\/div>\n<\/div>\n<\/div><\/section><\/div><div class=\"flex_column av_one_full  flex_column_div av-zero-column-padding first  avia-builder-el-4  el_after_av_one_full  el_before_av_hr  column-top-margin\" style='border-radius:0px; '><section class=\"av_textblock_section \"  itemscope=\"itemscope\" itemtype=\"https:\/\/schema.org\/BlogPosting\" itemprop=\"blogPost\" ><div class='avia_textblock  '   itemprop=\"text\" ><div>\n<p dir=\"ltr\" style=\"text-align: justify;\">La versi\u00f3n 2026 se llevar\u00e1 a cabo el 28 de agosto en el Teatro Universidad de Concepci\u00f3n, y podr\u00e1n postular conjuntos corales infantiles y\/o juveniles de todo Chile hasta el 31 de mayo del 2026.<\/p>\n<p dir=\"ltr\" style=\"text-align: justify;\">La Fundaci\u00f3n de Orquestas Juveniles e Infantiles de Chile (FOJI), y la Fundaci\u00f3n Ib\u00e1\u00f1ez Atkinson (FIA) los invita a participar del III Festival Nacional de Coros \u201cV\u00edctor Alarc\u00f3n D\u00edaz. Esta tercera versi\u00f3n se realizar\u00e1 en conjunto con la Corporaci\u00f3n Cultural Universidad de Concepci\u00f3n (CORCUDEC) el 28 de agosto en el Teatro Universidad de Concepci\u00f3n.<\/p>\n<p dir=\"ltr\" style=\"text-align: justify;\">La iniciativa busca generar un espacio de encuentro, formaci\u00f3n y proyecci\u00f3n art\u00edstica para agrupaciones corales integradas por ni\u00f1os, ni\u00f1as, adolescentes y j\u00f3venes de todo el pa\u00eds. Asimismo, el certamen lleva el nombre \u201cV\u00edctor Alarc\u00f3n D\u00edaz\u201d en homenaje al invaluable legado del profesor, cantante, gestor, creador y director de coros escolares, universitarios, vocacionales y profesionales en Chile.<\/p>\n<p dir=\"ltr\" style=\"text-align: justify;\">La primera edici\u00f3n del Festival se llev\u00f3 a cabo en 2024 en Santiago. Desde el a\u00f1o 2025, con el fin de contribuir en la descentralizaci\u00f3n de la m\u00fasica, se realiz\u00f3 en el Aula Magna de la Universidad de La Serena, juntando a m\u00e1s de 140 voces j\u00f3venes provenientes de distintas partes del pa\u00eds, como Talca, Rancagua y Santiago. Este a\u00f1o FOJI se est\u00e1 preparando para realizar una nueva edici\u00f3n del evento, en esta ocasi\u00f3n en la Regi\u00f3n del Biob\u00edo.<\/p>\n<p dir=\"ltr\" style=\"text-align: justify;\">\u00bfQui\u00e9nes pueden postular?<\/p>\n<p dir=\"ltr\" style=\"text-align: justify;\">Podr\u00e1n participar coros infantiles y\/o juveniles pertenecientes a instituciones con personalidad jur\u00eddica. No podr\u00e1n hacerlo aquellos conjuntos que hayan sido seleccionados en la versi\u00f3n anterior del festival.<\/p>\n<p dir=\"ltr\" style=\"text-align: justify;\">\u00bfC\u00f3mo postular?<\/p>\n<p dir=\"ltr\" style=\"text-align: justify;\">Las agrupaciones deber\u00e1n completar el formulario de inscripci\u00f3n con los datos solicitados. Adem\u00e1s, ser\u00e1 necesario grabar un video de un ensayo o presentaci\u00f3n en vivo, subirlo a YouTube y adjuntar el enlace en la plataforma correspondiente. Las instrucciones y especificaciones t\u00e9cnicas se encuentran detalladas en las bases disponibles en el sitio web de FOJI.<\/p>\n<p dir=\"ltr\" style=\"text-align: justify;\">Las postulaciones estar\u00e1n abiertas hasta el 31 de mayo de 2026. En caso de consultas sobre el proceso, \u00e9stas deber\u00e1n ser enviadas al correo <a href=\"mailto:consultas.fva@foji.cl\" target=\"_blank\" rel=\"noopener\">consultas.fva@foji.cl<\/a>.<\/p>\n<\/div>\n<div style=\"text-align: justify;\"><\/div>\n<\/div><\/section><\/div><div  style='height:50px' class='hr hr-invisible   avia-builder-el-6  el_after_av_one_full  el_before_av_social_share '><span class='hr-inner ' ><span class='hr-inner-style'><\/span><\/span><\/div><\/p>\n<div  class='av-social-sharing-box  avia-builder-el-7  el_after_av_hr  el_before_av_hr  '><div class='av-share-box'><h5 class='av-share-link-description av-no-toc '>Compartir esta noticia<\/h5><ul class='av-share-box-list noLightbox'><li class='av-share-link av-social-link-facebook' ><a target=\"_blank\" aria-label=\"Compartir en Facebook\" href='https:\/\/www.facebook.com\/sharer.php?u=https:\/\/radiorevelacionfm.cl\/?p=66482&#038;t=FOJI%20abre%20las%20postulaciones%20para%20el%203%C2%B0%20Festival%20Nacional%20de%20Coros%20%E2%80%9CV%C3%ADctor%20Alarc%C3%B3n%20D%C3%ADaz%E2%80%9D' aria-hidden='false' data-av_icon='\ue8f3' data-av_iconfont='entypo-fontello' title='' data-avia-related-tooltip='Compartir en Facebook' rel=\"noopener\"><span class='avia_hidden_link_text'>Compartir en Facebook<\/span><\/a><\/li><li class='av-share-link av-social-link-twitter' ><a target=\"_blank\" aria-label=\"Compartir en Twitter\" href='https:\/\/twitter.com\/share?text=FOJI%20abre%20las%20postulaciones%20para%20el%203%C2%B0%20Festival%20Nacional%20de%20Coros%20%E2%80%9CV%C3%ADctor%20Alarc%C3%B3n%20D%C3%ADaz%E2%80%9D&#038;url=https:\/\/radiorevelacionfm.cl\/?p=66482' aria-hidden='false' data-av_icon='\ue8f1' data-av_iconfont='entypo-fontello' title='' data-avia-related-tooltip='Compartir en Twitter' rel=\"noopener\"><span class='avia_hidden_link_text'>Compartir en Twitter<\/span><\/a><\/li><li class='av-share-link av-social-link-whatsapp' ><a target=\"_blank\" aria-label=\"Compartir en Whatsapp\" href='https:\/\/api.whatsapp.com\/send?text=https:\/\/radiorevelacionfm.cl\/?p=66482' aria-hidden='false' data-av_icon='\uf232' data-av_iconfont='entypo-fontello' title='' data-avia-related-tooltip='Compartir en Whatsapp' rel=\"noopener\"><span class='avia_hidden_link_text'>Compartir en Whatsapp<\/span><\/a><\/li><li class='av-share-link av-social-link-linkedin' ><a target=\"_blank\" aria-label=\"Compartir en LinkedIn\" href='https:\/\/linkedin.com\/shareArticle?mini=true&#038;title=FOJI%20abre%20las%20postulaciones%20para%20el%203%C2%B0%20Festival%20Nacional%20de%20Coros%20%E2%80%9CV%C3%ADctor%20Alarc%C3%B3n%20D%C3%ADaz%E2%80%9D&#038;url=https:\/\/radiorevelacionfm.cl\/?p=66482' aria-hidden='false' data-av_icon='\ue8fc' data-av_iconfont='entypo-fontello' title='' data-avia-related-tooltip='Compartir en LinkedIn' rel=\"noopener\"><span class='avia_hidden_link_text'>Compartir en LinkedIn<\/span><\/a><\/li><li class='av-share-link av-social-link-mail' ><a  aria-label=\"Compartir por correo\" href='mailto:?subject=FOJI%20abre%20las%20postulaciones%20para%20el%203%C2%B0%20Festival%20Nacional%20de%20Coros%20%E2%80%9CV%C3%ADctor%20Alarc%C3%B3n%20D%C3%ADaz%E2%80%9D&#038;body=https:\/\/radiorevelacionfm.cl\/?p=66482' aria-hidden='false' data-av_icon='\ue805' data-av_iconfont='entypo-fontello' title='' data-avia-related-tooltip='Compartir por correo'><span class='avia_hidden_link_text'>Compartir por correo<\/span><\/a><\/li><\/ul><\/div><\/div>\n<div  style='height:50px' class='hr hr-invisible   avia-builder-el-8  el_after_av_social_share  el_before_av_comments_list '><span class='hr-inner ' ><span class='hr-inner-style'><\/span><\/span><\/div>\n<div  class='av-buildercomment  av-blog-meta-html-info-disabled av-blog-meta-tag-disabled  '><\/div>\n","protected":false},"excerpt":{"rendered":"","protected":false},"author":1,"featured_media":66483,"comment_status":"closed","ping_status":"closed","sticky":false,"template":"","format":"standard","meta":{"footnotes":""},"categories":[61],"tags":[],"class_list":["post-66482","post","type-post","status-publish","format-standard","has-post-thumbnail","hentry","category-nacional"],"jetpack_featured_media_url":"https:\/\/radiorevelacionfm.cl\/wp-content\/uploads\/2026\/04\/FESTIVAL-DE-COROS-1-1-1.jpg","_links":{"self":[{"href":"https:\/\/radiorevelacionfm.cl\/index.php?rest_route=\/wp\/v2\/posts\/66482","targetHints":{"allow":["GET"]}}],"collection":[{"href":"https:\/\/radiorevelacionfm.cl\/index.php?rest_route=\/wp\/v2\/posts"}],"about":[{"href":"https:\/\/radiorevelacionfm.cl\/index.php?rest_route=\/wp\/v2\/types\/post"}],"author":[{"embeddable":true,"href":"https:\/\/radiorevelacionfm.cl\/index.php?rest_route=\/wp\/v2\/users\/1"}],"replies":[{"embeddable":true,"href":"https:\/\/radiorevelacionfm.cl\/index.php?rest_route=%2Fwp%2Fv2%2Fcomments&post=66482"}],"version-history":[{"count":2,"href":"https:\/\/radiorevelacionfm.cl\/index.php?rest_route=\/wp\/v2\/posts\/66482\/revisions"}],"predecessor-version":[{"id":66616,"href":"https:\/\/radiorevelacionfm.cl\/index.php?rest_route=\/wp\/v2\/posts\/66482\/revisions\/66616"}],"wp:featuredmedia":[{"embeddable":true,"href":"https:\/\/radiorevelacionfm.cl\/index.php?rest_route=\/wp\/v2\/media\/66483"}],"wp:attachment":[{"href":"https:\/\/radiorevelacionfm.cl\/index.php?rest_route=%2Fwp%2Fv2%2Fmedia&parent=66482"}],"wp:term":[{"taxonomy":"category","embeddable":true,"href":"https:\/\/radiorevelacionfm.cl\/index.php?rest_route=%2Fwp%2Fv2%2Fcategories&post=66482"},{"taxonomy":"post_tag","embeddable":true,"href":"https:\/\/radiorevelacionfm.cl\/index.php?rest_route=%2Fwp%2Fv2%2Ftags&post=66482"}],"curies":[{"name":"wp","href":"https:\/\/api.w.org\/{rel}","templated":true}]}}