{"id":66476,"date":"2026-04-24T11:06:41","date_gmt":"2026-04-24T14:06:41","guid":{"rendered":"https:\/\/radiorevelacionfm.cl\/?p=66476"},"modified":"2026-04-24T11:06:41","modified_gmt":"2026-04-24T14:06:41","slug":"con-gran-convocatoria-hospital-regional-coyhaique-realiza-la-i-jornada-de-humanizacion-en-la-atencion-de-salud","status":"publish","type":"post","link":"https:\/\/radiorevelacionfm.cl\/?p=66476","title":{"rendered":"Con gran convocatoria Hospital Regional Coyhaique realiza la \u201cI Jornada de Humanizaci\u00f3n en la Atenci\u00f3n de Salud\u201d"},"content":{"rendered":"<div class=\"flex_column av_one_full  flex_column_div av-zero-column-padding first  avia-builder-el-0  el_before_av_one_full  avia-builder-el-first  \" style='border-radius:0px; '><div  class='avia-image-container  av-styling-    avia-builder-el-1  avia-builder-el-no-sibling  avia-align-center '  itemprop=\"image\" itemscope=\"itemscope\" itemtype=\"https:\/\/schema.org\/ImageObject\"  ><div class='avia-image-container-inner'><div class='avia-image-overlay-wrap'><img decoding=\"async\" class='wp-image-66477 avia-img-lazy-loading-not-66477 avia_image' src=\"https:\/\/radiorevelacionfm.cl\/wp-content\/uploads\/2026\/04\/JORNADA-HUMANIZACION-5-1-1.jpeg\" alt='' title='JORNADA HUMANIZACION (5) (1) (1)' height=\"600\" width=\"900\"  itemprop=\"thumbnailUrl\" srcset=\"https:\/\/radiorevelacionfm.cl\/wp-content\/uploads\/2026\/04\/JORNADA-HUMANIZACION-5-1-1.jpeg 900w, https:\/\/radiorevelacionfm.cl\/wp-content\/uploads\/2026\/04\/JORNADA-HUMANIZACION-5-1-1-300x200.jpeg 300w, https:\/\/radiorevelacionfm.cl\/wp-content\/uploads\/2026\/04\/JORNADA-HUMANIZACION-5-1-1-768x512.jpeg 768w, https:\/\/radiorevelacionfm.cl\/wp-content\/uploads\/2026\/04\/JORNADA-HUMANIZACION-5-1-1-705x470.jpeg 705w, https:\/\/radiorevelacionfm.cl\/wp-content\/uploads\/2026\/04\/JORNADA-HUMANIZACION-5-1-1-450x300.jpeg 450w, https:\/\/radiorevelacionfm.cl\/wp-content\/uploads\/2026\/04\/JORNADA-HUMANIZACION-5-1-1-600x400.jpeg 600w\" sizes=\"(max-width: 900px) 100vw, 900px\" \/><\/div><\/div><\/div><\/div><div class=\"flex_column av_one_full  flex_column_div av-zero-column-padding first  avia-builder-el-2  el_after_av_one_full  el_before_av_one_full  column-top-margin\" style='border-radius:0px; '><section class=\"av_textblock_section \"  itemscope=\"itemscope\" itemtype=\"https:\/\/schema.org\/BlogPosting\" itemprop=\"blogPost\" ><div class='avia_textblock  '   itemprop=\"text\" ><p style=\"text-align: center;\"><strong><span style=\"font-size: 18pt;\">Con gran convocatoria Hospital Regional Coyhaique realiza la \u201cI Jornada de Humanizaci\u00f3n en la Atenci\u00f3n de Salud\u201d<\/span><\/strong><\/p>\n<div id=\"gtx-trans\" style=\"position: absolute; left: -50px; top: 4.31534px;\">\n<div class=\"gtx-trans-icon\"><\/div>\n<\/div>\n<\/div><\/section><\/div><div class=\"flex_column av_one_full  flex_column_div av-zero-column-padding first  avia-builder-el-4  el_after_av_one_full  el_before_av_hr  column-top-margin\" style='border-radius:0px; '><section class=\"av_textblock_section \"  itemscope=\"itemscope\" itemtype=\"https:\/\/schema.org\/BlogPosting\" itemprop=\"blogPost\" ><div class='avia_textblock  '   itemprop=\"text\" ><p style=\"text-align: justify;\"><em>La actividad, dirigida a las y los funcionarios de la instituci\u00f3n, busca ser el puntapi\u00e9 inicial de iniciativas cuya finalidad es avanzar en una atenci\u00f3n m\u00e1s humana, digna y centrada en las personas.<\/em><\/p>\n<p style=\"text-align: justify;\">Con una amplia convocatoria se llev\u00f3 a cabo la \u201cI Jornada de Humanizaci\u00f3n en la Atenci\u00f3n de Salud\u201d, espacio de encuentro y reflexi\u00f3n dirigido a las y los funcionarios del Hospital Regional Coyhaique, que busca ser el puntapi\u00e9 inicial de una serie de actividades e iniciativas cuya finalidad es avanzar en una atenci\u00f3n m\u00e1s humana, digna y centrada en las personas.<\/p>\n<p style=\"text-align: justify;\">\u201cPaseos que curan\u201d; \u201cLactario Dra. Carmen Lucero\u201d; \u201cProtocolo de duelo\u201d; \u201cCarro Recreativo\u201d y \u201cAltruismo y fidelizaci\u00f3n\u201d, fueron parte de las buenas pr\u00e1cticas expuestas por 9 equipos cl\u00ednicos del HRC, quienes demostraron que con peque\u00f1as acciones pueden cambiar -y mejorar- la experiencia de las y los pacientes que a diario son atendidos en el \u00fanico hospital de alta complejidad de la regi\u00f3n de Ays\u00e9n.<\/p>\n<p style=\"text-align: justify;\">\u201cA partir de muchas ideas particulares, nos hemos visto involucrados en una idea ya colectiva, dirigida a poder generar una instancia donde reuni\u00e9ramos las buenas pr\u00e1cticas que se desarrollan en los diversos servicios -cl\u00ednicos y no cl\u00ednicos- del punto de un trato mucho m\u00e1s cercano, humanizado, emp\u00e1tico y m\u00e1s amoroso, fundamentalmente\u201d, se\u00f1al\u00f3 la directora (s) del Hospital Regional Coyhaique, Victoria Pinto Henr\u00edquez.<\/p>\n<p style=\"text-align: justify;\">La directora del HRC hizo hincapi\u00e9 en que existe un inter\u00e9s genuino por parte de las y los funcionarios del establecimiento por potenciar el \u201clado humano\u201d en la atenci\u00f3n de salud, proceso que involucra a toda la comunidad hospitalaria, y que sienta las bases para aspirar a que, en un corto plazo, el HRC pueda ser parte de la \u201cRed de Humanizaci\u00f3n en Salud Chile\u201d agrupaci\u00f3n sin fines de lucro compuesta por m\u00e1s de 40 instituciones p\u00fablicas, privadas y acad\u00e9micas comprometidas con poner al paciente, su familia y el equipo de salud en el centro de la atenci\u00f3n.<\/p>\n<p style=\"text-align: justify;\">\u201cEsto ha sido muy bien acogido, tuvimos una convocatoria excelente, y eso habla de que tenemos mucha materia prima. Estoy muy contenta y orgullosa de todo el personal de nuestro hospital, donde tambi\u00e9n hemos tenido el apoyo de las asociaciones gremiales en esta iniciativa. No queda m\u00e1s que seguir avanzando y so\u00f1ar con ser parte de la Red de Humanizaci\u00f3n en Salud Chile que existen en el pa\u00eds y de la que a\u00f1oramos ser parte\u201d, sostuvo Victoria Pinto.<\/p>\n<p style=\"text-align: justify;\">Por su parte, Muriel Arriagada, referente de humanizaci\u00f3n del Hospital Regional Coyhaique que fue parte de la organizaci\u00f3n de esta jornada, destac\u00f3 que el repensar la atenci\u00f3n en salud de la mano de buenas pr\u00e1cticas que dejen una experiencia positiva en las y los usuarios, produce un c\u00edrculo virtuoso capaz de irse multiplicando entre los m\u00e1s de mil funcionarios que son parte del HRC.<\/p>\n<p style=\"text-align: justify;\">\u201cEste es efectivamente el puntapi\u00e9 inicial para toda la l\u00ednea de trabajo que vamos a tener como comit\u00e9 en la tem\u00e1tica humanizaci\u00f3n. Estamos seguros que es un germen que quedar\u00e1 en cada servicio y que va a proliferar con todas estas motivaciones. As\u00ed que estamos muy felices, y esperamos contar con m\u00e1s integrantes del Comit\u00e9 Humanizaci\u00f3n, con c\u00e9lulas de humanizaci\u00f3n en cada unidad\u00bb, indic\u00f3 la profesional.<\/p>\n<p style=\"text-align: justify;\"><strong>BUENAS PR\u00c1CTICAS<\/strong><\/p>\n<p style=\"text-align: justify;\">\u201cMi experiencia fue muy agradable, me voy gratamente sorprendida, porque uno siempre piensa que su servicio es el que lo hace mejor. Y no, result\u00f3 que muchos servicios ya instauraron buenas pr\u00e1cticas y lo estamos haciendo bien. Vamos sumando medidas en todos los servicios para llegar a esto tan anhelado\u201d, cuenta Miriam Mansilla, TENS del Servicio de Medicina del HRC, quien expuso acerca de humanizaci\u00f3n en el manejo del fin de vida en sala compartida, una realidad a la que diariamente se ven enfrentadas las familias de la regi\u00f3n.<\/p>\n<p style=\"text-align: justify;\">\u201cNos toc\u00f3 exponer en relaci\u00f3n a la humanizaci\u00f3n del manejo del fin de la vida en sala compartida, cosa que es muy dif\u00edcil de instaurar debido a que es un momento de dolor, en que las familias est\u00e1n aquejadas, preocupadas, y nosotros tenemos que brindar un confort y un bienestar dentro de todo ese dolor\u201d, indic\u00f3 Miriam Mansilla, agregando que en el marco de esta jornada \u201ctodos se dieron cuenta de que un momento de dolor tambi\u00e9n puede ser gratificante, tener un buen trato, humanizado. Entonces, esto puede tener un buen recuerdo, dentro de toda la pena y frustraci\u00f3n ante una p\u00e9rdida tan irreparable y tan fuerte\u201d.<\/p>\n<p style=\"text-align: justify;\">Otra de las expositoras fue Estela Ortega, enfermera jefa de la Urgencia Pedi\u00e1trica, unidad del HRC que diariamente atiende alrededor de 80 ni\u00f1os y ni\u00f1as, donde un trato humanizado no s\u00f3lo baja los niveles de ansiedad de los infantes y sus familias, sino tambi\u00e9n permite una revisi\u00f3n m\u00e1s exhaustiva y, por ende, mejores diagn\u00f3sticos.<\/p>\n<p style=\"text-align: justify;\">\u201cEl realizar este tipo de pr\u00e1cticas es muy valioso e importante porque genera un cambio, un efecto en la familia y en el ni\u00f1o. Siempre hemos sido muy receptivos y las familias tambi\u00e9n con nosotros. En general cuando uno tiene este tipo de actitudes con los usuarios, la recepci\u00f3n es muy buena, los pacientes se van mucho m\u00e1s conformes, se puede disminuir el estr\u00e9s y la ansiedad que puede provocar una atenci\u00f3n m\u00e9dica. Estamos conscientes de que nos falta mucho por hacer, pero sin duda es algo que ya est\u00e1 en nuestro trabajo como equipo y vamos a seguir en esto\u00bb.<\/p>\n<p style=\"text-align: justify;\">En ese sentido la enfermera jefa de la Urgencia Pedi\u00e1trica detall\u00f3 que dentro de las buenas pr\u00e1cticas destaca, \u201ctrabajamos con pictogramas para los ni\u00f1os que tienen dificultades en el lenguaje, tenemos juguetes que se le pueden entregar para distraerlos del momento y que la atenci\u00f3n no sea un proceso traum\u00e1tico. Tambi\u00e9n realizamos entrega de alimentaci\u00f3n cuando se requiere, entregamos ropa y pa\u00f1ales en los casos de pacientes m\u00e1s vulnerables. Son peque\u00f1os gestos que pueden hacer la diferencia\u201d.<\/p>\n<p style=\"text-align: justify;\">Otra de las buenas pr\u00e1cticas expuestas en esta jornada fue el recientemente inaugurado \u201cLactario Dra. Carmen Lucero\u201d, iniciativa liderada por el equipo de la Unidad de Cuidados Intensivos Neonatales (UCIN), que les entrega a las madres con beb\u00e9s hospitalizados un espacio digno para que puedan extraer y conservar su leche en condiciones adecuadas, favoreciendo as\u00ed el apego y la continuidad de la lactancia materna, del que Valeria Marchant, matrona jefa de la Unidad destac\u00f3 que \u201cnos ha permitido estandarizar el proceso de extracci\u00f3n l\u00e1ctea, tener un espacio acogedor y de privacidad para las madres en este momento tan importante para sus reci\u00e9n nacidos\u201d.<\/p>\n<p style=\"text-align: justify;\">A esta iniciativa se suman otras que buscan mejorar y humanizar la estancia de los pacientes y sus familias. \u201cDentro de ellas, al momento del alta de los prematuros extremos, con los pacientes y los padres, se les homenajea por cumplir este hito tan importante luego de varios meses de hospitalizaci\u00f3n con la entrega de un diploma a modo de reconocimiento para ellos y su familia, y as\u00ed lo visualicen en sus d\u00edas de infancia o posteriormente. Tambi\u00e9n celebramos el d\u00eda de la madre, el padre, fiestas de conmemoraci\u00f3n, navidad, a\u00f1o nuevo, o a las fiestas patrias con vestimenta t\u00edpica, que nos permite tener una mayor cercan\u00eda y disfrutar de un momento c\u00e1lido y lindo\u201d, finaliz\u00f3 la profesional.<\/p>\n<\/div><\/section><\/div><div  style='height:50px' class='hr hr-invisible   avia-builder-el-6  el_after_av_one_full  el_before_av_social_share '><span class='hr-inner ' ><span class='hr-inner-style'><\/span><\/span><\/div><\/p>\n<div  class='av-social-sharing-box  avia-builder-el-7  el_after_av_hr  el_before_av_hr  '><div class='av-share-box'><h5 class='av-share-link-description av-no-toc '>Compartir esta noticia<\/h5><ul class='av-share-box-list noLightbox'><li class='av-share-link av-social-link-facebook' ><a target=\"_blank\" aria-label=\"Compartir en Facebook\" href='https:\/\/www.facebook.com\/sharer.php?u=https:\/\/radiorevelacionfm.cl\/?p=66476&#038;t=Con%20gran%20convocatoria%20Hospital%20Regional%20Coyhaique%20realiza%20la%20%E2%80%9CI%20Jornada%20de%20Humanizaci%C3%B3n%20en%20la%20Atenci%C3%B3n%20de%20Salud%E2%80%9D' aria-hidden='false' data-av_icon='\ue8f3' data-av_iconfont='entypo-fontello' title='' data-avia-related-tooltip='Compartir en Facebook' rel=\"noopener\"><span class='avia_hidden_link_text'>Compartir en Facebook<\/span><\/a><\/li><li class='av-share-link av-social-link-twitter' ><a target=\"_blank\" aria-label=\"Compartir en Twitter\" href='https:\/\/twitter.com\/share?text=Con%20gran%20convocatoria%20Hospital%20Regional%20Coyhaique%20realiza%20la%20%E2%80%9CI%20Jornada%20de%20Humanizaci%C3%B3n%20en%20la%20Atenci%C3%B3n%20de%20Salud%E2%80%9D&#038;url=https:\/\/radiorevelacionfm.cl\/?p=66476' aria-hidden='false' data-av_icon='\ue8f1' data-av_iconfont='entypo-fontello' title='' data-avia-related-tooltip='Compartir en Twitter' rel=\"noopener\"><span class='avia_hidden_link_text'>Compartir en Twitter<\/span><\/a><\/li><li class='av-share-link av-social-link-whatsapp' ><a target=\"_blank\" aria-label=\"Compartir en Whatsapp\" href='https:\/\/api.whatsapp.com\/send?text=https:\/\/radiorevelacionfm.cl\/?p=66476' aria-hidden='false' data-av_icon='\uf232' data-av_iconfont='entypo-fontello' title='' data-avia-related-tooltip='Compartir en Whatsapp' rel=\"noopener\"><span class='avia_hidden_link_text'>Compartir en Whatsapp<\/span><\/a><\/li><li class='av-share-link av-social-link-linkedin' ><a target=\"_blank\" aria-label=\"Compartir en LinkedIn\" href='https:\/\/linkedin.com\/shareArticle?mini=true&#038;title=Con%20gran%20convocatoria%20Hospital%20Regional%20Coyhaique%20realiza%20la%20%E2%80%9CI%20Jornada%20de%20Humanizaci%C3%B3n%20en%20la%20Atenci%C3%B3n%20de%20Salud%E2%80%9D&#038;url=https:\/\/radiorevelacionfm.cl\/?p=66476' aria-hidden='false' data-av_icon='\ue8fc' data-av_iconfont='entypo-fontello' title='' data-avia-related-tooltip='Compartir en LinkedIn' rel=\"noopener\"><span class='avia_hidden_link_text'>Compartir en LinkedIn<\/span><\/a><\/li><li class='av-share-link av-social-link-mail' ><a  aria-label=\"Compartir por correo\" href='mailto:?subject=Con%20gran%20convocatoria%20Hospital%20Regional%20Coyhaique%20realiza%20la%20%E2%80%9CI%20Jornada%20de%20Humanizaci%C3%B3n%20en%20la%20Atenci%C3%B3n%20de%20Salud%E2%80%9D&#038;body=https:\/\/radiorevelacionfm.cl\/?p=66476' aria-hidden='false' data-av_icon='\ue805' data-av_iconfont='entypo-fontello' title='' data-avia-related-tooltip='Compartir por correo'><span class='avia_hidden_link_text'>Compartir por correo<\/span><\/a><\/li><\/ul><\/div><\/div>\n<div  style='height:50px' class='hr hr-invisible   avia-builder-el-8  el_after_av_social_share  el_before_av_comments_list '><span class='hr-inner ' ><span class='hr-inner-style'><\/span><\/span><\/div>\n<div  class='av-buildercomment  av-blog-meta-html-info-disabled av-blog-meta-tag-disabled  '><\/div>\n","protected":false},"excerpt":{"rendered":"","protected":false},"author":1,"featured_media":66477,"comment_status":"closed","ping_status":"closed","sticky":false,"template":"","format":"standard","meta":{"footnotes":""},"categories":[46],"tags":[],"class_list":["post-66476","post","type-post","status-publish","format-standard","has-post-thumbnail","hentry","category-salud"],"jetpack_featured_media_url":"https:\/\/radiorevelacionfm.cl\/wp-content\/uploads\/2026\/04\/JORNADA-HUMANIZACION-5-1-1.jpeg","_links":{"self":[{"href":"https:\/\/radiorevelacionfm.cl\/index.php?rest_route=\/wp\/v2\/posts\/66476","targetHints":{"allow":["GET"]}}],"collection":[{"href":"https:\/\/radiorevelacionfm.cl\/index.php?rest_route=\/wp\/v2\/posts"}],"about":[{"href":"https:\/\/radiorevelacionfm.cl\/index.php?rest_route=\/wp\/v2\/types\/post"}],"author":[{"embeddable":true,"href":"https:\/\/radiorevelacionfm.cl\/index.php?rest_route=\/wp\/v2\/users\/1"}],"replies":[{"embeddable":true,"href":"https:\/\/radiorevelacionfm.cl\/index.php?rest_route=%2Fwp%2Fv2%2Fcomments&post=66476"}],"version-history":[{"count":2,"href":"https:\/\/radiorevelacionfm.cl\/index.php?rest_route=\/wp\/v2\/posts\/66476\/revisions"}],"predecessor-version":[{"id":66515,"href":"https:\/\/radiorevelacionfm.cl\/index.php?rest_route=\/wp\/v2\/posts\/66476\/revisions\/66515"}],"wp:featuredmedia":[{"embeddable":true,"href":"https:\/\/radiorevelacionfm.cl\/index.php?rest_route=\/wp\/v2\/media\/66477"}],"wp:attachment":[{"href":"https:\/\/radiorevelacionfm.cl\/index.php?rest_route=%2Fwp%2Fv2%2Fmedia&parent=66476"}],"wp:term":[{"taxonomy":"category","embeddable":true,"href":"https:\/\/radiorevelacionfm.cl\/index.php?rest_route=%2Fwp%2Fv2%2Fcategories&post=66476"},{"taxonomy":"post_tag","embeddable":true,"href":"https:\/\/radiorevelacionfm.cl\/index.php?rest_route=%2Fwp%2Fv2%2Ftags&post=66476"}],"curies":[{"name":"wp","href":"https:\/\/api.w.org\/{rel}","templated":true}]}}