{"id":66463,"date":"2026-04-23T15:06:53","date_gmt":"2026-04-23T18:06:53","guid":{"rendered":"https:\/\/radiorevelacionfm.cl\/?p=66463"},"modified":"2026-04-23T15:06:53","modified_gmt":"2026-04-23T18:06:53","slug":"programa-construyo-mi-futuro-fortalece-habilidades-de-estudiantes-en-chile-chico","status":"publish","type":"post","link":"https:\/\/radiorevelacionfm.cl\/?p=66463","title":{"rendered":"Programa \u00abConstruyo Mi Futuro\u00bb fortalece habilidades de estudiantes en Chile Chico"},"content":{"rendered":"<div class=\"flex_column av_one_full  flex_column_div av-zero-column-padding first  avia-builder-el-0  el_before_av_one_full  avia-builder-el-first  \" style='border-radius:0px; '><div  class='avia-image-container  av-styling-    avia-builder-el-1  avia-builder-el-no-sibling  avia-align-center '  itemprop=\"image\" itemscope=\"itemscope\" itemtype=\"https:\/\/schema.org\/ImageObject\"  ><div class='avia-image-container-inner'><div class='avia-image-overlay-wrap'><img decoding=\"async\" class='wp-image-66464 avia-img-lazy-loading-not-66464 avia_image' src=\"https:\/\/radiorevelacionfm.cl\/wp-content\/uploads\/2026\/04\/3-2026-04-23T110149.324-1-1.jpg\" alt='' title='3 - 2026-04-23T110149.324 (1) (1)' height=\"600\" width=\"1066\"  itemprop=\"thumbnailUrl\" srcset=\"https:\/\/radiorevelacionfm.cl\/wp-content\/uploads\/2026\/04\/3-2026-04-23T110149.324-1-1.jpg 1066w, https:\/\/radiorevelacionfm.cl\/wp-content\/uploads\/2026\/04\/3-2026-04-23T110149.324-1-1-300x169.jpg 300w, https:\/\/radiorevelacionfm.cl\/wp-content\/uploads\/2026\/04\/3-2026-04-23T110149.324-1-1-1030x580.jpg 1030w, https:\/\/radiorevelacionfm.cl\/wp-content\/uploads\/2026\/04\/3-2026-04-23T110149.324-1-1-768x432.jpg 768w, https:\/\/radiorevelacionfm.cl\/wp-content\/uploads\/2026\/04\/3-2026-04-23T110149.324-1-1-705x397.jpg 705w, https:\/\/radiorevelacionfm.cl\/wp-content\/uploads\/2026\/04\/3-2026-04-23T110149.324-1-1-450x253.jpg 450w, https:\/\/radiorevelacionfm.cl\/wp-content\/uploads\/2026\/04\/3-2026-04-23T110149.324-1-1-600x338.jpg 600w\" sizes=\"(max-width: 1066px) 100vw, 1066px\" \/><\/div><\/div><\/div><\/div><div class=\"flex_column av_one_full  flex_column_div av-zero-column-padding first  avia-builder-el-2  el_after_av_one_full  el_before_av_one_full  column-top-margin\" style='border-radius:0px; '><section class=\"av_textblock_section \"  itemscope=\"itemscope\" itemtype=\"https:\/\/schema.org\/BlogPosting\" itemprop=\"blogPost\" ><div class='avia_textblock  '   itemprop=\"text\" ><p style=\"text-align: center;\"><strong><span style=\"font-size: 18pt;\">Programa \u00abConstruyo Mi Futuro\u00bb fortalece habilidades de estudiantes en Chile Chico<\/span><\/strong><\/p>\n<div id=\"gtx-trans\" style=\"position: absolute; left: -50px; top: 4.31534px;\">\n<div class=\"gtx-trans-icon\"><\/div>\n<\/div>\n<\/div><\/section><\/div><div class=\"flex_column av_one_full  flex_column_div av-zero-column-padding first  avia-builder-el-4  el_after_av_one_full  el_before_av_hr  column-top-margin\" style='border-radius:0px; '><section class=\"av_textblock_section \"  itemscope=\"itemscope\" itemtype=\"https:\/\/schema.org\/BlogPosting\" itemprop=\"blogPost\" ><div class='avia_textblock  '   itemprop=\"text\" ><p style=\"text-align: justify;\"><em>La iniciativa, impulsada por la C\u00e1mara Chilena de la Construcci\u00f3n (CChC) y ejecutada por ONG Canales, entreg\u00f3 herramientas de preparaci\u00f3n para el mundo laboral a alumnos del liceo bicentenario Luisa Rabanal Palma, con talleres pr\u00e1cticos y charlas.<\/em><\/p>\n<p style=\"text-align: justify;\">Con el objetivo de acortar la brecha entre la formaci\u00f3n t\u00e9cnico profesional y las exigencias de la industria, el programa \u00abConstruyo Mi Futuro\u00bb de la C\u00e1mara Chilena de la Construcci\u00f3n y ejecutado por ONG Canales, lleg\u00f3 junto a sus equipos de trabajo, al liceo bicentenario t\u00e9cnico profesional Luisa Rabanal Palma de Chile Chico. Donde, durante tres jornadas, estudiantes de segundo a cuarto medio participaron de talleres dise\u00f1ados para potenciar sus competencias acad\u00e9micas y t\u00e9cnicas.<\/p>\n<p style=\"text-align: justify;\">Las actividades desarrolladas con los estudiantes incluyeron talleres enfocados en el autoconocimiento y la autorregulaci\u00f3n emocional para prevenir accidentes en entornos laborales, mientras que, para los alumnos que est\u00e1n pr\u00f3ximos a egresar, se realizaron din\u00e1micas de trabajo en equipo y resoluci\u00f3n de conflictos.<\/p>\n<p style=\"text-align: justify;\">Uno de los hitos de la visita fue la charla t\u00e9cnica dictada por el socio de la CChC Coyhaique, Claudio Ojeda, de profesi\u00f3n ingeniero el\u00e9ctrico, quien expuso la tem\u00e1tica <em>\u00abObras viales y energ\u00edas renovables no convencionales desde el territorio\u00bb<\/em>, brindando una visi\u00f3n real de los desaf\u00edos de la ingenier\u00eda en la regi\u00f3n, sobre todo, pensando en que este liceo entrega la especialidad de electricidad menci\u00f3n energ\u00edas renovables.<\/p>\n<p style=\"text-align: justify;\">Visita y trabajo del programa Construyo mi Futuro que fue valorada por el director del establecimiento, Marco Dur\u00e1n, quien se\u00f1al\u00f3 que <em>\u00abTodas las instancias de formaci\u00f3n para nuestros alumnos t\u00e9cnico-profesionales son bienvenidas, especialmente en localidades aisladas\u201d, relevando la necesidad de que m\u00e1s empresas abran sus puertas a los estudiantes cuando realicen sus pr\u00e1cticas, paso necesario para egresar \u201cya que, sin el t\u00edtulo, son a\u00f1os perdidos para el joven\u00bb<\/em>.<\/p>\n<p style=\"text-align: justify;\">Los estudiantes valoraron positivamente la experiencia y trabajo realizado, tal como se\u00f1ala Loreto Lorca, alumna de cuarto medio de la especialidad de electricidad menci\u00f3n energ\u00edas renovables <em>\u00abLos profesores son muy capaces de ayudarnos y los trabajos pr\u00e1cticos nos sirven mucho para reforzar el trabajo en equipo y la comunicaci\u00f3n grupal\u00bb<\/em>. Opini\u00f3n que fue compartida por Alexis Vera, quien coment\u00f3 que estos encuentros le han entregado <em>\u00abtips y consejos que van a servir bastante para el futuro laboral\u00bb<\/em>.<\/p>\n<p style=\"text-align: justify;\">El trabajo realizado cont\u00f3 con el apoyo y coordinaci\u00f3n de Ra\u00fal Retamal, docente y coordinador de la especialidad de electricidad, quien expres\u00f3 su agradecimiento por las capacitaciones, indicando que <em>\u00abSiempre nos han colaborado en todo lo que necesitamos para los j\u00f3venes de tercero y cuarto medio\u00bb<\/em>.<\/p>\n<p style=\"text-align: justify;\">El programa Construyo mi Futuro de la C\u00e1mara Chilena de la Construcci\u00f3n, trabaja actualmente con tres liceos t\u00e9cnico profesional de la regi\u00f3n de Ays\u00e9n, en las comunas de Chile Chico y Coyhaique, siendo estos: Luis Rabanal Palma, Agr\u00edcola de la Patagonia y Juan Pablo Segundo, logrando apoyar el proceso formativo de m\u00e1s de 300 estudiantes.<\/p>\n<\/div><\/section><\/div><div  style='height:50px' class='hr hr-invisible   avia-builder-el-6  el_after_av_one_full  el_before_av_social_share '><span class='hr-inner ' ><span class='hr-inner-style'><\/span><\/span><\/div><\/p>\n<div  class='av-social-sharing-box  avia-builder-el-7  el_after_av_hr  el_before_av_hr  '><div class='av-share-box'><h5 class='av-share-link-description av-no-toc '>Compartir esta noticia<\/h5><ul class='av-share-box-list noLightbox'><li class='av-share-link av-social-link-facebook' ><a target=\"_blank\" aria-label=\"Compartir en Facebook\" href='https:\/\/www.facebook.com\/sharer.php?u=https:\/\/radiorevelacionfm.cl\/?p=66463&#038;t=Programa%20%C2%ABConstruyo%20Mi%20Futuro%C2%BB%20fortalece%20habilidades%20de%20estudiantes%20en%20Chile%20Chico' aria-hidden='false' data-av_icon='\ue8f3' data-av_iconfont='entypo-fontello' title='' data-avia-related-tooltip='Compartir en Facebook' rel=\"noopener\"><span class='avia_hidden_link_text'>Compartir en Facebook<\/span><\/a><\/li><li class='av-share-link av-social-link-twitter' ><a target=\"_blank\" aria-label=\"Compartir en Twitter\" href='https:\/\/twitter.com\/share?text=Programa%20%C2%ABConstruyo%20Mi%20Futuro%C2%BB%20fortalece%20habilidades%20de%20estudiantes%20en%20Chile%20Chico&#038;url=https:\/\/radiorevelacionfm.cl\/?p=66463' aria-hidden='false' data-av_icon='\ue8f1' data-av_iconfont='entypo-fontello' title='' data-avia-related-tooltip='Compartir en Twitter' rel=\"noopener\"><span class='avia_hidden_link_text'>Compartir en Twitter<\/span><\/a><\/li><li class='av-share-link av-social-link-whatsapp' ><a target=\"_blank\" aria-label=\"Compartir en Whatsapp\" href='https:\/\/api.whatsapp.com\/send?text=https:\/\/radiorevelacionfm.cl\/?p=66463' aria-hidden='false' data-av_icon='\uf232' data-av_iconfont='entypo-fontello' title='' data-avia-related-tooltip='Compartir en Whatsapp' rel=\"noopener\"><span class='avia_hidden_link_text'>Compartir en Whatsapp<\/span><\/a><\/li><li class='av-share-link av-social-link-linkedin' ><a target=\"_blank\" aria-label=\"Compartir en LinkedIn\" href='https:\/\/linkedin.com\/shareArticle?mini=true&#038;title=Programa%20%C2%ABConstruyo%20Mi%20Futuro%C2%BB%20fortalece%20habilidades%20de%20estudiantes%20en%20Chile%20Chico&#038;url=https:\/\/radiorevelacionfm.cl\/?p=66463' aria-hidden='false' data-av_icon='\ue8fc' data-av_iconfont='entypo-fontello' title='' data-avia-related-tooltip='Compartir en LinkedIn' rel=\"noopener\"><span class='avia_hidden_link_text'>Compartir en LinkedIn<\/span><\/a><\/li><li class='av-share-link av-social-link-mail' ><a  aria-label=\"Compartir por correo\" href='mailto:?subject=Programa%20%C2%ABConstruyo%20Mi%20Futuro%C2%BB%20fortalece%20habilidades%20de%20estudiantes%20en%20Chile%20Chico&#038;body=https:\/\/radiorevelacionfm.cl\/?p=66463' aria-hidden='false' data-av_icon='\ue805' data-av_iconfont='entypo-fontello' title='' data-avia-related-tooltip='Compartir por correo'><span class='avia_hidden_link_text'>Compartir por correo<\/span><\/a><\/li><\/ul><\/div><\/div>\n<div  style='height:50px' class='hr hr-invisible   avia-builder-el-8  el_after_av_social_share  el_before_av_comments_list '><span class='hr-inner ' ><span class='hr-inner-style'><\/span><\/span><\/div>\n<div  class='av-buildercomment  av-blog-meta-html-info-disabled av-blog-meta-tag-disabled  '><\/div>\n","protected":false},"excerpt":{"rendered":"","protected":false},"author":1,"featured_media":66464,"comment_status":"closed","ping_status":"closed","sticky":false,"template":"","format":"standard","meta":{"footnotes":""},"categories":[38],"tags":[],"class_list":["post-66463","post","type-post","status-publish","format-standard","has-post-thumbnail","hentry","category-regional"],"jetpack_featured_media_url":"https:\/\/radiorevelacionfm.cl\/wp-content\/uploads\/2026\/04\/3-2026-04-23T110149.324-1-1.jpg","_links":{"self":[{"href":"https:\/\/radiorevelacionfm.cl\/index.php?rest_route=\/wp\/v2\/posts\/66463","targetHints":{"allow":["GET"]}}],"collection":[{"href":"https:\/\/radiorevelacionfm.cl\/index.php?rest_route=\/wp\/v2\/posts"}],"about":[{"href":"https:\/\/radiorevelacionfm.cl\/index.php?rest_route=\/wp\/v2\/types\/post"}],"author":[{"embeddable":true,"href":"https:\/\/radiorevelacionfm.cl\/index.php?rest_route=\/wp\/v2\/users\/1"}],"replies":[{"embeddable":true,"href":"https:\/\/radiorevelacionfm.cl\/index.php?rest_route=%2Fwp%2Fv2%2Fcomments&post=66463"}],"version-history":[{"count":2,"href":"https:\/\/radiorevelacionfm.cl\/index.php?rest_route=\/wp\/v2\/posts\/66463\/revisions"}],"predecessor-version":[{"id":66469,"href":"https:\/\/radiorevelacionfm.cl\/index.php?rest_route=\/wp\/v2\/posts\/66463\/revisions\/66469"}],"wp:featuredmedia":[{"embeddable":true,"href":"https:\/\/radiorevelacionfm.cl\/index.php?rest_route=\/wp\/v2\/media\/66464"}],"wp:attachment":[{"href":"https:\/\/radiorevelacionfm.cl\/index.php?rest_route=%2Fwp%2Fv2%2Fmedia&parent=66463"}],"wp:term":[{"taxonomy":"category","embeddable":true,"href":"https:\/\/radiorevelacionfm.cl\/index.php?rest_route=%2Fwp%2Fv2%2Fcategories&post=66463"},{"taxonomy":"post_tag","embeddable":true,"href":"https:\/\/radiorevelacionfm.cl\/index.php?rest_route=%2Fwp%2Fv2%2Ftags&post=66463"}],"curies":[{"name":"wp","href":"https:\/\/api.w.org\/{rel}","templated":true}]}}