{"id":66460,"date":"2026-04-23T16:19:17","date_gmt":"2026-04-23T19:19:17","guid":{"rendered":"https:\/\/radiorevelacionfm.cl\/?p=66460"},"modified":"2026-04-23T16:19:17","modified_gmt":"2026-04-23T19:19:17","slug":"seremi-de-agricultura-de-aysen-los-problemas-acotados-que-existen-podemos-manejarlos-con-las-herramientas-existentes","status":"publish","type":"post","link":"https:\/\/radiorevelacionfm.cl\/?p=66460","title":{"rendered":"Seremi de Agricultura de Ays\u00e9n: \u201cLos problemas acotados que existen podemos manejarlos con las herramientas existentes\u201d"},"content":{"rendered":"<div class=\"flex_column av_one_full  flex_column_div av-zero-column-padding first  avia-builder-el-0  el_before_av_one_full  avia-builder-el-first  \" style='border-radius:0px; '><div  class='avia-image-container  av-styling-    avia-builder-el-1  avia-builder-el-no-sibling  avia-align-center '  itemprop=\"image\" itemscope=\"itemscope\" itemtype=\"https:\/\/schema.org\/ImageObject\"  ><div class='avia-image-container-inner'><div class='avia-image-overlay-wrap'><img decoding=\"async\" class='wp-image-66461 avia-img-lazy-loading-not-66461 avia_image' src=\"https:\/\/radiorevelacionfm.cl\/wp-content\/uploads\/2026\/04\/20260417_081501-1-1.jpg\" alt='' title='20260417_081501 (1) (1)' height=\"600\" width=\"1022\"  itemprop=\"thumbnailUrl\" srcset=\"https:\/\/radiorevelacionfm.cl\/wp-content\/uploads\/2026\/04\/20260417_081501-1-1.jpg 1022w, https:\/\/radiorevelacionfm.cl\/wp-content\/uploads\/2026\/04\/20260417_081501-1-1-300x176.jpg 300w, https:\/\/radiorevelacionfm.cl\/wp-content\/uploads\/2026\/04\/20260417_081501-1-1-768x451.jpg 768w, https:\/\/radiorevelacionfm.cl\/wp-content\/uploads\/2026\/04\/20260417_081501-1-1-705x414.jpg 705w, https:\/\/radiorevelacionfm.cl\/wp-content\/uploads\/2026\/04\/20260417_081501-1-1-450x264.jpg 450w, https:\/\/radiorevelacionfm.cl\/wp-content\/uploads\/2026\/04\/20260417_081501-1-1-600x352.jpg 600w\" sizes=\"(max-width: 1022px) 100vw, 1022px\" \/><\/div><\/div><\/div><\/div><div class=\"flex_column av_one_full  flex_column_div av-zero-column-padding first  avia-builder-el-2  el_after_av_one_full  el_before_av_one_full  column-top-margin\" style='border-radius:0px; '><section class=\"av_textblock_section \"  itemscope=\"itemscope\" itemtype=\"https:\/\/schema.org\/BlogPosting\" itemprop=\"blogPost\" ><div class='avia_textblock  '   itemprop=\"text\" ><p style=\"text-align: center;\"><strong><span style=\"font-size: 18pt;\">Seremi de Agricultura de Ays\u00e9n: \u201cLos problemas acotados que existen podemos manejarlos con las herramientas existentes\u201d<\/span><\/strong><\/p>\n<div id=\"gtx-trans\" style=\"position: absolute; left: -50px; top: 4.31534px;\">\n<div class=\"gtx-trans-icon\"><\/div>\n<\/div>\n<\/div><\/section><\/div><div class=\"flex_column av_one_full  flex_column_div av-zero-column-padding first  avia-builder-el-4  el_after_av_one_full  el_before_av_hr  column-top-margin\" style='border-radius:0px; '><section class=\"av_textblock_section \"  itemscope=\"itemscope\" itemtype=\"https:\/\/schema.org\/BlogPosting\" itemprop=\"blogPost\" ><div class='avia_textblock  '   itemprop=\"text\" ><p style=\"text-align: justify;\"><em>Aseguran desde el Ministerio de Agricultura que, pese a la sequ\u00eda meteorol\u00f3gica de fines de 2025, los indicadores cient\u00edficos muestran una condici\u00f3n favorable de la vegetaci\u00f3n y descarta situaci\u00f3n generalizada de estr\u00e9s productivo. Reconoce dificultades en sectores espec\u00edficos GENERADOS POR UNA DESPROPORCI\u00d3N EN LAS PRECIPITACIONES Y EFECTOS DE CUNCUNILLA NEGRA<\/em>.<\/p>\n<p style=\"text-align: justify;\">Ante el posible d\u00e9ficit forrajero proyectado por algunos productores de la Regi\u00f3n de Ays\u00e9n, el Seremi de Agricultura, Yordy Cea Espa\u00f1a, sali\u00f3 al paso de las declaraciones y, con datos objetivos del INIA, INDAP, SAG y SENAPRED, afirm\u00f3 que \u201cno existe justificaci\u00f3n t\u00e9cnica para decretar lo que piden. Hay problemas, s\u00ed, pero son acotados, identificados y contamos con los instrumentos para abordarlos\u201d, sostuvo la autoridad.<\/p>\n<p style=\"text-align: justify;\">El Seremi explic\u00f3 que, contrariamente a lo se\u00f1alado, la regi\u00f3n presenta una situaci\u00f3n h\u00eddrica heterog\u00e9nea, \u201cno un d\u00e9ficit generalizado\u201d. La autoridad destac\u00f3 que seg\u00fan el Informe Agroclim\u00e1tico de marzo 2026 y los datos expuestos en la \u00faltima sesi\u00f3n de la Comisi\u00f3n Asesora Regional de Gesti\u00f3n Integral de Riesgo (CARGIR), realizada el 17 de abril, \u201cel comportamiento de las precipitaciones var\u00eda significativamente por zona\u201d.<\/p>\n<p style=\"text-align: justify;\">De acuerdo con el informe, entre enero y marzo de 2026, las estaciones de monitoreo mostraron contrastes marcados en el balance h\u00eddrico de la regi\u00f3n. Mientras algunos sectores enfrentaron d\u00e9ficits importantes, otros registraron super\u00e1vits destacados. En Bajada Ib\u00e1\u00f1ez, el d\u00e9ficit acumulado alcanz\u00f3 un -27,2%, reflejando una situaci\u00f3n de escasez m\u00e1s severa. Santa Elena (Tamelaike) tambi\u00e9n present\u00f3 d\u00e9ficit, aunque menor, con -12,1%. En contraste, varias localidades exhibieron cifras positivas: Chile Chico report\u00f3 un super\u00e1vit de +33,6%, El Claro lleg\u00f3 a +42,7%, La Junta alcanz\u00f3 +47,7%, \u00d1irehuao marc\u00f3 +23,4% y Vista Hermosa cerr\u00f3 con +22,2%. Estos resultados evidencian la heterogeneidad del comportamiento clim\u00e1tico en el periodo, con zonas que sufren d\u00e9ficit y otras que se benefician de excedentes, lo que plantea desaf\u00edos diferenciados para la gesti\u00f3n de recursos h\u00eddricos en la regi\u00f3n.<\/p>\n<p style=\"text-align: justify;\">\u201cNo se puede hablar de una sequ\u00eda generalizada cuando la mayor\u00eda de las estaciones muestran super\u00e1vit. El problema de forraje, donde existe, no es explicable solo por falta de lluvias a nivel regional\u201d, enfatiz\u00f3 la autoridad del agro.<\/p>\n<p style=\"text-align: justify;\"><strong>Niveles normales\u00a0 <\/strong><\/p>\n<p style=\"text-align: justify;\">En cuanto al estado de la vegetaci\u00f3n, el Seremi detall\u00f3 que el \u00cdndice de Vegetaci\u00f3n de Diferencia Normalizada (NDVI, por sus siglas en ingl\u00e9s) regional promedio alcanz\u00f3 en marzo de 2026 un valor de 0,75, superior al promedio hist\u00f3rico de 0,74 y al registrado en 2024 (0,72), a\u00f1o que la propia industria reconoce como malo. \u201cLa cobertura vegetal est\u00e1 dentro del rango hist\u00f3rico normal, incluso levemente superior al promedio\u201d, afirm\u00f3.<\/p>\n<p style=\"text-align: justify;\">M\u00e1s relevante a\u00fan es el \u00cdndice de Condici\u00f3n de la Vegetaci\u00f3n (VCI), que para el per\u00edodo comprendido entre el 22 de marzo y el 6 de abril de 2026 marc\u00f3 un 89%, lo que indica una condici\u00f3n favorable. En igual per\u00edodo de 2024, el VCI fue de 77%. Seg\u00fan los lineamientos t\u00e9cnicos del INIA, el umbral para considerar una emergencia agr\u00edcola es un VCI inferior al 40%. \u201cCon estos n\u00fameros, no existe justificaci\u00f3n satelital ni clim\u00e1tica para una emergencia agr\u00edcola generalizada, como se ha llegado a comentar\u201d, sentenci\u00f3 Cea Espa\u00f1a.<\/p>\n<p style=\"text-align: justify;\"><strong>Percepciones versus registros\u00a0 <\/strong><\/p>\n<p style=\"text-align: justify;\">Respecto a la producci\u00f3n de forraje, el Seremi indic\u00f3 que seg\u00fan los datos del CARGIR, \u201cno existen registros objetivos de producci\u00f3n de forraje, solo percepciones de baja en comparaci\u00f3n a la temporada pasada\u201d. Esas percepciones \u2014agreg\u00f3 Cea\u2014 se atribuyen a problemas puntuales de sequ\u00eda en sectores acotados como Bajada Ib\u00e1\u00f1ez y al efecto de la cuncunilla negra en como sectores de valle laguna, villa los torreones, bah\u00eda murta, entre otros.<\/p>\n<p style=\"text-align: justify;\">\u201cNo se trata de un d\u00e9ficit, sino de un problema acotado a ciertos sectores y productores, manejable con los instrumentos vigentes del Ministerio de Agricultura\u201d, subray\u00f3 la autoridad.<\/p>\n<p style=\"text-align: justify;\"><strong>Plan de acci\u00f3n\u00a0 <\/strong><\/p>\n<p style=\"text-align: justify;\">El Seremi detall\u00f3 que, para abordar estas dificultades localizadas, el ministerio cuenta con instrumentos como el SIRSD-S, el FNDR del Gobierno Regional \u201cSuelos Ays\u00e9n\u201d y las Praderas Suplementarias de INDAP. \u201cLos recursos y las herramientas ya existen\u201d, explic\u00f3 la autoridad regional, recordando que el segundo llamado del concurso \u201cSuelos Ays\u00e9n\u201d sigue vigente.<\/p>\n<p style=\"text-align: justify;\">En relaci\u00f3n con la plaga de cuncunilla negra, Yordy Cea Espa\u00f1a, reconoci\u00f3 su impacto, pero precis\u00f3 que se trata de \u201cun problema fitosanitario recurrente en la regi\u00f3n, no un evento catastr\u00f3fico in\u00e9dito\u201d. El ministerio, a trav\u00e9s de sus servicios, explic\u00f3 la autoridad, dispone de capacidades de monitoreo y opciones de tratamiento que incluyen manejo regenerativo a largo plazo, soluciones biol\u00f3gicas y, en casos espec\u00edficos, control qu\u00edmico. De hecho, ya se realizaron charlas informativas y controles en sectores como Los Torreones, Villa Ma\u00f1ihuales y Valle Laguna, entre otros.<\/p>\n<p style=\"text-align: justify;\"><strong>\u00bfLlovi\u00f3 menos en Ays\u00e9n?<\/strong><\/p>\n<p style=\"text-align: justify;\">Un punto clave que destac\u00f3 el Seremi es que, si bien entre diciembre de 2025 y enero de 2026 se registr\u00f3 una sequ\u00eda meteorol\u00f3gica con d\u00e9ficits que superaron el -80% en diciembre y el -40% en enero en varias estaciones, esa condici\u00f3n \u201cno se tradujo en sequ\u00eda agr\u00edcola. El indicador satelital VCI no muestra una condici\u00f3n desfavorable de la vegetaci\u00f3n en ninguna comuna de la regi\u00f3n. Esto se explica por procesos hidrol\u00f3gicos como el aporte de aguas subterr\u00e1neas, la capacidad de retenci\u00f3n de humedad de los suelos y la recarga acumulada durante los meses de mayor precipitaci\u00f3n del a\u00f1o 2025\u201d, explic\u00f3 la autoridad sectorial.<\/p>\n<p style=\"text-align: justify;\">De esta forma, ante la leg\u00edtima preocupaci\u00f3n de algunos productores desde la Seremi de Agricultura de Ays\u00e9n, si bien reconocen la existencia de problemas puntuales de d\u00e9ficit h\u00eddrico, principalmente en Bajada Ib\u00e1\u00f1ez y Santa Elena Tamel Aike, entre otros. Sin embargo, seg\u00fan los datos objetivos del INIA, INDAP, SAG y SENAPRED no se respaldan medidas extremas. \u201cTenemos las herramientas cient\u00edficas, los instrumentos de fomento y la voluntad de actuar en los lugares que realmente lo necesitan, sin generar alarma injustificada en el resto del territorio\u201d, concluy\u00f3 Yordy Cea Espa\u00f1a, Seremi de Agricultura de la Regi\u00f3n de Ays\u00e9n.<\/p>\n<\/div><\/section><\/div><div  style='height:50px' class='hr hr-invisible   avia-builder-el-6  el_after_av_one_full  el_before_av_social_share '><span class='hr-inner ' ><span class='hr-inner-style'><\/span><\/span><\/div><\/p>\n<div  class='av-social-sharing-box  avia-builder-el-7  el_after_av_hr  el_before_av_hr  '><div class='av-share-box'><h5 class='av-share-link-description av-no-toc '>Compartir esta noticia<\/h5><ul class='av-share-box-list noLightbox'><li class='av-share-link av-social-link-facebook' ><a target=\"_blank\" aria-label=\"Compartir en Facebook\" href='https:\/\/www.facebook.com\/sharer.php?u=https:\/\/radiorevelacionfm.cl\/?p=66460&#038;t=Seremi%20de%20Agricultura%20de%20Ays%C3%A9n%3A%20%E2%80%9CLos%20problemas%20acotados%20que%20existen%20podemos%20manejarlos%20con%20las%20herramientas%20existentes%E2%80%9D' aria-hidden='false' data-av_icon='\ue8f3' data-av_iconfont='entypo-fontello' title='' data-avia-related-tooltip='Compartir en Facebook' rel=\"noopener\"><span class='avia_hidden_link_text'>Compartir en Facebook<\/span><\/a><\/li><li class='av-share-link av-social-link-twitter' ><a target=\"_blank\" aria-label=\"Compartir en Twitter\" href='https:\/\/twitter.com\/share?text=Seremi%20de%20Agricultura%20de%20Ays%C3%A9n%3A%20%E2%80%9CLos%20problemas%20acotados%20que%20existen%20podemos%20manejarlos%20con%20las%20herramientas%20existentes%E2%80%9D&#038;url=https:\/\/radiorevelacionfm.cl\/?p=66460' aria-hidden='false' data-av_icon='\ue8f1' data-av_iconfont='entypo-fontello' title='' data-avia-related-tooltip='Compartir en Twitter' rel=\"noopener\"><span class='avia_hidden_link_text'>Compartir en Twitter<\/span><\/a><\/li><li class='av-share-link av-social-link-whatsapp' ><a target=\"_blank\" aria-label=\"Compartir en Whatsapp\" href='https:\/\/api.whatsapp.com\/send?text=https:\/\/radiorevelacionfm.cl\/?p=66460' aria-hidden='false' data-av_icon='\uf232' data-av_iconfont='entypo-fontello' title='' data-avia-related-tooltip='Compartir en Whatsapp' rel=\"noopener\"><span class='avia_hidden_link_text'>Compartir en Whatsapp<\/span><\/a><\/li><li class='av-share-link av-social-link-linkedin' ><a target=\"_blank\" aria-label=\"Compartir en LinkedIn\" href='https:\/\/linkedin.com\/shareArticle?mini=true&#038;title=Seremi%20de%20Agricultura%20de%20Ays%C3%A9n%3A%20%E2%80%9CLos%20problemas%20acotados%20que%20existen%20podemos%20manejarlos%20con%20las%20herramientas%20existentes%E2%80%9D&#038;url=https:\/\/radiorevelacionfm.cl\/?p=66460' aria-hidden='false' data-av_icon='\ue8fc' data-av_iconfont='entypo-fontello' title='' data-avia-related-tooltip='Compartir en LinkedIn' rel=\"noopener\"><span class='avia_hidden_link_text'>Compartir en LinkedIn<\/span><\/a><\/li><li class='av-share-link av-social-link-mail' ><a  aria-label=\"Compartir por correo\" href='mailto:?subject=Seremi%20de%20Agricultura%20de%20Ays%C3%A9n%3A%20%E2%80%9CLos%20problemas%20acotados%20que%20existen%20podemos%20manejarlos%20con%20las%20herramientas%20existentes%E2%80%9D&#038;body=https:\/\/radiorevelacionfm.cl\/?p=66460' aria-hidden='false' data-av_icon='\ue805' data-av_iconfont='entypo-fontello' title='' data-avia-related-tooltip='Compartir por correo'><span class='avia_hidden_link_text'>Compartir por correo<\/span><\/a><\/li><\/ul><\/div><\/div>\n<div  style='height:50px' class='hr hr-invisible   avia-builder-el-8  el_after_av_social_share  el_before_av_comments_list '><span class='hr-inner ' ><span class='hr-inner-style'><\/span><\/span><\/div>\n<div  class='av-buildercomment  av-blog-meta-html-info-disabled av-blog-meta-tag-disabled  '><\/div>\n","protected":false},"excerpt":{"rendered":"","protected":false},"author":1,"featured_media":66461,"comment_status":"closed","ping_status":"closed","sticky":false,"template":"","format":"standard","meta":{"footnotes":""},"categories":[58],"tags":[],"class_list":["post-66460","post","type-post","status-publish","format-standard","has-post-thumbnail","hentry","category-agricultura"],"jetpack_featured_media_url":"https:\/\/radiorevelacionfm.cl\/wp-content\/uploads\/2026\/04\/20260417_081501-1-1.jpg","_links":{"self":[{"href":"https:\/\/radiorevelacionfm.cl\/index.php?rest_route=\/wp\/v2\/posts\/66460","targetHints":{"allow":["GET"]}}],"collection":[{"href":"https:\/\/radiorevelacionfm.cl\/index.php?rest_route=\/wp\/v2\/posts"}],"about":[{"href":"https:\/\/radiorevelacionfm.cl\/index.php?rest_route=\/wp\/v2\/types\/post"}],"author":[{"embeddable":true,"href":"https:\/\/radiorevelacionfm.cl\/index.php?rest_route=\/wp\/v2\/users\/1"}],"replies":[{"embeddable":true,"href":"https:\/\/radiorevelacionfm.cl\/index.php?rest_route=%2Fwp%2Fv2%2Fcomments&post=66460"}],"version-history":[{"count":2,"href":"https:\/\/radiorevelacionfm.cl\/index.php?rest_route=\/wp\/v2\/posts\/66460\/revisions"}],"predecessor-version":[{"id":66485,"href":"https:\/\/radiorevelacionfm.cl\/index.php?rest_route=\/wp\/v2\/posts\/66460\/revisions\/66485"}],"wp:featuredmedia":[{"embeddable":true,"href":"https:\/\/radiorevelacionfm.cl\/index.php?rest_route=\/wp\/v2\/media\/66461"}],"wp:attachment":[{"href":"https:\/\/radiorevelacionfm.cl\/index.php?rest_route=%2Fwp%2Fv2%2Fmedia&parent=66460"}],"wp:term":[{"taxonomy":"category","embeddable":true,"href":"https:\/\/radiorevelacionfm.cl\/index.php?rest_route=%2Fwp%2Fv2%2Fcategories&post=66460"},{"taxonomy":"post_tag","embeddable":true,"href":"https:\/\/radiorevelacionfm.cl\/index.php?rest_route=%2Fwp%2Fv2%2Ftags&post=66460"}],"curies":[{"name":"wp","href":"https:\/\/api.w.org\/{rel}","templated":true}]}}