{"id":6646,"date":"2021-07-26T13:39:23","date_gmt":"2021-07-26T16:39:23","guid":{"rendered":"https:\/\/radiorevelacionfm.cl\/?p=6646"},"modified":"2021-07-26T13:39:23","modified_gmt":"2021-07-26T16:39:23","slug":"municipio-de-aysen-aborda-junto-a-feriantes-formalizacion-de-sus-emprendimientos","status":"publish","type":"post","link":"https:\/\/radiorevelacionfm.cl\/?p=6646","title":{"rendered":"Municipio de Ays\u00e9n aborda junto a feriantes formalizaci\u00f3n de sus emprendimientos"},"content":{"rendered":"<div class=\"flex_column av_one_full  flex_column_div av-zero-column-padding first  avia-builder-el-0  el_before_av_one_full  avia-builder-el-first  \" style='border-radius:0px; '><div  class='avia-image-container  av-styling-    avia-builder-el-1  avia-builder-el-no-sibling  avia-align-center '  itemprop=\"image\" itemscope=\"itemscope\" itemtype=\"https:\/\/schema.org\/ImageObject\"  ><div class='avia-image-container-inner'><div class='avia-image-overlay-wrap'><img decoding=\"async\" class='wp-image-6647 avia-img-lazy-loading-not-6647 avia_image' src=\"https:\/\/radiorevelacionfm.cl\/wp-content\/uploads\/2021\/07\/img-feriacorreo1-1_optimized.jpg\" alt='' title='img-feriacorreo1-(1)_optimized' height=\"600\" width=\"1067\"  itemprop=\"thumbnailUrl\" srcset=\"https:\/\/radiorevelacionfm.cl\/wp-content\/uploads\/2021\/07\/img-feriacorreo1-1_optimized.jpg 1067w, https:\/\/radiorevelacionfm.cl\/wp-content\/uploads\/2021\/07\/img-feriacorreo1-1_optimized-300x169.jpg 300w, https:\/\/radiorevelacionfm.cl\/wp-content\/uploads\/2021\/07\/img-feriacorreo1-1_optimized-1030x579.jpg 1030w, https:\/\/radiorevelacionfm.cl\/wp-content\/uploads\/2021\/07\/img-feriacorreo1-1_optimized-768x432.jpg 768w, https:\/\/radiorevelacionfm.cl\/wp-content\/uploads\/2021\/07\/img-feriacorreo1-1_optimized-705x396.jpg 705w, https:\/\/radiorevelacionfm.cl\/wp-content\/uploads\/2021\/07\/img-feriacorreo1-1_optimized-600x337.jpg 600w\" sizes=\"(max-width: 1067px) 100vw, 1067px\" \/><\/div><\/div><\/div><\/div><div class=\"flex_column av_one_full  flex_column_div av-zero-column-padding first  avia-builder-el-2  el_after_av_one_full  el_before_av_one_full  column-top-margin\" style='border-radius:0px; '><section class=\"av_textblock_section \"  itemscope=\"itemscope\" itemtype=\"https:\/\/schema.org\/BlogPosting\" itemprop=\"blogPost\" ><div class='avia_textblock  '   itemprop=\"text\" ><p style=\"text-align: center;\"><strong><span style=\"font-size: 18pt;\">Municipio de Ays\u00e9n aborda junto a feriantes formalizaci\u00f3n de sus emprendimientos<\/span><\/strong><\/p>\n<div id=\"gtx-trans\" style=\"position: absolute; left: -50px; top: 4.31534px;\">\n<div class=\"gtx-trans-icon\"><\/div>\n<\/div>\n<\/div><\/section><\/div><div class=\"flex_column av_one_full  flex_column_div av-zero-column-padding first  avia-builder-el-4  el_after_av_one_full  el_before_av_hr  column-top-margin\" style='border-radius:0px; '><section class=\"av_textblock_section \"  itemscope=\"itemscope\" itemtype=\"https:\/\/schema.org\/BlogPosting\" itemprop=\"blogPost\" ><div class='avia_textblock  '   itemprop=\"text\" ><p style=\"text-align: justify;\">Con el objetivo de poder fortalecer sus ingresos familiares, capacitarse y acceder a los diferentes beneficios existentes para los emprendimientos en el actual contexto de pandemia, distintos actores municipales liderados por el Jefe de Gabinete, Marco Co\u00f1uecar y el Concejal, Jorge Figueroa, se dieron cita con las vecinas y vecinos que participan de la Feria del Correo ubicada en el sector de Ribera Sur de Puerto Ays\u00e9n. Las involucradas agradecieron la disposici\u00f3n de la actual administraci\u00f3n para mejorar sus condiciones pecuniarias.<\/p>\n<p style=\"text-align: justify;\">Frente a estos hechos, el representante de la oficina alcaldicia de Julio Uribe, Marco Co\u00f1uecar, junto con expresar su felicidad abord\u00f3 que en compa\u00f1\u00eda de un amplio grupo de funcionarios municipales buscaron entablar los primeros entendimientos para fortalecer a las vecinas que venden sus productos en esta zona hist\u00f3rica de la comuna porte\u00f1a. Asimismo, relev\u00f3 que ya se encuentran a la espera de contar con una reuni\u00f3n con el Seremi de Econom\u00eda y revisar las alternativas de formalizaci\u00f3n que puedan contribuir con su labor y tiendan a expresarse en beneficios para su futuro.<\/p>\n<p style=\"text-align: justify;\">Por su parte, el concejal de la comuna, Jorge Figueroa, explic\u00f3 la importante funci\u00f3n contributiva que realizan las vecinas en su econom\u00eda familiar considerando el actual escenario sanitario y que es por ello, que como cuerpo colegiado y municipio se busca entregar un apoyo para la formalizaci\u00f3n de sus emprendimientos, \u201cprimero como grupo como asociaci\u00f3n o como ellos quieran y dotarlas de las herramientas necesarias en capacitaciones y de otro tipo para que puedan seguir y darle una mejor plusval\u00eda a la actividad que ya realizan\u201d.<\/p>\n<p style=\"text-align: justify;\">Finalmente, Eliana Llaip\u00e9n, vocera de los feriantes, coment\u00f3 que \u201cnosotros fuimos a hablar al municipio y conversamos con don Marco Co\u00f1uecar para reunirnos en nuestro lugar de trabajo, nosotros somos feriantes del correo, vendemos ropa usada y la idea de esto es agruparnos. Es esto se accion\u00f3 porque hubo un bono que el Gobierno dio y por no estar agrupados lo perdimos, entonces decidimos unir fuerza para poder agruparnos, as\u00ed tambi\u00e9n a tener cursos, sacar algo en limpio y tambi\u00e9n tener un lugar fijo para poder trabajar despu\u00e9s y formalizarnos, pero muy agradecida del municipio por venir y tomarse el tiempo de hablar con nosotros\u201d sentenci\u00f3 la dirigenta aysenina.<\/p>\n<\/div><\/section><\/div><div  style='height:50px' class='hr hr-invisible   avia-builder-el-6  el_after_av_one_full  el_before_av_social_share '><span class='hr-inner ' ><span class='hr-inner-style'><\/span><\/span><\/div><\/p>\n<div  class='av-social-sharing-box  avia-builder-el-7  el_after_av_hr  el_before_av_hr  '><div class='av-share-box'><h5 class='av-share-link-description av-no-toc '>Compartir esta noticia<\/h5><ul class='av-share-box-list noLightbox'><li class='av-share-link av-social-link-facebook' ><a target=\"_blank\" aria-label=\"Compartir en Facebook\" href='https:\/\/www.facebook.com\/sharer.php?u=https:\/\/radiorevelacionfm.cl\/?p=6646&#038;t=Municipio%20de%20Ays%C3%A9n%20aborda%20junto%20a%20feriantes%20formalizaci%C3%B3n%20de%20sus%20emprendimientos' aria-hidden='false' data-av_icon='\ue8f3' data-av_iconfont='entypo-fontello' title='' data-avia-related-tooltip='Compartir en Facebook' rel=\"noopener\"><span class='avia_hidden_link_text'>Compartir en Facebook<\/span><\/a><\/li><li class='av-share-link av-social-link-twitter' ><a target=\"_blank\" aria-label=\"Compartir en Twitter\" href='https:\/\/twitter.com\/share?text=Municipio%20de%20Ays%C3%A9n%20aborda%20junto%20a%20feriantes%20formalizaci%C3%B3n%20de%20sus%20emprendimientos&#038;url=https:\/\/radiorevelacionfm.cl\/?p=6646' aria-hidden='false' data-av_icon='\ue8f1' data-av_iconfont='entypo-fontello' title='' data-avia-related-tooltip='Compartir en Twitter' rel=\"noopener\"><span class='avia_hidden_link_text'>Compartir en Twitter<\/span><\/a><\/li><li class='av-share-link av-social-link-whatsapp' ><a target=\"_blank\" aria-label=\"Compartir en Whatsapp\" href='https:\/\/api.whatsapp.com\/send?text=https:\/\/radiorevelacionfm.cl\/?p=6646' aria-hidden='false' data-av_icon='\uf232' data-av_iconfont='entypo-fontello' title='' data-avia-related-tooltip='Compartir en Whatsapp' rel=\"noopener\"><span class='avia_hidden_link_text'>Compartir en Whatsapp<\/span><\/a><\/li><li class='av-share-link av-social-link-linkedin' ><a target=\"_blank\" aria-label=\"Compartir en LinkedIn\" href='https:\/\/linkedin.com\/shareArticle?mini=true&#038;title=Municipio%20de%20Ays%C3%A9n%20aborda%20junto%20a%20feriantes%20formalizaci%C3%B3n%20de%20sus%20emprendimientos&#038;url=https:\/\/radiorevelacionfm.cl\/?p=6646' aria-hidden='false' data-av_icon='\ue8fc' data-av_iconfont='entypo-fontello' title='' data-avia-related-tooltip='Compartir en LinkedIn' rel=\"noopener\"><span class='avia_hidden_link_text'>Compartir en LinkedIn<\/span><\/a><\/li><li class='av-share-link av-social-link-mail' ><a  aria-label=\"Compartir por correo\" href='mailto:?subject=Municipio%20de%20Ays%C3%A9n%20aborda%20junto%20a%20feriantes%20formalizaci%C3%B3n%20de%20sus%20emprendimientos&#038;body=https:\/\/radiorevelacionfm.cl\/?p=6646' aria-hidden='false' data-av_icon='\ue805' data-av_iconfont='entypo-fontello' title='' data-avia-related-tooltip='Compartir por correo'><span class='avia_hidden_link_text'>Compartir por correo<\/span><\/a><\/li><\/ul><\/div><\/div>\n<div  style='height:50px' class='hr hr-invisible   avia-builder-el-8  el_after_av_social_share  el_before_av_comments_list '><span class='hr-inner ' ><span class='hr-inner-style'><\/span><\/span><\/div>\n<div  class='av-buildercomment  av-blog-meta-html-info-disabled av-blog-meta-tag-disabled  '><\/div>\n","protected":false},"excerpt":{"rendered":"","protected":false},"author":1,"featured_media":6647,"comment_status":"open","ping_status":"open","sticky":false,"template":"","format":"standard","meta":{"footnotes":""},"categories":[38],"tags":[],"class_list":["post-6646","post","type-post","status-publish","format-standard","has-post-thumbnail","hentry","category-regional"],"jetpack_featured_media_url":"https:\/\/radiorevelacionfm.cl\/wp-content\/uploads\/2021\/07\/img-feriacorreo1-1_optimized.jpg","_links":{"self":[{"href":"https:\/\/radiorevelacionfm.cl\/index.php?rest_route=\/wp\/v2\/posts\/6646","targetHints":{"allow":["GET"]}}],"collection":[{"href":"https:\/\/radiorevelacionfm.cl\/index.php?rest_route=\/wp\/v2\/posts"}],"about":[{"href":"https:\/\/radiorevelacionfm.cl\/index.php?rest_route=\/wp\/v2\/types\/post"}],"author":[{"embeddable":true,"href":"https:\/\/radiorevelacionfm.cl\/index.php?rest_route=\/wp\/v2\/users\/1"}],"replies":[{"embeddable":true,"href":"https:\/\/radiorevelacionfm.cl\/index.php?rest_route=%2Fwp%2Fv2%2Fcomments&post=6646"}],"version-history":[{"count":1,"href":"https:\/\/radiorevelacionfm.cl\/index.php?rest_route=\/wp\/v2\/posts\/6646\/revisions"}],"predecessor-version":[{"id":6648,"href":"https:\/\/radiorevelacionfm.cl\/index.php?rest_route=\/wp\/v2\/posts\/6646\/revisions\/6648"}],"wp:featuredmedia":[{"embeddable":true,"href":"https:\/\/radiorevelacionfm.cl\/index.php?rest_route=\/wp\/v2\/media\/6647"}],"wp:attachment":[{"href":"https:\/\/radiorevelacionfm.cl\/index.php?rest_route=%2Fwp%2Fv2%2Fmedia&parent=6646"}],"wp:term":[{"taxonomy":"category","embeddable":true,"href":"https:\/\/radiorevelacionfm.cl\/index.php?rest_route=%2Fwp%2Fv2%2Fcategories&post=6646"},{"taxonomy":"post_tag","embeddable":true,"href":"https:\/\/radiorevelacionfm.cl\/index.php?rest_route=%2Fwp%2Fv2%2Ftags&post=6646"}],"curies":[{"name":"wp","href":"https:\/\/api.w.org\/{rel}","templated":true}]}}