{"id":66457,"date":"2026-04-23T11:37:45","date_gmt":"2026-04-23T14:37:45","guid":{"rendered":"https:\/\/radiorevelacionfm.cl\/?p=66457"},"modified":"2026-04-23T11:37:45","modified_gmt":"2026-04-23T14:37:45","slug":"salud-y-iv-division-de-ejercito-inician-vacunacion-contra-influenza-en-soldados-conscriptos","status":"publish","type":"post","link":"https:\/\/radiorevelacionfm.cl\/?p=66457","title":{"rendered":"Salud y IV Divisi\u00f3n de Ej\u00e9rcito inician vacunaci\u00f3n contra influenza en soldados conscriptos"},"content":{"rendered":"<div class=\"flex_column av_one_full  flex_column_div av-zero-column-padding first  avia-builder-el-0  el_before_av_one_full  avia-builder-el-first  \" style='border-radius:0px; '><div  class='avia-image-container  av-styling-    avia-builder-el-1  avia-builder-el-no-sibling  avia-align-center '  itemprop=\"image\" itemscope=\"itemscope\" itemtype=\"https:\/\/schema.org\/ImageObject\"  ><div class='avia-image-container-inner'><div class='avia-image-overlay-wrap'><img decoding=\"async\" class='wp-image-66458 avia-img-lazy-loading-not-66458 avia_image' src=\"https:\/\/radiorevelacionfm.cl\/wp-content\/uploads\/2026\/04\/vacunacion-soldados-1-1_optimized.jpeg\" alt='' title='vacunaci\u00f3n-soldados-1-(1)_optimized' height=\"600\" width=\"800\"  itemprop=\"thumbnailUrl\" srcset=\"https:\/\/radiorevelacionfm.cl\/wp-content\/uploads\/2026\/04\/vacunacion-soldados-1-1_optimized.jpeg 800w, https:\/\/radiorevelacionfm.cl\/wp-content\/uploads\/2026\/04\/vacunacion-soldados-1-1_optimized-300x225.jpeg 300w, https:\/\/radiorevelacionfm.cl\/wp-content\/uploads\/2026\/04\/vacunacion-soldados-1-1_optimized-768x576.jpeg 768w, https:\/\/radiorevelacionfm.cl\/wp-content\/uploads\/2026\/04\/vacunacion-soldados-1-1_optimized-705x529.jpeg 705w, https:\/\/radiorevelacionfm.cl\/wp-content\/uploads\/2026\/04\/vacunacion-soldados-1-1_optimized-450x338.jpeg 450w, https:\/\/radiorevelacionfm.cl\/wp-content\/uploads\/2026\/04\/vacunacion-soldados-1-1_optimized-600x450.jpeg 600w\" sizes=\"(max-width: 800px) 100vw, 800px\" \/><\/div><\/div><\/div><\/div><div class=\"flex_column av_one_full  flex_column_div av-zero-column-padding first  avia-builder-el-2  el_after_av_one_full  el_before_av_one_full  column-top-margin\" style='border-radius:0px; '><section class=\"av_textblock_section \"  itemscope=\"itemscope\" itemtype=\"https:\/\/schema.org\/BlogPosting\" itemprop=\"blogPost\" ><div class='avia_textblock  '   itemprop=\"text\" ><p style=\"text-align: center;\"><strong><span style=\"font-size: 18pt;\">Salud y IV Divisi\u00f3n de Ej\u00e9rcito inician vacunaci\u00f3n contra influenza en soldados conscriptos<\/span><\/strong><\/p>\n<div id=\"gtx-trans\" style=\"position: absolute; left: -50px; top: 4.31534px;\">\n<div class=\"gtx-trans-icon\"><\/div>\n<\/div>\n<\/div><\/section><\/div><div class=\"flex_column av_one_full  flex_column_div av-zero-column-padding first  avia-builder-el-4  el_after_av_one_full  el_before_av_hr  column-top-margin\" style='border-radius:0px; '><section class=\"av_textblock_section \"  itemscope=\"itemscope\" itemtype=\"https:\/\/schema.org\/BlogPosting\" itemprop=\"blogPost\" ><div class='avia_textblock  '   itemprop=\"text\" ><ul>\n<li style=\"text-align: justify;\"><strong><em>La iniciativa busca reforzar el sistema inmunol\u00f3gico de centenares de j\u00f3venes que este a\u00f1o inician su servicio militar en las unidades militares de la regi\u00f3n.<\/em><\/strong><\/li>\n<\/ul>\n<p style=\"text-align: justify;\">En el marco de la Campa\u00f1a de Invierno que lleva a cabo el Ministerio de Salud, esta semana se dio inici\u00f3 a la vacunaci\u00f3n extramuros en distintas unidades militares de la IV Divisi\u00f3n de Ej\u00e9rcito de la regi\u00f3n, proceso que ha estado orientado especialmente a los soldados conscriptos que durante este a\u00f1o cumplir\u00e1n con su servicio militar en la regi\u00f3n de Ays\u00e9n.<\/p>\n<p style=\"text-align: justify;\">Trabajo intersectorial entre Ej\u00e9rcito y Salud que fue destacado por el comandante en jefe de la IV Divisi\u00f3n de Ej\u00e9rcito en Chile, General Enrique del Fierro Lucar. \u201cEs muy importante para nosotros cumplir con esta vacunaci\u00f3n, en atenci\u00f3n a que ya completamos la cantidad de soldados que llegan a la regi\u00f3n, y obviamente poder inmunizar a nuestra gente favorece a que no haya un vector que pueda producir alguna emergencia mayor. Esta vacunaci\u00f3n es relevante porque se produce en un per\u00edodo de aclimataci\u00f3n de nuestros soldados conscriptos. Y esto lo vamos a replicar tambi\u00e9n en Cochrane y en Puerto Ays\u00e9n, donde tambi\u00e9n tenemos soldados conscriptos y personal nuestro que est\u00e1 en esos lugares\u201d.<\/p>\n<p style=\"text-align: justify;\">En esta oportunidad, la funcionaria del CESFAM V\u00edctor Domingo Silva, Ingrid P\u00e9rez, invit\u00f3 a la comunidad a acceder a este proceso de vacunaci\u00f3n que tambi\u00e9n est\u00e1 disponible para la comunidad. \u201cEl llamado a la poblaci\u00f3n en general es acercarse a los puntos de vacunaci\u00f3n o a su CESFAM correspondiente para inmunizarse y prevenir enfermedades tales como la influenza. Principalmente en los grupos de riesgo\u201d.<\/p>\n<p style=\"text-align: justify;\">Vacunaci\u00f3n que para el Soldado Conscripto Michael Vidal Catelic\u00e1n, se vivi\u00f3 como un proceso normal. \u201cFue todo muy r\u00e1pido, no sent\u00ed dolor, nada, fue todo normal como cualquier vacuna\u201d.<\/p>\n<p style=\"text-align: justify;\">Finalmente, el Seremi de Salud, Jorge P\u00e9rez Urra, reforz\u00f3 la importancia de las acciones implementadas durante esta Campa\u00f1a de Invierno MINSAL. \u201cEstamos en terreno, estableciendo puntos de vacunaci\u00f3n extramuros, pero tambi\u00e9n fortaleciendo un trabajo intersectorial con el Ej\u00e9rcito, donde hemos podido vacunar a m\u00e1s de 400 funcionarios, proceso que tambi\u00e9n se realizar\u00e1 en Cochrane y en Puerto Ays\u00e9n, quienes van a recibir esta inmunizaci\u00f3n contra la Influenza, y as\u00ed prevenir problemas de salud cuando ellos inicien sus distintas actividades en terreno\u201d.<\/p>\n<p style=\"text-align: justify;\"><strong>Vacunaci\u00f3n extramuros<\/strong><\/p>\n<p style=\"text-align: justify;\">Esta semana, adem\u00e1s de la atenci\u00f3n de los centros de salud p\u00fablica, se han habilitado puntos de vacunaci\u00f3n en:<\/p>\n<ul style=\"text-align: justify;\">\n<li><strong>Homecenter SODIMAC- Coyhaique<\/strong> (Jueves 23, de 09:30 a 12:00hrs \/\/ 14:20 a 16:00hrs.)<\/li>\n<li><strong>JJVV Jos\u00e9 Miguel Carrera &#8211; Coyhaique<\/strong> (Viernes 24, de 09:30 a 12:00hrs \/\/ 14:20 a 16:00hrs.)<\/li>\n<li><strong>Hiperpatag\u00f3nico &#8211; Coyhaique<\/strong> (Viernes 24, de 09:30 a 12:00hrs \/\/ 14:20 a 16:00hrs.)<\/li>\n<li><strong>Unimarc Puerto Ays\u00e9n<\/strong> (Viernes 24, de 15:0 a 17:00hrs.)<\/li>\n<li><strong>Sede JJVV Villa Divisadero \u2013 Coyhaique <\/strong>(S\u00e1bado 25, de 14:00 a 17:00hrs.)<\/li>\n<li><strong>Feria Gimnasio Uni\u00f3n Espa\u00f1ola \u2013 Coyhaique <\/strong>(Domingo 26, de 14:00 a 18:00hrs.)<\/li>\n<\/ul>\n<\/div><\/section><\/div><div  style='height:50px' class='hr hr-invisible   avia-builder-el-6  el_after_av_one_full  el_before_av_social_share '><span class='hr-inner ' ><span class='hr-inner-style'><\/span><\/span><\/div><\/p>\n<div  class='av-social-sharing-box  avia-builder-el-7  el_after_av_hr  el_before_av_hr  '><div class='av-share-box'><h5 class='av-share-link-description av-no-toc '>Compartir esta noticia<\/h5><ul class='av-share-box-list noLightbox'><li class='av-share-link av-social-link-facebook' ><a target=\"_blank\" aria-label=\"Compartir en Facebook\" href='https:\/\/www.facebook.com\/sharer.php?u=https:\/\/radiorevelacionfm.cl\/?p=66457&#038;t=Salud%20y%20IV%20Divisi%C3%B3n%20de%20Ej%C3%A9rcito%20inician%20vacunaci%C3%B3n%20contra%20influenza%20en%20soldados%20conscriptos' aria-hidden='false' data-av_icon='\ue8f3' data-av_iconfont='entypo-fontello' title='' data-avia-related-tooltip='Compartir en Facebook' rel=\"noopener\"><span class='avia_hidden_link_text'>Compartir en Facebook<\/span><\/a><\/li><li class='av-share-link av-social-link-twitter' ><a target=\"_blank\" aria-label=\"Compartir en Twitter\" href='https:\/\/twitter.com\/share?text=Salud%20y%20IV%20Divisi%C3%B3n%20de%20Ej%C3%A9rcito%20inician%20vacunaci%C3%B3n%20contra%20influenza%20en%20soldados%20conscriptos&#038;url=https:\/\/radiorevelacionfm.cl\/?p=66457' aria-hidden='false' data-av_icon='\ue8f1' data-av_iconfont='entypo-fontello' title='' data-avia-related-tooltip='Compartir en Twitter' rel=\"noopener\"><span class='avia_hidden_link_text'>Compartir en Twitter<\/span><\/a><\/li><li class='av-share-link av-social-link-whatsapp' ><a target=\"_blank\" aria-label=\"Compartir en Whatsapp\" href='https:\/\/api.whatsapp.com\/send?text=https:\/\/radiorevelacionfm.cl\/?p=66457' aria-hidden='false' data-av_icon='\uf232' data-av_iconfont='entypo-fontello' title='' data-avia-related-tooltip='Compartir en Whatsapp' rel=\"noopener\"><span class='avia_hidden_link_text'>Compartir en Whatsapp<\/span><\/a><\/li><li class='av-share-link av-social-link-linkedin' ><a target=\"_blank\" aria-label=\"Compartir en LinkedIn\" href='https:\/\/linkedin.com\/shareArticle?mini=true&#038;title=Salud%20y%20IV%20Divisi%C3%B3n%20de%20Ej%C3%A9rcito%20inician%20vacunaci%C3%B3n%20contra%20influenza%20en%20soldados%20conscriptos&#038;url=https:\/\/radiorevelacionfm.cl\/?p=66457' aria-hidden='false' data-av_icon='\ue8fc' data-av_iconfont='entypo-fontello' title='' data-avia-related-tooltip='Compartir en LinkedIn' rel=\"noopener\"><span class='avia_hidden_link_text'>Compartir en LinkedIn<\/span><\/a><\/li><li class='av-share-link av-social-link-mail' ><a  aria-label=\"Compartir por correo\" href='mailto:?subject=Salud%20y%20IV%20Divisi%C3%B3n%20de%20Ej%C3%A9rcito%20inician%20vacunaci%C3%B3n%20contra%20influenza%20en%20soldados%20conscriptos&#038;body=https:\/\/radiorevelacionfm.cl\/?p=66457' aria-hidden='false' data-av_icon='\ue805' data-av_iconfont='entypo-fontello' title='' data-avia-related-tooltip='Compartir por correo'><span class='avia_hidden_link_text'>Compartir por correo<\/span><\/a><\/li><\/ul><\/div><\/div>\n<div  style='height:50px' class='hr hr-invisible   avia-builder-el-8  el_after_av_social_share  el_before_av_comments_list '><span class='hr-inner ' ><span class='hr-inner-style'><\/span><\/span><\/div>\n<div  class='av-buildercomment  av-blog-meta-html-info-disabled av-blog-meta-tag-disabled  '><\/div>\n","protected":false},"excerpt":{"rendered":"","protected":false},"author":1,"featured_media":66458,"comment_status":"closed","ping_status":"closed","sticky":false,"template":"","format":"standard","meta":{"footnotes":""},"categories":[46],"tags":[],"class_list":["post-66457","post","type-post","status-publish","format-standard","has-post-thumbnail","hentry","category-salud"],"jetpack_featured_media_url":"https:\/\/radiorevelacionfm.cl\/wp-content\/uploads\/2026\/04\/vacunacion-soldados-1-1_optimized.jpeg","_links":{"self":[{"href":"https:\/\/radiorevelacionfm.cl\/index.php?rest_route=\/wp\/v2\/posts\/66457","targetHints":{"allow":["GET"]}}],"collection":[{"href":"https:\/\/radiorevelacionfm.cl\/index.php?rest_route=\/wp\/v2\/posts"}],"about":[{"href":"https:\/\/radiorevelacionfm.cl\/index.php?rest_route=\/wp\/v2\/types\/post"}],"author":[{"embeddable":true,"href":"https:\/\/radiorevelacionfm.cl\/index.php?rest_route=\/wp\/v2\/users\/1"}],"replies":[{"embeddable":true,"href":"https:\/\/radiorevelacionfm.cl\/index.php?rest_route=%2Fwp%2Fv2%2Fcomments&post=66457"}],"version-history":[{"count":2,"href":"https:\/\/radiorevelacionfm.cl\/index.php?rest_route=\/wp\/v2\/posts\/66457\/revisions"}],"predecessor-version":[{"id":66468,"href":"https:\/\/radiorevelacionfm.cl\/index.php?rest_route=\/wp\/v2\/posts\/66457\/revisions\/66468"}],"wp:featuredmedia":[{"embeddable":true,"href":"https:\/\/radiorevelacionfm.cl\/index.php?rest_route=\/wp\/v2\/media\/66458"}],"wp:attachment":[{"href":"https:\/\/radiorevelacionfm.cl\/index.php?rest_route=%2Fwp%2Fv2%2Fmedia&parent=66457"}],"wp:term":[{"taxonomy":"category","embeddable":true,"href":"https:\/\/radiorevelacionfm.cl\/index.php?rest_route=%2Fwp%2Fv2%2Fcategories&post=66457"},{"taxonomy":"post_tag","embeddable":true,"href":"https:\/\/radiorevelacionfm.cl\/index.php?rest_route=%2Fwp%2Fv2%2Ftags&post=66457"}],"curies":[{"name":"wp","href":"https:\/\/api.w.org\/{rel}","templated":true}]}}