{"id":66444,"date":"2026-04-23T10:34:00","date_gmt":"2026-04-23T13:34:00","guid":{"rendered":"https:\/\/radiorevelacionfm.cl\/?p=66444"},"modified":"2026-04-23T10:34:00","modified_gmt":"2026-04-23T13:34:00","slug":"dos-esperadas-obras-comienzan-en-puerto-aysen-entregan-terrenos-para-proyectos-en-villa-espana-y-ribera-sur","status":"publish","type":"post","link":"https:\/\/radiorevelacionfm.cl\/?p=66444","title":{"rendered":"Dos esperadas obras comienzan en Puerto Ays\u00e9n: entregan terrenos para proyectos en Villa Espa\u00f1a y Ribera Sur"},"content":{"rendered":"<div class=\"flex_column av_one_full  flex_column_div av-zero-column-padding first  avia-builder-el-0  el_before_av_one_full  avia-builder-el-first  \" style='border-radius:0px; '><div  class='avia-image-container  av-styling-    avia-builder-el-1  avia-builder-el-no-sibling  avia-align-center '  itemprop=\"image\" itemscope=\"itemscope\" itemtype=\"https:\/\/schema.org\/ImageObject\"  ><div class='avia-image-container-inner'><div class='avia-image-overlay-wrap'><img decoding=\"async\" class='wp-image-66445 avia-img-lazy-loading-not-66445 avia_image' src=\"https:\/\/radiorevelacionfm.cl\/wp-content\/uploads\/2026\/04\/entrega-de-terreno-qmb-abril-2-1_optimized-1.jpg\" alt='' title='entrega-de-terreno-qmb-abril-2-(1)_optimized (1)' height=\"600\" width=\"1066\"  itemprop=\"thumbnailUrl\" srcset=\"https:\/\/radiorevelacionfm.cl\/wp-content\/uploads\/2026\/04\/entrega-de-terreno-qmb-abril-2-1_optimized-1.jpg 1066w, https:\/\/radiorevelacionfm.cl\/wp-content\/uploads\/2026\/04\/entrega-de-terreno-qmb-abril-2-1_optimized-1-300x169.jpg 300w, https:\/\/radiorevelacionfm.cl\/wp-content\/uploads\/2026\/04\/entrega-de-terreno-qmb-abril-2-1_optimized-1-1030x580.jpg 1030w, https:\/\/radiorevelacionfm.cl\/wp-content\/uploads\/2026\/04\/entrega-de-terreno-qmb-abril-2-1_optimized-1-768x432.jpg 768w, https:\/\/radiorevelacionfm.cl\/wp-content\/uploads\/2026\/04\/entrega-de-terreno-qmb-abril-2-1_optimized-1-705x397.jpg 705w, https:\/\/radiorevelacionfm.cl\/wp-content\/uploads\/2026\/04\/entrega-de-terreno-qmb-abril-2-1_optimized-1-450x253.jpg 450w, https:\/\/radiorevelacionfm.cl\/wp-content\/uploads\/2026\/04\/entrega-de-terreno-qmb-abril-2-1_optimized-1-600x338.jpg 600w\" sizes=\"(max-width: 1066px) 100vw, 1066px\" \/><\/div><\/div><\/div><\/div><div class=\"flex_column av_one_full  flex_column_div av-zero-column-padding first  avia-builder-el-2  el_after_av_one_full  el_before_av_one_full  column-top-margin\" style='border-radius:0px; '><section class=\"av_textblock_section \"  itemscope=\"itemscope\" itemtype=\"https:\/\/schema.org\/BlogPosting\" itemprop=\"blogPost\" ><div class='avia_textblock  '   itemprop=\"text\" ><p style=\"text-align: center;\"><strong><span style=\"font-size: 18pt;\">Dos esperadas obras comienzan en Puerto Ays\u00e9n: entregan terrenos para proyectos en Villa Espa\u00f1a y Ribera Sur<\/span><\/strong><\/p>\n<div id=\"gtx-trans\" style=\"position: absolute; left: -50px; top: 4.31534px;\">\n<div class=\"gtx-trans-icon\"><\/div>\n<\/div>\n<\/div><\/section><\/div><div class=\"flex_column av_one_full  flex_column_div av-zero-column-padding first  avia-builder-el-4  el_after_av_one_full  el_before_av_hr  column-top-margin\" style='border-radius:0px; '><section class=\"av_textblock_section \"  itemscope=\"itemscope\" itemtype=\"https:\/\/schema.org\/BlogPosting\" itemprop=\"blogPost\" ><div class='avia_textblock  '   itemprop=\"text\" ><p style=\"text-align: justify;\">En el marco del trabajo de mejoramiento de barrios y fortalecimiento de la vida comunitaria, la Municipalidad de Ays\u00e9n y el Programa de Recuperaci\u00f3n de Barrios del Ministerio de Vivienda y Urbanismo, concret\u00f3 la entrega de terreno de dos importantes proyectos para la comuna, beneficiando directamente a vecinos y vecinas de Villa Espa\u00f1a y del sector Ribera Sur Costanera.<\/p>\n<p style=\"text-align: justify;\">Se trata de iniciativas largamente esperadas por la comunidad, que debieron sortear retrasos y ajustes derivados del aumento en los costos de construcci\u00f3n durante el periodo de pandemia, pero que hoy finalmente inician su ejecuci\u00f3n.<\/p>\n<p style=\"text-align: justify;\">Por una parte, se dio inicio a la construcci\u00f3n del <strong>Centro Comunitario Villas Unidas<\/strong>, proyecto que beneficiar\u00e1 a residentes de Villa Espa\u00f1a y Villa Chilo\u00e9. Esta obra, desarrollada en conjunto entre la Ilustre Municipalidad de Ays\u00e9n y el programa Quiero Mi Barrio del Ministerio de Vivienda y Urbanismo, contempla un edificio de dos pisos que incluir\u00e1 sala multiuso, cocina, ba\u00f1os, oficinas y bodegas, adem\u00e1s de estacionamientos y \u00e1reas de juegos. La infraestructura estar\u00e1 ubicada en calle Pinta y considera una inversi\u00f3n superior a los $237 millones.<\/p>\n<p style=\"text-align: justify;\">En este contexto, la presidenta de la Villa Chilo\u00e9, Delfina Cabrera, expres\u00f3 su emoci\u00f3n por este importante avance, \u201cmuy contenta, muy feliz. Yo personalmente trabaj\u00e9 much\u00edsimo para lograr llegar a esta instancia, fueron much\u00edsimos a\u00f1os de trabajo y hoy ya estamos ac\u00e1, cada d\u00eda m\u00e1s cerca de tener nuestra sede comunitaria\u201d.<\/p>\n<p style=\"text-align: justify;\">En paralelo, tambi\u00e9n se realiz\u00f3 la entrega de terreno del proyecto <strong>\u201cMejoramiento \u00c1rea Verde Avenida Costanera Ribera Sur\u201d<\/strong>, iniciativa que apunta a recuperar y potenciar un espacio p\u00fablico clave para la comunidad. Esta obra contempla la instalaci\u00f3n de nuevos pavimentos, luminarias, mobiliario urbano, accesibilidad universal, adem\u00e1s de m\u00e1quinas de ejercicio y juegos infantiles. El proyecto tiene un plazo de ejecuci\u00f3n de 150 d\u00edas corridos y una inversi\u00f3n que supera los $114 millones, financiados por el MINVU a trav\u00e9s del Programa de Recuperaci\u00f3n de Barrios.<\/p>\n<p style=\"text-align: justify;\">Sobre esta intervenci\u00f3n, Marisa Ovando, presidenta de la Junta de Vecinos Michelato de Ribera Sur, destac\u00f3 la importancia del proyecto para el sector, \u201cesto es un gran avance, porque vemos este parque todas las tardes y da mucha pena verlo como est\u00e1 hoy: con asientos deste\u00f1idos y juegos que no est\u00e1n en las mejores condiciones. Los ni\u00f1os buscan qu\u00e9 hacer. Por eso, es un placer saber que este espacio se va a mejorar para que vuelvan las familias, para compartir, tomar mate y aprovechar las nuevas m\u00e1quinas de ejercicio, especialmente para ni\u00f1os y adultos mayores que no tienen un lugar cercano donde hacerlo\u201d.<\/p>\n<p style=\"text-align: justify;\">El alcalde de Ays\u00e9n, Luis Mart\u00ednez, valor\u00f3 el inicio de ambas iniciativas, destacando su impacto en la calidad de vida de la comunidad, \u201cestamos muy contentos como municipalidad de estar junto a los vecinos y poder concretar estos dos anhelados proyectos. Este centro comunitario en Villas Unidas lleva mucho tiempo de espera, ha costado sacarlo adelante, pero hoy ya es una realidad y ser\u00e1 un espacio que albergar\u00e1 a toda la comunidad del sector\u201d.<\/p>\n<p style=\"text-align: justify;\">Asimismo, el edil se refiri\u00f3 al proyecto en Ribera Sur, \u201ctambi\u00e9n es un anhelo la plaza en Ribera Sur, bajo el mismo concepto de Quiero Mi Barrio. Hoy tenemos un espacio ordenado, pero queremos que sea apropiado por los vecinos. Ellos, junto al programa, han podido dise\u00f1ar lo que quieren, y ahora comienza la construcci\u00f3n de un sue\u00f1o compartido\u201d.<\/p>\n<p style=\"text-align: justify;\">Con estas iniciativas, la Municipalidad de Ays\u00e9n y el MINVU reafirman su compromiso con el desarrollo de espacios p\u00fablicos m\u00e1s inclusivos, seguros y de calidad, fortaleciendo la vida en comunidad y el bienestar de sus habitantes.<\/p>\n<\/div><\/section><\/div><div  style='height:50px' class='hr hr-invisible   avia-builder-el-6  el_after_av_one_full  el_before_av_social_share '><span class='hr-inner ' ><span class='hr-inner-style'><\/span><\/span><\/div><\/p>\n<div  class='av-social-sharing-box  avia-builder-el-7  el_after_av_hr  el_before_av_hr  '><div class='av-share-box'><h5 class='av-share-link-description av-no-toc '>Compartir esta noticia<\/h5><ul class='av-share-box-list noLightbox'><li class='av-share-link av-social-link-facebook' ><a target=\"_blank\" aria-label=\"Compartir en Facebook\" href='https:\/\/www.facebook.com\/sharer.php?u=https:\/\/radiorevelacionfm.cl\/?p=66444&#038;t=Dos%20esperadas%20obras%20comienzan%20en%20Puerto%20Ays%C3%A9n%3A%20entregan%20terrenos%20para%20proyectos%20en%20Villa%20Espa%C3%B1a%20y%20Ribera%20Sur' aria-hidden='false' data-av_icon='\ue8f3' data-av_iconfont='entypo-fontello' title='' data-avia-related-tooltip='Compartir en Facebook' rel=\"noopener\"><span class='avia_hidden_link_text'>Compartir en Facebook<\/span><\/a><\/li><li class='av-share-link av-social-link-twitter' ><a target=\"_blank\" aria-label=\"Compartir en Twitter\" href='https:\/\/twitter.com\/share?text=Dos%20esperadas%20obras%20comienzan%20en%20Puerto%20Ays%C3%A9n%3A%20entregan%20terrenos%20para%20proyectos%20en%20Villa%20Espa%C3%B1a%20y%20Ribera%20Sur&#038;url=https:\/\/radiorevelacionfm.cl\/?p=66444' aria-hidden='false' data-av_icon='\ue8f1' data-av_iconfont='entypo-fontello' title='' data-avia-related-tooltip='Compartir en Twitter' rel=\"noopener\"><span class='avia_hidden_link_text'>Compartir en Twitter<\/span><\/a><\/li><li class='av-share-link av-social-link-whatsapp' ><a target=\"_blank\" aria-label=\"Compartir en Whatsapp\" href='https:\/\/api.whatsapp.com\/send?text=https:\/\/radiorevelacionfm.cl\/?p=66444' aria-hidden='false' data-av_icon='\uf232' data-av_iconfont='entypo-fontello' title='' data-avia-related-tooltip='Compartir en Whatsapp' rel=\"noopener\"><span class='avia_hidden_link_text'>Compartir en Whatsapp<\/span><\/a><\/li><li class='av-share-link av-social-link-linkedin' ><a target=\"_blank\" aria-label=\"Compartir en LinkedIn\" href='https:\/\/linkedin.com\/shareArticle?mini=true&#038;title=Dos%20esperadas%20obras%20comienzan%20en%20Puerto%20Ays%C3%A9n%3A%20entregan%20terrenos%20para%20proyectos%20en%20Villa%20Espa%C3%B1a%20y%20Ribera%20Sur&#038;url=https:\/\/radiorevelacionfm.cl\/?p=66444' aria-hidden='false' data-av_icon='\ue8fc' data-av_iconfont='entypo-fontello' title='' data-avia-related-tooltip='Compartir en LinkedIn' rel=\"noopener\"><span class='avia_hidden_link_text'>Compartir en LinkedIn<\/span><\/a><\/li><li class='av-share-link av-social-link-mail' ><a  aria-label=\"Compartir por correo\" href='mailto:?subject=Dos%20esperadas%20obras%20comienzan%20en%20Puerto%20Ays%C3%A9n%3A%20entregan%20terrenos%20para%20proyectos%20en%20Villa%20Espa%C3%B1a%20y%20Ribera%20Sur&#038;body=https:\/\/radiorevelacionfm.cl\/?p=66444' aria-hidden='false' data-av_icon='\ue805' data-av_iconfont='entypo-fontello' title='' data-avia-related-tooltip='Compartir por correo'><span class='avia_hidden_link_text'>Compartir por correo<\/span><\/a><\/li><\/ul><\/div><\/div>\n<div  style='height:50px' class='hr hr-invisible   avia-builder-el-8  el_after_av_social_share  el_before_av_comments_list '><span class='hr-inner ' ><span class='hr-inner-style'><\/span><\/span><\/div>\n<div  class='av-buildercomment  av-blog-meta-html-info-disabled av-blog-meta-tag-disabled  '><\/div>\n","protected":false},"excerpt":{"rendered":"","protected":false},"author":1,"featured_media":66445,"comment_status":"closed","ping_status":"closed","sticky":false,"template":"","format":"standard","meta":{"footnotes":""},"categories":[57],"tags":[],"class_list":["post-66444","post","type-post","status-publish","format-standard","has-post-thumbnail","hentry","category-vivienda"],"jetpack_featured_media_url":"https:\/\/radiorevelacionfm.cl\/wp-content\/uploads\/2026\/04\/entrega-de-terreno-qmb-abril-2-1_optimized-1.jpg","_links":{"self":[{"href":"https:\/\/radiorevelacionfm.cl\/index.php?rest_route=\/wp\/v2\/posts\/66444","targetHints":{"allow":["GET"]}}],"collection":[{"href":"https:\/\/radiorevelacionfm.cl\/index.php?rest_route=\/wp\/v2\/posts"}],"about":[{"href":"https:\/\/radiorevelacionfm.cl\/index.php?rest_route=\/wp\/v2\/types\/post"}],"author":[{"embeddable":true,"href":"https:\/\/radiorevelacionfm.cl\/index.php?rest_route=\/wp\/v2\/users\/1"}],"replies":[{"embeddable":true,"href":"https:\/\/radiorevelacionfm.cl\/index.php?rest_route=%2Fwp%2Fv2%2Fcomments&post=66444"}],"version-history":[{"count":2,"href":"https:\/\/radiorevelacionfm.cl\/index.php?rest_route=\/wp\/v2\/posts\/66444\/revisions"}],"predecessor-version":[{"id":66456,"href":"https:\/\/radiorevelacionfm.cl\/index.php?rest_route=\/wp\/v2\/posts\/66444\/revisions\/66456"}],"wp:featuredmedia":[{"embeddable":true,"href":"https:\/\/radiorevelacionfm.cl\/index.php?rest_route=\/wp\/v2\/media\/66445"}],"wp:attachment":[{"href":"https:\/\/radiorevelacionfm.cl\/index.php?rest_route=%2Fwp%2Fv2%2Fmedia&parent=66444"}],"wp:term":[{"taxonomy":"category","embeddable":true,"href":"https:\/\/radiorevelacionfm.cl\/index.php?rest_route=%2Fwp%2Fv2%2Fcategories&post=66444"},{"taxonomy":"post_tag","embeddable":true,"href":"https:\/\/radiorevelacionfm.cl\/index.php?rest_route=%2Fwp%2Fv2%2Ftags&post=66444"}],"curies":[{"name":"wp","href":"https:\/\/api.w.org\/{rel}","templated":true}]}}