{"id":66441,"date":"2026-04-23T11:07:47","date_gmt":"2026-04-23T14:07:47","guid":{"rendered":"https:\/\/radiorevelacionfm.cl\/?p=66441"},"modified":"2026-04-23T11:07:47","modified_gmt":"2026-04-23T14:07:47","slug":"carabineros-relanza-campana-de-entrega-tu-arma-y-destaca-aumento-del-280-en-entregas-durante-primer-trimestre-en-la-region","status":"publish","type":"post","link":"https:\/\/radiorevelacionfm.cl\/?p=66441","title":{"rendered":"Carabineros relanza campa\u00f1a de Entrega tu Arma y destaca aumento del 280% en entregas durante primer trimestre en la regi\u00f3n"},"content":{"rendered":"<div class=\"flex_column av_one_full  flex_column_div av-zero-column-padding first  avia-builder-el-0  el_before_av_one_full  avia-builder-el-first  \" style='border-radius:0px; '><div  class='avia-image-container  av-styling-    avia-builder-el-1  avia-builder-el-no-sibling  avia-align-center '  itemprop=\"image\" itemscope=\"itemscope\" itemtype=\"https:\/\/schema.org\/ImageObject\"  ><div class='avia-image-container-inner'><div class='avia-image-overlay-wrap'><img decoding=\"async\" class='wp-image-66442 avia-img-lazy-loading-not-66442 avia_image' src=\"https:\/\/radiorevelacionfm.cl\/wp-content\/uploads\/2026\/04\/M4A1872-1-1.jpg\" alt='' title='_M4A1872 (1) (1)' height=\"640\" width=\"800\"  itemprop=\"thumbnailUrl\" srcset=\"https:\/\/radiorevelacionfm.cl\/wp-content\/uploads\/2026\/04\/M4A1872-1-1.jpg 800w, https:\/\/radiorevelacionfm.cl\/wp-content\/uploads\/2026\/04\/M4A1872-1-1-300x240.jpg 300w, https:\/\/radiorevelacionfm.cl\/wp-content\/uploads\/2026\/04\/M4A1872-1-1-768x614.jpg 768w, https:\/\/radiorevelacionfm.cl\/wp-content\/uploads\/2026\/04\/M4A1872-1-1-705x564.jpg 705w, https:\/\/radiorevelacionfm.cl\/wp-content\/uploads\/2026\/04\/M4A1872-1-1-450x360.jpg 450w, https:\/\/radiorevelacionfm.cl\/wp-content\/uploads\/2026\/04\/M4A1872-1-1-600x480.jpg 600w\" sizes=\"(max-width: 800px) 100vw, 800px\" \/><\/div><\/div><\/div><\/div><div class=\"flex_column av_one_full  flex_column_div av-zero-column-padding first  avia-builder-el-2  el_after_av_one_full  el_before_av_one_full  column-top-margin\" style='border-radius:0px; '><section class=\"av_textblock_section \"  itemscope=\"itemscope\" itemtype=\"https:\/\/schema.org\/BlogPosting\" itemprop=\"blogPost\" ><div class='avia_textblock  '   itemprop=\"text\" ><p style=\"text-align: center;\"><strong><span style=\"font-size: 18pt;\">Carabineros relanza campa\u00f1a de Entrega tu Arma y destaca aumento del 280% en entregas durante primer trimestre en la regi\u00f3n<\/span><\/strong><\/p>\n<div id=\"gtx-trans\" style=\"position: absolute; left: -50px; top: 4.31534px;\">\n<div class=\"gtx-trans-icon\"><\/div>\n<\/div>\n<\/div><\/section><\/div><div class=\"flex_column av_one_full  flex_column_div av-zero-column-padding first  avia-builder-el-4  el_after_av_one_full  el_before_av_hr  column-top-margin\" style='border-radius:0px; '><section class=\"av_textblock_section \"  itemscope=\"itemscope\" itemtype=\"https:\/\/schema.org\/BlogPosting\" itemprop=\"blogPost\" ><div class='avia_textblock  '   itemprop=\"text\" ><div id=\":3a\" class=\"ii gt\">\n<div id=\":uu\" class=\"a3s aiL\">\n<div id=\"avWBGd-443\">\n<div dir=\"ltr\">\n<div>\n<ul>\n<li dir=\"ltr\">\n<p dir=\"ltr\" style=\"text-align: justify;\" role=\"presentation\"><em>La iniciativa busca sacar de circulaci\u00f3n armamento y municiones para evitar que caigan en manos de la delincuencia.\u00a0<\/em><\/p>\n<\/li>\n<li dir=\"ltr\" style=\"text-align: justify;\">\n<p dir=\"ltr\" role=\"presentation\"><em>El proceso es totalmente an\u00f3nimo en cualquier unidad policial.<\/em><\/p>\n<\/li>\n<\/ul>\n<p dir=\"ltr\" style=\"text-align: justify;\">Con el prop\u00f3sito de fortalecer la seguridad p\u00fablica y reducir los riesgos en los hogares, Carabineros de Chile junto al Seremi de Seguridad Publica Jean Paul Zimmermann y el Director de Seguridad Ciudad de Coyhaique, Jorge Riesco, relanz\u00f3 la campa\u00f1a \u201cEntrega tu Arma\u201d acci\u00f3n desarrollada en la Plaza de Armas de Coyhaique con presentaci\u00f3n stand informativos del OS11, la Oficina MICC de Coyhaique, Cenco, el OS14 (sobre convenios con municipios) y la Oficina de Postulaciones.<\/p>\n<p dir=\"ltr\" style=\"text-align: justify;\">La iniciativa regulada y protegida por la Ley de Control de Armas, permite que cualquier ciudadano que mantenga en su poder alg\u00fan tipo de armamento independiente de su operatividad o documentaci\u00f3n, pueda hacer entrega voluntaria de estos de manera expedita sin enfrentar sanciones legales.<\/p>\n<p dir=\"ltr\" style=\"text-align: justify;\"><strong>Incremento en las cifras<\/strong><\/p>\n<p dir=\"ltr\" style=\"text-align: justify;\">El Prefecto de Carabineros Ays\u00e9n, Coronel Juan Abarca Hern\u00e1ndez destac\u00f3 el \u00e9xito que ha tenido la convocatoria durante los primeros meses del presente a\u00f1o.<\/p>\n<p dir=\"ltr\" style=\"text-align: justify;\">Seg\u00fan cifras otorgadas por la instituci\u00f3n, el a\u00f1o pasado finaliz\u00f3 con un total de 95 armas entregadas, mientras que en lo que va del presente a\u00f1o, esa cifra ha sido muy superior.<\/p>\n<p dir=\"ltr\" style=\"text-align: justify;\">\u201cDurante el primer trimestre del a\u00f1o llevamos un 280% de aumento en la entrega de armamento y esperamos que esta tendencia se mantenga\u201d, se\u00f1al\u00f3 el Prefecto de Carabineros, subrayando el compromiso de la ciudadan\u00eda con la prevenci\u00f3n del delito.<\/p>\n<p dir=\"ltr\" style=\"text-align: justify;\"><strong>Anonimato y seguridad<\/strong><\/p>\n<p dir=\"ltr\" style=\"text-align: justify;\">El principal incentivo de esta campa\u00f1a es el anonimato. Las personas que posean armas, cargadores o municiones \u2014incluso si no est\u00e1n inscritas\u2014 pueden acercarse a cualquiera de las cuatro comisar\u00edas de la regi\u00f3n para realizar la entrega.<\/p>\n<p dir=\"ltr\" style=\"text-align: justify;\">Con lo anterior se busca que el armamento no sea sustra\u00eddo por delincuentes durante robos a viviendas, as\u00ed como prevenir la ocurrencia de accidentes o hechos fatales en el hogar producto de la manipulaci\u00f3n por parte de ni\u00f1os o personas sin la preparaci\u00f3n necesaria.<\/p>\n<p dir=\"ltr\" style=\"text-align: justify;\">Una vez recibido el material, Carabineros coordina su traslado a las instalaciones del Ej\u00e9rcito de Chile en la ciudad de Santiago, donde se procede a su destrucci\u00f3n total, garantizando que ninguna de estas piezas vuelva a ser utilizada en hechos delictivos.<\/p>\n<p dir=\"ltr\" style=\"text-align: justify;\"><strong>Orientaci\u00f3n para herederos<\/strong><\/p>\n<p dir=\"ltr\" style=\"text-align: justify;\">Durante la jornada, la Instituci\u00f3n tambi\u00e9n abord\u00f3 una situaci\u00f3n recurrente, como es el fallecimiento de propietarios de armas inscritas. En estos casos, los familiares suelen desconocer el procedimiento legal.<\/p>\n<p dir=\"ltr\" style=\"text-align: justify;\">Ante este escenario, el Coronel Abarca se\u00f1al\u00f3 que las personas interesadas en regularizar la documentaci\u00f3n para figurar como leg\u00edtimos herederos, o bien, para entregar el arma del fallecido, pueden acercarse a las unidades policiales para recibir la orientaci\u00f3n t\u00e9cnica y legal necesaria para cumplir con la normativa vigente.<\/p>\n<div class=\"yj6qo\" style=\"text-align: justify;\"><\/div>\n<div class=\"adL\" style=\"text-align: justify;\"><\/div>\n<\/div>\n<\/div>\n<div class=\"adL\" style=\"text-align: justify;\"><\/div>\n<\/div>\n<\/div>\n<\/div>\n<div id=\":4w\" class=\"hq gt\" style=\"text-align: justify;\"><\/div>\n<\/div><\/section><\/div><div  style='height:50px' class='hr hr-invisible   avia-builder-el-6  el_after_av_one_full  el_before_av_social_share '><span class='hr-inner ' ><span class='hr-inner-style'><\/span><\/span><\/div><\/p>\n<div  class='av-social-sharing-box  avia-builder-el-7  el_after_av_hr  el_before_av_hr  '><div class='av-share-box'><h5 class='av-share-link-description av-no-toc '>Compartir esta noticia<\/h5><ul class='av-share-box-list noLightbox'><li class='av-share-link av-social-link-facebook' ><a target=\"_blank\" aria-label=\"Compartir en Facebook\" href='https:\/\/www.facebook.com\/sharer.php?u=https:\/\/radiorevelacionfm.cl\/?p=66441&#038;t=Carabineros%20relanza%20campa%C3%B1a%20de%20Entrega%20tu%20Arma%20y%20destaca%20aumento%20del%20280%25%20en%20entregas%20durante%20primer%20trimestre%20en%20la%20regi%C3%B3n' aria-hidden='false' data-av_icon='\ue8f3' data-av_iconfont='entypo-fontello' title='' data-avia-related-tooltip='Compartir en Facebook' rel=\"noopener\"><span class='avia_hidden_link_text'>Compartir en Facebook<\/span><\/a><\/li><li class='av-share-link av-social-link-twitter' ><a target=\"_blank\" aria-label=\"Compartir en Twitter\" href='https:\/\/twitter.com\/share?text=Carabineros%20relanza%20campa%C3%B1a%20de%20Entrega%20tu%20Arma%20y%20destaca%20aumento%20del%20280%25%20en%20entregas%20durante%20primer%20trimestre%20en%20la%20regi%C3%B3n&#038;url=https:\/\/radiorevelacionfm.cl\/?p=66441' aria-hidden='false' data-av_icon='\ue8f1' data-av_iconfont='entypo-fontello' title='' data-avia-related-tooltip='Compartir en Twitter' rel=\"noopener\"><span class='avia_hidden_link_text'>Compartir en Twitter<\/span><\/a><\/li><li class='av-share-link av-social-link-whatsapp' ><a target=\"_blank\" aria-label=\"Compartir en Whatsapp\" href='https:\/\/api.whatsapp.com\/send?text=https:\/\/radiorevelacionfm.cl\/?p=66441' aria-hidden='false' data-av_icon='\uf232' data-av_iconfont='entypo-fontello' title='' data-avia-related-tooltip='Compartir en Whatsapp' rel=\"noopener\"><span class='avia_hidden_link_text'>Compartir en Whatsapp<\/span><\/a><\/li><li class='av-share-link av-social-link-linkedin' ><a target=\"_blank\" aria-label=\"Compartir en LinkedIn\" href='https:\/\/linkedin.com\/shareArticle?mini=true&#038;title=Carabineros%20relanza%20campa%C3%B1a%20de%20Entrega%20tu%20Arma%20y%20destaca%20aumento%20del%20280%25%20en%20entregas%20durante%20primer%20trimestre%20en%20la%20regi%C3%B3n&#038;url=https:\/\/radiorevelacionfm.cl\/?p=66441' aria-hidden='false' data-av_icon='\ue8fc' data-av_iconfont='entypo-fontello' title='' data-avia-related-tooltip='Compartir en LinkedIn' rel=\"noopener\"><span class='avia_hidden_link_text'>Compartir en LinkedIn<\/span><\/a><\/li><li class='av-share-link av-social-link-mail' ><a  aria-label=\"Compartir por correo\" href='mailto:?subject=Carabineros%20relanza%20campa%C3%B1a%20de%20Entrega%20tu%20Arma%20y%20destaca%20aumento%20del%20280%25%20en%20entregas%20durante%20primer%20trimestre%20en%20la%20regi%C3%B3n&#038;body=https:\/\/radiorevelacionfm.cl\/?p=66441' aria-hidden='false' data-av_icon='\ue805' data-av_iconfont='entypo-fontello' title='' data-avia-related-tooltip='Compartir por correo'><span class='avia_hidden_link_text'>Compartir por correo<\/span><\/a><\/li><\/ul><\/div><\/div>\n<div  style='height:50px' class='hr hr-invisible   avia-builder-el-8  el_after_av_social_share  el_before_av_comments_list '><span class='hr-inner ' ><span class='hr-inner-style'><\/span><\/span><\/div>\n<div  class='av-buildercomment  av-blog-meta-html-info-disabled av-blog-meta-tag-disabled  '><\/div>\n","protected":false},"excerpt":{"rendered":"","protected":false},"author":1,"featured_media":66442,"comment_status":"closed","ping_status":"closed","sticky":false,"template":"","format":"standard","meta":{"footnotes":""},"categories":[36],"tags":[],"class_list":["post-66441","post","type-post","status-publish","format-standard","has-post-thumbnail","hentry","category-policial"],"jetpack_featured_media_url":"https:\/\/radiorevelacionfm.cl\/wp-content\/uploads\/2026\/04\/M4A1872-1-1.jpg","_links":{"self":[{"href":"https:\/\/radiorevelacionfm.cl\/index.php?rest_route=\/wp\/v2\/posts\/66441","targetHints":{"allow":["GET"]}}],"collection":[{"href":"https:\/\/radiorevelacionfm.cl\/index.php?rest_route=\/wp\/v2\/posts"}],"about":[{"href":"https:\/\/radiorevelacionfm.cl\/index.php?rest_route=\/wp\/v2\/types\/post"}],"author":[{"embeddable":true,"href":"https:\/\/radiorevelacionfm.cl\/index.php?rest_route=\/wp\/v2\/users\/1"}],"replies":[{"embeddable":true,"href":"https:\/\/radiorevelacionfm.cl\/index.php?rest_route=%2Fwp%2Fv2%2Fcomments&post=66441"}],"version-history":[{"count":2,"href":"https:\/\/radiorevelacionfm.cl\/index.php?rest_route=\/wp\/v2\/posts\/66441\/revisions"}],"predecessor-version":[{"id":66466,"href":"https:\/\/radiorevelacionfm.cl\/index.php?rest_route=\/wp\/v2\/posts\/66441\/revisions\/66466"}],"wp:featuredmedia":[{"embeddable":true,"href":"https:\/\/radiorevelacionfm.cl\/index.php?rest_route=\/wp\/v2\/media\/66442"}],"wp:attachment":[{"href":"https:\/\/radiorevelacionfm.cl\/index.php?rest_route=%2Fwp%2Fv2%2Fmedia&parent=66441"}],"wp:term":[{"taxonomy":"category","embeddable":true,"href":"https:\/\/radiorevelacionfm.cl\/index.php?rest_route=%2Fwp%2Fv2%2Fcategories&post=66441"},{"taxonomy":"post_tag","embeddable":true,"href":"https:\/\/radiorevelacionfm.cl\/index.php?rest_route=%2Fwp%2Fv2%2Ftags&post=66441"}],"curies":[{"name":"wp","href":"https:\/\/api.w.org\/{rel}","templated":true}]}}