{"id":66438,"date":"2026-04-22T21:50:02","date_gmt":"2026-04-23T00:50:02","guid":{"rendered":"https:\/\/radiorevelacionfm.cl\/?p=66438"},"modified":"2026-04-22T21:50:32","modified_gmt":"2026-04-23T00:50:32","slug":"edelaysen-marca-nuevo-hito-en-alto-baguales-con-montaje-de-primer-nuevo-aerogenerador-que-fortalecera-la-matriz-energetica-regional","status":"publish","type":"post","link":"https:\/\/radiorevelacionfm.cl\/?p=66438","title":{"rendered":"Nuevo hito en Alto Baguales con montaje de primer nuevo aerogenerador que fortalecer\u00e1 la matriz energ\u00e9tica regional"},"content":{"rendered":"<div class=\"flex_column av_one_full  flex_column_div av-zero-column-padding first  avia-builder-el-0  el_before_av_one_full  avia-builder-el-first  \" style='border-radius:0px; '><div  class='avia-image-container  av-styling-    avia-builder-el-1  avia-builder-el-no-sibling  avia-align-center '  itemprop=\"image\" itemscope=\"itemscope\" itemtype=\"https:\/\/schema.org\/ImageObject\"  ><div class='avia-image-container-inner'><div class='avia-image-overlay-wrap'><img decoding=\"async\" class='wp-image-66439 avia-img-lazy-loading-not-66439 avia_image' src=\"https:\/\/radiorevelacionfm.cl\/wp-content\/uploads\/2026\/04\/Alto-Baguales-1-1-1.jpeg\" alt='' title='Alto Baguales (1) (1) (1)' height=\"600\" width=\"800\"  itemprop=\"thumbnailUrl\" srcset=\"https:\/\/radiorevelacionfm.cl\/wp-content\/uploads\/2026\/04\/Alto-Baguales-1-1-1.jpeg 800w, https:\/\/radiorevelacionfm.cl\/wp-content\/uploads\/2026\/04\/Alto-Baguales-1-1-1-300x225.jpeg 300w, https:\/\/radiorevelacionfm.cl\/wp-content\/uploads\/2026\/04\/Alto-Baguales-1-1-1-768x576.jpeg 768w, https:\/\/radiorevelacionfm.cl\/wp-content\/uploads\/2026\/04\/Alto-Baguales-1-1-1-705x529.jpeg 705w, https:\/\/radiorevelacionfm.cl\/wp-content\/uploads\/2026\/04\/Alto-Baguales-1-1-1-450x338.jpeg 450w, https:\/\/radiorevelacionfm.cl\/wp-content\/uploads\/2026\/04\/Alto-Baguales-1-1-1-600x450.jpeg 600w\" sizes=\"(max-width: 800px) 100vw, 800px\" \/><\/div><\/div><\/div><\/div>\n<div class=\"flex_column av_one_full  flex_column_div av-zero-column-padding first  avia-builder-el-2  el_after_av_one_full  el_before_av_one_full  column-top-margin\" style='border-radius:0px; '><section class=\"av_textblock_section \"  itemscope=\"itemscope\" itemtype=\"https:\/\/schema.org\/BlogPosting\" itemprop=\"blogPost\" ><div class='avia_textblock  '   itemprop=\"text\" ><p style=\"text-align: center;\"><strong><span style=\"font-size: 18pt;\">Nuevo hito en Alto Baguales con montaje de primer nuevo aerogenerador que fortalecer\u00e1 la matriz energ\u00e9tica regional<\/span><\/strong><\/p>\n<div id=\"gtx-trans\" style=\"position: absolute; left: -50px; top: 4.31534px;\">\n<div class=\"gtx-trans-icon\"><\/div>\n<\/div>\n<\/div><\/section><\/div><div class=\"flex_column av_one_full  flex_column_div av-zero-column-padding first  avia-builder-el-4  el_after_av_one_full  el_before_av_hr  column-top-margin\" style='border-radius:0px; '><section class=\"av_textblock_section \"  itemscope=\"itemscope\" itemtype=\"https:\/\/schema.org\/BlogPosting\" itemprop=\"blogPost\" ><div class='avia_textblock  '   itemprop=\"text\" ><p style=\"text-align: justify;\">La maniobra representa un avance fundamental en la expansi\u00f3n del Parque E\u00f3lico Alto Baguales, proyecto emblem\u00e1tico de Grupo Saesa en Ays\u00e9n y que busca aportar m\u00e1s energ\u00eda limpia al sistema, cuya entrada en operaci\u00f3n se proyecta para julio 2026.<\/p>\n<p style=\"text-align: justify;\">Un nuevo paso en la expansi\u00f3n del Parque E\u00f3lico Alto Baguales concret\u00f3 Edelaysen, filial del Grupo Saesa, tras realizar el montaje de la primera turbina e\u00f3lica del proyecto, en una faena de alta complejidad t\u00e9cnica que marca un hito relevante en el avance de esta iniciativa energ\u00e9tica en la Regi\u00f3n de Ays\u00e9n.<\/p>\n<p style=\"text-align: justify;\">La instalaci\u00f3n de esta primera estructura constituye uno de los momentos m\u00e1s significativos del proceso constructivo, al materializar en terreno el desarrollo de un proyecto impulsado para seguir fortaleciendo el aporte de energ\u00eda renovable al sistema el\u00e9ctrico, mediante infraestructura moderna y alineada con los desaf\u00edos de sostenibilidad en la regi\u00f3n.<\/p>\n<p style=\"text-align: justify;\">De acuerdo con ello, Leonardo Mor\u00e1n, gerente de Proyectos e Inversiones de Edelaysen, se\u00f1al\u00f3: \u201cEstamos tremendamente contentos porque despu\u00e9s de varios d\u00edas de hacer intentos, hoy el viento dio tregua y nos est\u00e1 permitiendo instalar las primeras palas de nuestro primer aerogenerador en la ampliaci\u00f3n del Parque Alto Baguales, parque que va a permitir dar una tremenda inyecci\u00f3n de energ\u00eda renovable, a nuestro sistema mediano de Ays\u00e9n y con eso poder abastecer el crecimiento de la demanda con energ\u00eda renovable\u201d.<\/p>\n<p style=\"text-align: justify;\">Este proceso de montaje est\u00e1 siendo desarrollado por equipos especializados provenientes de Portugal, junto a la empresa Enercon, firma a cargo de esta etapa t\u00e9cnica del proyecto. Se trata de una maniobra de alta precisi\u00f3n, que requiere condiciones clim\u00e1ticas favorables para su ejecuci\u00f3n segura, por lo que su concreci\u00f3n responde tambi\u00e9n a una ventana operacional cuidadosamente evaluada. En ese contexto, como mencion\u00f3 el gerente de proyectos, el comportamiento del viendo ha sido un factor determinante durante las jornadas de trabajo. De esta forma la maniobra forma parte de una fase clave en la ampliaci\u00f3n, que considera un total de cinco aerogeneradores que se espera est\u00e9n en servicio una vez concluidas las obras.<\/p>\n<p style=\"text-align: justify;\">Por su parte Gonzalo Venegas subgerente de Generaci\u00f3n de Grupo Saesa destac\u00f3: \u201cHemos terminado el montaje mec\u00e1nico de la primera de las torres, una torre que tiene 79 metros de alto hasta la nacelle, que es el punto central y con aspas de aproximadamente 40 metros. Queremos celebrar esto porque es un gran hito para nuestra empresa y para traer energ\u00eda confiable y segura a nuestros clientes\u201d.<\/p>\n<p style=\"text-align: justify;\">La expansi\u00f3n del Parque E\u00f3lico Alto Baguales es uno de los proyectos emblem\u00e1ticos de Grupo Saesa y busca seguir consolidando una matriz de generaci\u00f3n m\u00e1s limpia para la Regi\u00f3n de Ays\u00e9n. En esa l\u00ednea, la entrada en operaci\u00f3n de esta ampliaci\u00f3n se proyecta para julio de 2026, reforzando as\u00ed el compromiso de la el\u00e9ctrica con un suministro seguro, confiable y cada vez m\u00e1s sostenible.<\/p>\n<\/div><\/section><\/div><\/p>\n<div  style='height:50px' class='hr hr-invisible   avia-builder-el-6  el_after_av_one_full  el_before_av_social_share '><span class='hr-inner ' ><span class='hr-inner-style'><\/span><\/span><\/div>\n<div  class='av-social-sharing-box  avia-builder-el-7  el_after_av_hr  el_before_av_hr  '><div class='av-share-box'><h5 class='av-share-link-description av-no-toc '>Compartir esta noticia<\/h5><ul class='av-share-box-list noLightbox'><li class='av-share-link av-social-link-facebook' ><a target=\"_blank\" aria-label=\"Compartir en Facebook\" href='https:\/\/www.facebook.com\/sharer.php?u=https:\/\/radiorevelacionfm.cl\/?p=66438&#038;t=Nuevo%20hito%20en%20Alto%20Baguales%20con%20montaje%20de%20primer%20nuevo%20aerogenerador%20que%20fortalecer%C3%A1%20la%20matriz%20energ%C3%A9tica%20regional' aria-hidden='false' data-av_icon='\ue8f3' data-av_iconfont='entypo-fontello' title='' data-avia-related-tooltip='Compartir en Facebook' rel=\"noopener\"><span class='avia_hidden_link_text'>Compartir en Facebook<\/span><\/a><\/li><li class='av-share-link av-social-link-twitter' ><a target=\"_blank\" aria-label=\"Compartir en Twitter\" href='https:\/\/twitter.com\/share?text=Nuevo%20hito%20en%20Alto%20Baguales%20con%20montaje%20de%20primer%20nuevo%20aerogenerador%20que%20fortalecer%C3%A1%20la%20matriz%20energ%C3%A9tica%20regional&#038;url=https:\/\/radiorevelacionfm.cl\/?p=66438' aria-hidden='false' data-av_icon='\ue8f1' data-av_iconfont='entypo-fontello' title='' data-avia-related-tooltip='Compartir en Twitter' rel=\"noopener\"><span class='avia_hidden_link_text'>Compartir en Twitter<\/span><\/a><\/li><li class='av-share-link av-social-link-whatsapp' ><a target=\"_blank\" aria-label=\"Compartir en Whatsapp\" href='https:\/\/api.whatsapp.com\/send?text=https:\/\/radiorevelacionfm.cl\/?p=66438' aria-hidden='false' data-av_icon='\uf232' data-av_iconfont='entypo-fontello' title='' data-avia-related-tooltip='Compartir en Whatsapp' rel=\"noopener\"><span class='avia_hidden_link_text'>Compartir en Whatsapp<\/span><\/a><\/li><li class='av-share-link av-social-link-linkedin' ><a target=\"_blank\" aria-label=\"Compartir en LinkedIn\" href='https:\/\/linkedin.com\/shareArticle?mini=true&#038;title=Nuevo%20hito%20en%20Alto%20Baguales%20con%20montaje%20de%20primer%20nuevo%20aerogenerador%20que%20fortalecer%C3%A1%20la%20matriz%20energ%C3%A9tica%20regional&#038;url=https:\/\/radiorevelacionfm.cl\/?p=66438' aria-hidden='false' data-av_icon='\ue8fc' data-av_iconfont='entypo-fontello' title='' data-avia-related-tooltip='Compartir en LinkedIn' rel=\"noopener\"><span class='avia_hidden_link_text'>Compartir en LinkedIn<\/span><\/a><\/li><li class='av-share-link av-social-link-mail' ><a  aria-label=\"Compartir por correo\" href='mailto:?subject=Nuevo%20hito%20en%20Alto%20Baguales%20con%20montaje%20de%20primer%20nuevo%20aerogenerador%20que%20fortalecer%C3%A1%20la%20matriz%20energ%C3%A9tica%20regional&#038;body=https:\/\/radiorevelacionfm.cl\/?p=66438' aria-hidden='false' data-av_icon='\ue805' data-av_iconfont='entypo-fontello' title='' data-avia-related-tooltip='Compartir por correo'><span class='avia_hidden_link_text'>Compartir por correo<\/span><\/a><\/li><\/ul><\/div><\/div>\n<div  style='height:50px' class='hr hr-invisible   avia-builder-el-8  el_after_av_social_share  el_before_av_comments_list '><span class='hr-inner ' ><span class='hr-inner-style'><\/span><\/span><\/div>\n<div  class='av-buildercomment  av-blog-meta-html-info-disabled av-blog-meta-tag-disabled  '><\/div>\n","protected":false},"excerpt":{"rendered":"","protected":false},"author":1,"featured_media":66439,"comment_status":"closed","ping_status":"closed","sticky":false,"template":"","format":"standard","meta":{"footnotes":""},"categories":[38],"tags":[],"class_list":["post-66438","post","type-post","status-publish","format-standard","has-post-thumbnail","hentry","category-regional"],"jetpack_featured_media_url":"https:\/\/radiorevelacionfm.cl\/wp-content\/uploads\/2026\/04\/Alto-Baguales-1-1-1.jpeg","_links":{"self":[{"href":"https:\/\/radiorevelacionfm.cl\/index.php?rest_route=\/wp\/v2\/posts\/66438","targetHints":{"allow":["GET"]}}],"collection":[{"href":"https:\/\/radiorevelacionfm.cl\/index.php?rest_route=\/wp\/v2\/posts"}],"about":[{"href":"https:\/\/radiorevelacionfm.cl\/index.php?rest_route=\/wp\/v2\/types\/post"}],"author":[{"embeddable":true,"href":"https:\/\/radiorevelacionfm.cl\/index.php?rest_route=\/wp\/v2\/users\/1"}],"replies":[{"embeddable":true,"href":"https:\/\/radiorevelacionfm.cl\/index.php?rest_route=%2Fwp%2Fv2%2Fcomments&post=66438"}],"version-history":[{"count":3,"href":"https:\/\/radiorevelacionfm.cl\/index.php?rest_route=\/wp\/v2\/posts\/66438\/revisions"}],"predecessor-version":[{"id":66453,"href":"https:\/\/radiorevelacionfm.cl\/index.php?rest_route=\/wp\/v2\/posts\/66438\/revisions\/66453"}],"wp:featuredmedia":[{"embeddable":true,"href":"https:\/\/radiorevelacionfm.cl\/index.php?rest_route=\/wp\/v2\/media\/66439"}],"wp:attachment":[{"href":"https:\/\/radiorevelacionfm.cl\/index.php?rest_route=%2Fwp%2Fv2%2Fmedia&parent=66438"}],"wp:term":[{"taxonomy":"category","embeddable":true,"href":"https:\/\/radiorevelacionfm.cl\/index.php?rest_route=%2Fwp%2Fv2%2Fcategories&post=66438"},{"taxonomy":"post_tag","embeddable":true,"href":"https:\/\/radiorevelacionfm.cl\/index.php?rest_route=%2Fwp%2Fv2%2Ftags&post=66438"}],"curies":[{"name":"wp","href":"https:\/\/api.w.org\/{rel}","templated":true}]}}