{"id":66432,"date":"2026-04-23T10:01:46","date_gmt":"2026-04-23T13:01:46","guid":{"rendered":"https:\/\/radiorevelacionfm.cl\/?p=66432"},"modified":"2026-04-23T10:01:46","modified_gmt":"2026-04-23T13:01:46","slug":"bioaysen-presenta-a-empresas-estrategicas-inedito-modelo-que-rentabiliza-la-produccion-sostenible-y-la-conservacion-del-capital-natural","status":"publish","type":"post","link":"https:\/\/radiorevelacionfm.cl\/?p=66432","title":{"rendered":"BioAys\u00e9n presenta a empresas estrat\u00e9gicas in\u00e9dito modelo que rentabiliza la producci\u00f3n sostenible y la conservaci\u00f3n del capital natural"},"content":{"rendered":"<div class=\"flex_column av_one_full  flex_column_div av-zero-column-padding first  avia-builder-el-0  el_before_av_one_full  avia-builder-el-first  \" style='border-radius:0px; '><div  class='avia-image-container  av-styling-    avia-builder-el-1  avia-builder-el-no-sibling  avia-align-center '  itemprop=\"image\" itemscope=\"itemscope\" itemtype=\"https:\/\/schema.org\/ImageObject\"  ><div class='avia-image-container-inner'><div class='avia-image-overlay-wrap'><img decoding=\"async\" class='wp-image-66433 avia-img-lazy-loading-not-66433 avia_image' src=\"https:\/\/radiorevelacionfm.cl\/wp-content\/uploads\/2026\/04\/bioaysen-_optimized.jpeg\" alt='' title='bioays\u00e9n-_optimized' height=\"600\" width=\"1067\"  itemprop=\"thumbnailUrl\" srcset=\"https:\/\/radiorevelacionfm.cl\/wp-content\/uploads\/2026\/04\/bioaysen-_optimized.jpeg 1067w, https:\/\/radiorevelacionfm.cl\/wp-content\/uploads\/2026\/04\/bioaysen-_optimized-300x169.jpeg 300w, https:\/\/radiorevelacionfm.cl\/wp-content\/uploads\/2026\/04\/bioaysen-_optimized-1030x579.jpeg 1030w, https:\/\/radiorevelacionfm.cl\/wp-content\/uploads\/2026\/04\/bioaysen-_optimized-768x432.jpeg 768w, https:\/\/radiorevelacionfm.cl\/wp-content\/uploads\/2026\/04\/bioaysen-_optimized-705x396.jpeg 705w, https:\/\/radiorevelacionfm.cl\/wp-content\/uploads\/2026\/04\/bioaysen-_optimized-450x253.jpeg 450w, https:\/\/radiorevelacionfm.cl\/wp-content\/uploads\/2026\/04\/bioaysen-_optimized-600x337.jpeg 600w\" sizes=\"(max-width: 1067px) 100vw, 1067px\" \/><\/div><\/div><\/div><\/div><div class=\"flex_column av_one_full  flex_column_div av-zero-column-padding first  avia-builder-el-2  el_after_av_one_full  el_before_av_one_full  column-top-margin\" style='border-radius:0px; '><section class=\"av_textblock_section \"  itemscope=\"itemscope\" itemtype=\"https:\/\/schema.org\/BlogPosting\" itemprop=\"blogPost\" ><div class='avia_textblock  '   itemprop=\"text\" ><p style=\"text-align: center;\"><strong><span style=\"font-size: 18pt;\">BioAys\u00e9n presenta a empresas estrat\u00e9gicas in\u00e9dito modelo que rentabiliza la producci\u00f3n sostenible y la conservaci\u00f3n del capital natural<\/span><\/strong><\/p>\n<div id=\"gtx-trans\" style=\"position: absolute; left: -50px; top: 4.31534px;\">\n<div class=\"gtx-trans-icon\"><\/div>\n<\/div>\n<\/div><\/section><\/div><div class=\"flex_column av_one_full  flex_column_div av-zero-column-padding first  avia-builder-el-4  el_after_av_one_full  el_before_av_hr  column-top-margin\" style='border-radius:0px; '><section class=\"av_textblock_section \"  itemscope=\"itemscope\" itemtype=\"https:\/\/schema.org\/BlogPosting\" itemprop=\"blogPost\" ><div class='avia_textblock  '   itemprop=\"text\" ><p style=\"text-align: justify;\"><em>En la cita convocada en Santiago por Transforma Cambio Clim\u00e1tico de Corfo y el organismo ejecutor, Fundaci\u00f3n Chile Circular, se explicaron los atributos clave de la iniciativa, los avances concretos de su primera fase, entre ellos, la caracterizaci\u00f3n de los servicios ecosist\u00e9micos de cuatro terrenos que forman parte de su banco de proyectos y los siguientes pasos de la segunda etapa de implementaci\u00f3n, que incluye establecer la ruta de escalamiento con empresas que operan terrenos tanto productivos como de conservaci\u00f3n en la zona.<\/em><\/p>\n<p style=\"text-align: justify;\">Ays\u00e9n y su gran capital natural tienen el potencial de convertir a esta regi\u00f3n en uno de los referentes mundiales en el escalamiento de modelos que identifiquen, gestionen y valoricen servicios ecosist\u00e9micos. De cara a esa oportunidad, la iniciativa de Bien P\u00fablico BioAys\u00e9n, que ejecuta la Fundaci\u00f3n Chile Circular con el apoyo de Transforma Cambio Clim\u00e1tico, del Gobierno Regional, del Consejo del Salm\u00f3n y de Corfo Ays\u00e9n, est\u00e1 sentando ese camino, de la mano de actores clave del sector p\u00fablico y privado. Uno de los hitos en su avance se produjo en las oficinas de Corfo en Santiago, donde un grupo de empresas estrat\u00e9gicas del pa\u00eds invitadas por BioAys\u00e9n conocieron la cartera de proyectos de inversi\u00f3n que articula para la emisi\u00f3n de bonos de biodiversidad y de carbono.<\/p>\n<p style=\"text-align: justify;\">BioAys\u00e9n es un instrumento econ\u00f3mico altamente innovador en Chile que est\u00e1 habilitando las condiciones que permitan el desarrollo de un nuevo mercado que financie la conservaci\u00f3n de la naturaleza de una regi\u00f3n que posee el 30% de las plantaciones de bosque nativo del territorio nacional y una rica variedad de ecosistemas.<\/p>\n<p style=\"text-align: justify;\">Durante el <em>workshop<\/em>, Irina Reyes, gerenta de Transforma Cambio Clim\u00e1tico, y Gonzalo Pumarino, director ejecutivo de Fundaci\u00f3n Chile Circular, destacaron los atributos de Ays\u00e9n al posicionarse como territorio estrat\u00e9gico y destino prioritario de este tipo de proyectos y del cumplimiento de compromisos de naturaleza positiva. Tres de estas iniciativas con potencial de escalamiento en la regi\u00f3n de Ays\u00e9n se expusieron en el encuentro con las empresas. Se trata de predios de R\u00edo Caj\u00f3n, Fundaci\u00f3n Kreen, y Fundaci\u00f3n Patagonia Ays\u00e9n.<\/p>\n<p style=\"text-align: justify;\">BioAys\u00e9n se encuentra en fase avanzada de su implementaci\u00f3n y la plataforma de libre acceso estar\u00e1 disponible a partir del mi\u00e9rcoles 29 de abril. Seg\u00fan Pumarino, \u201cesta plataforma tiene cuatro terrenos de la Regi\u00f3n de Ays\u00e9n caracterizados, con informaci\u00f3n de servicios ecosist\u00e9micos, capturas de carbono. Entonces, lo que se ha ido configurando en esta etapa final, es que efectivamente logremos tener una cartera de proyectos que sirvan para proveer soluciones para cr\u00e9ditos de biodiversidad y de carbono, y que sit\u00faan a Ays\u00e9n, probablemente, como uno de los tres proyectos m\u00e1s importantes a nivel global\u201d.<\/p>\n<p style=\"text-align: justify;\">En los pr\u00f3ximos meses BioAys\u00e9n iniciar\u00e1 los procesos de formulaci\u00f3n de proyectos para su certificaci\u00f3n en biodiversidad y en carbono y, de esta manera, poder ir cumpliendo las acciones y metas comprometidas cuando parti\u00f3 la iniciativa el a\u00f1o 2025.<\/p>\n<p style=\"text-align: justify;\">BioAys\u00e9n tiene un potencial de crecimiento que se proyecta a partir de los siguientes datos:<\/p>\n<ul style=\"text-align: justify;\">\n<li>270 mil hect\u00e1reas certificadas.<\/li>\n<li>M\u00e1s de 1,4 millones de toneladas de CO2 certificadas.<\/li>\n<li>M\u00e1s de 62 mil Unidades de Biodiversidad Certificadas.<\/li>\n<\/ul>\n<p style=\"text-align: justify;\">En la cita, Fernando Hentzschel, gerente Capacidades Tecnol\u00f3gicas de Corfo y Gonzalo Villanueva, jefe de la Divisi\u00f3n Desarrollo Productivo Sostenible del Ministerio de Econom\u00eda, entregaron su valoraci\u00f3n de los pasos que hasta ahora se han materializado.<\/p>\n<p style=\"text-align: justify;\">\u201cLa masificaci\u00f3n de modelos de negocio sostenibles que incorporen, por ejemplo, la protecci\u00f3n a la biodiversidad y el capital natural, van a ser la clave para dar con un cambio de tim\u00f3n en el destino del cambio clim\u00e1tico y otros elementos importantes de nuestro planeta. Desde DPS, estamos muy comprometidos con seguir profundizando el trabajo que se ha venido haciendo\u201d, afirm\u00f3 Villanueva.<\/p>\n<p style=\"text-align: justify;\">En representaci\u00f3n de la consultora que realiz\u00f3 los estudios para el dise\u00f1o del modelo econ\u00f3mico de BioAys\u00e9n, fue invitado Crist\u00f3bal De la Maza. El especialista en econom\u00eda ambiental puso el acento en c\u00f3mo desarrollar una metodolog\u00eda acordada que permita determinar la manera de certificar cr\u00e9ditos de biodiversidad. \u201cEl desaf\u00edo es consensuar con todos los actores, como se ha avanzado en el mercado de carbono. Definir en esa misma l\u00ednea equivalencias es lo que le va a dar liquidez a ese mercado. Con estas metodolog\u00edas vamos a poder saber si una hect\u00e1rea de ciertas caracter\u00edsticas tiene un valor que uno pudiera intercambiar con otra al menos en el mismo ecosistema\u201d, explic\u00f3.<\/p>\n<p style=\"text-align: justify;\">\u201cNos va a faltar la parte esencial que es la demanda y de ah\u00ed se requiere la activaci\u00f3n de las primeras empresas que conf\u00eden en este tipo de proyectos, tal como se cre\u00f3 el mercado de carbono a trav\u00e9s de iniciativas voluntarias\u201d, aludiendo a casos de negocio como el de CMPC.<\/p>\n<p style=\"text-align: justify;\">En colaboraci\u00f3n con BioAys\u00e9n, Forest Stewardship Council (FSC) ha contribuido en la etapa pr\u00e1ctica de un riguroso proceso de identificaci\u00f3n y certificaci\u00f3n de servicios ecosist\u00e9micos -flora y fauna nativa y ecosistemas- en \u00e1reas de inter\u00e9s para los objetivos de la iniciativa.<\/p>\n<p style=\"text-align: justify;\">\u201cEl aporte de nuestros esquemas es precisamente el tema de la trazabilidad, la credibilidad de esa data que genera con estos fines. De ah\u00ed podemos conectar con otros mercados como el de carbono, el de biodiversidad, lejos el m\u00e1s complejo, porque requiere verificaci\u00f3n (de impactos) en el tiempo. El de carbono, en ese sentido, est\u00e1 m\u00e1s a la mano\u201d, enfatiz\u00f3, Regina Massai, directora ejecutiva de FSC.<\/p>\n<p style=\"text-align: justify;\">\u201cRequerimos proyectos con un manejo sostenible y que cuenten con verificaci\u00f3n de impacto en servicios ecosist\u00e9micos, de manera de conectar con ese mercado en forma transparente y cre\u00edble\u201d, complement\u00f3.<\/p>\n<p style=\"text-align: justify;\"><strong>Sinergia con otras iniciativas privadas \u00a0<\/strong><\/p>\n<p style=\"text-align: justify;\">Por el lado de las empresas y organizaciones presentes en el encuentro, tanto CMPC, como el Consejo del Salm\u00f3n y Acci\u00f3n Empresas expusieron el estado de avance de iniciativas propias que comparten objetivos similares a los de BioAys\u00e9n, entre ellos, la promoci\u00f3n de soluciones basadas en la naturaleza.<\/p>\n<p style=\"text-align: justify;\">El proyecto Patagonia CMPC que se enmarca en la Estrategia de Naturaleza, Conservaci\u00f3n y Biodiversidad del holding forestal trabaja en tres l\u00edneas de acci\u00f3n. Una de ellas establece que m\u00e1s de 13.000 hect\u00e1reas estar\u00e1n bajo conservaci\u00f3n, lo cual incluye especies nativas de flora. Otras 4.500 hect\u00e1reas ser\u00e1n restauradas y transformadas a bosque nativo, y m\u00e1s de 8.100 hect\u00e1reas ser\u00e1n utilizadas como sumideros de carbono.<\/p>\n<p style=\"text-align: justify;\">De acuerdo a Patricio Herranz, jefe de Sostenibilidad y Conservaci\u00f3n de CMPC, la idea es \u201cescalar todos los elementos de conservaci\u00f3n\u201d, junto con destacar que \u201cestamos certificados desde el a\u00f1o 2013. Tenemos una serie de elementos de biodiversidad; all\u00e1 en la zona tenemos 10 \u00e1reas de alto valor asociadas a Huemul\u201d.<\/p>\n<p style=\"text-align: justify;\">Sobre el involucramiento con BioAys\u00e9n, el especialista en la materia coment\u00f3 que con el equipo de Transforma Cambio Clim\u00e1tico y su gobernanza p\u00fablico-privada se han alineado para avanzar en \u201cverificar determinados impactos, validar ciertos est\u00e1ndares o lograr ciertas unidades de gesti\u00f3n de biodiversidad o de carbono que permitan valorizar y en algunos casos conseguir financiamiento para los proyectos que estamos desarrollando, complementar con vecinos y lograr aumentar el impacto en iniciativas de este tipo\u201d.<\/p>\n<p style=\"text-align: justify;\">En su visi\u00f3n, la segunda fase va a consolidar este trabajo y permitir\u00e1 que \u201cmuchos de los que estamos en esta plataforma o siendo parte de alguno de los proyectos, podamos ir unificando criterios y generando asociatividad\u201d, puesto que \u201ces la \u00fanica forma de que los temas de biodiversidad generen alto impacto\u201d, sentenci\u00f3.<\/p>\n<p style=\"text-align: justify;\">En su calidad de mandante de BioAys\u00e9n, el Consejo del Salm\u00f3n tiene un rol activo en su posicionamiento en la regi\u00f3n. Angela Bustamante, directora de Estudios Aplicados y Estrategia del gremio resalt\u00f3 su aporte al desarrollo productivo de los territorios y el enfoque de la metodolog\u00eda que implicaba caracterizar los servicios ecosist\u00e9micos, lo cual ubicaba a Ays\u00e9n en un referente en el tema. Como organizaci\u00f3n \u201ctenemos diferentes iniciativas complementarias con otras industrias y gremios y esta es una de ellas. Tenemos que pensar el desarrollo de Ays\u00e9n y del sur, en conjunto\u201d, remarc\u00f3.<\/p>\n<p style=\"text-align: justify;\">Acci\u00f3n Empresas ejecuta el Plan Empresarial en Biodiversidad junto al Ministerio del Medio Ambiente, financiado por el Fondo para el Medio Ambiente Mundial (GEF), en asociaci\u00f3n con Conservation International como Agencia Implementadora del GEF y Business for Nature como socio ejecutor. Moviliza al sector privado para reducir impactos y generar valor positivo en la naturaleza, al impulsar la incorporaci\u00f3n de la biodiversidad en la estrategia corporativa.<\/p>\n<p style=\"text-align: justify;\">Kathrin M\u00fcller, gerenta Desarrollo en Acci\u00f3n Empresas valor\u00f3 el car\u00e1cter innovador de BioAys\u00e9n que fue explicado en la reuni\u00f3n y dado el potencial de crear un nuevo mercado manifest\u00f3 desde su sector el inter\u00e9s en sumarse a la iniciativa y conocer cu\u00e1les ser\u00e1n los siguientes pasos.<\/p>\n<p style=\"text-align: justify;\"><strong>Pr\u00f3ximos avances <\/strong><\/p>\n<p style=\"text-align: justify;\">Irina Reyes, gerenta de Transforma Cambio Clim\u00e1tico precis\u00f3 que esta semana tendr\u00e1n una mesa de trabajo con Corfo y con el Gore de Ays\u00e9n para establecer la ruta de escalamiento con las empresas que tienen terrenos productivos o de conservaci\u00f3n en la zona.<\/p>\n<p style=\"text-align: justify;\">Asimismo, durante el <em>workshop <\/em>se invit\u00f3 al sector privado a ser parte del modelo por medio de tres v\u00edas concretas de participaci\u00f3n:<\/p>\n<ul style=\"text-align: justify;\">\n<li>Manifestaci\u00f3n de inter\u00e9s: Empresas que deseen explorar proyectos de compensaci\u00f3n en Ays\u00e9n.<\/li>\n<li>Mesa de trabajo bilateral: Se agenda una reuni\u00f3n 1:1 con el equipo de BioAys\u00e9n para evaluar fit entre necesidades de la empresa y proyectos disponibles.<\/li>\n<li>Incorporaci\u00f3n al Banco de Biodiversidad: Propietarios de terrenos o fondos interesados en ingresar al modelo BioAys\u00e9n inician proceso de evaluaci\u00f3n.<\/li>\n<\/ul>\n<p style=\"text-align: justify;\">Con todo, la instancia gener\u00f3 un valioso espacio abierto de di\u00e1logo entre empresas, el equipo BioAys\u00e9n, autoridades, representantes de los proyectos y de la gobernanza p\u00fablico-privada.<\/p>\n<\/div><\/section><\/div><div  style='height:50px' class='hr hr-invisible   avia-builder-el-6  el_after_av_one_full  el_before_av_social_share '><span class='hr-inner ' ><span class='hr-inner-style'><\/span><\/span><\/div><\/p>\n<div  class='av-social-sharing-box  avia-builder-el-7  el_after_av_hr  el_before_av_hr  '><div class='av-share-box'><h5 class='av-share-link-description av-no-toc '>Compartir esta noticia<\/h5><ul class='av-share-box-list noLightbox'><li class='av-share-link av-social-link-facebook' ><a target=\"_blank\" aria-label=\"Compartir en Facebook\" href='https:\/\/www.facebook.com\/sharer.php?u=https:\/\/radiorevelacionfm.cl\/?p=66432&#038;t=BioAys%C3%A9n%20presenta%20a%20empresas%20estrat%C3%A9gicas%20in%C3%A9dito%20modelo%20que%20rentabiliza%20la%20producci%C3%B3n%20sostenible%20y%20la%20conservaci%C3%B3n%20del%20capital%20natural' aria-hidden='false' data-av_icon='\ue8f3' data-av_iconfont='entypo-fontello' title='' data-avia-related-tooltip='Compartir en Facebook' rel=\"noopener\"><span class='avia_hidden_link_text'>Compartir en Facebook<\/span><\/a><\/li><li class='av-share-link av-social-link-twitter' ><a target=\"_blank\" aria-label=\"Compartir en Twitter\" href='https:\/\/twitter.com\/share?text=BioAys%C3%A9n%20presenta%20a%20empresas%20estrat%C3%A9gicas%20in%C3%A9dito%20modelo%20que%20rentabiliza%20la%20producci%C3%B3n%20sostenible%20y%20la%20conservaci%C3%B3n%20del%20capital%20natural&#038;url=https:\/\/radiorevelacionfm.cl\/?p=66432' aria-hidden='false' data-av_icon='\ue8f1' data-av_iconfont='entypo-fontello' title='' data-avia-related-tooltip='Compartir en Twitter' rel=\"noopener\"><span class='avia_hidden_link_text'>Compartir en Twitter<\/span><\/a><\/li><li class='av-share-link av-social-link-whatsapp' ><a target=\"_blank\" aria-label=\"Compartir en Whatsapp\" href='https:\/\/api.whatsapp.com\/send?text=https:\/\/radiorevelacionfm.cl\/?p=66432' aria-hidden='false' data-av_icon='\uf232' data-av_iconfont='entypo-fontello' title='' data-avia-related-tooltip='Compartir en Whatsapp' rel=\"noopener\"><span class='avia_hidden_link_text'>Compartir en Whatsapp<\/span><\/a><\/li><li class='av-share-link av-social-link-linkedin' ><a target=\"_blank\" aria-label=\"Compartir en LinkedIn\" href='https:\/\/linkedin.com\/shareArticle?mini=true&#038;title=BioAys%C3%A9n%20presenta%20a%20empresas%20estrat%C3%A9gicas%20in%C3%A9dito%20modelo%20que%20rentabiliza%20la%20producci%C3%B3n%20sostenible%20y%20la%20conservaci%C3%B3n%20del%20capital%20natural&#038;url=https:\/\/radiorevelacionfm.cl\/?p=66432' aria-hidden='false' data-av_icon='\ue8fc' data-av_iconfont='entypo-fontello' title='' data-avia-related-tooltip='Compartir en LinkedIn' rel=\"noopener\"><span class='avia_hidden_link_text'>Compartir en LinkedIn<\/span><\/a><\/li><li class='av-share-link av-social-link-mail' ><a  aria-label=\"Compartir por correo\" href='mailto:?subject=BioAys%C3%A9n%20presenta%20a%20empresas%20estrat%C3%A9gicas%20in%C3%A9dito%20modelo%20que%20rentabiliza%20la%20producci%C3%B3n%20sostenible%20y%20la%20conservaci%C3%B3n%20del%20capital%20natural&#038;body=https:\/\/radiorevelacionfm.cl\/?p=66432' aria-hidden='false' data-av_icon='\ue805' data-av_iconfont='entypo-fontello' title='' data-avia-related-tooltip='Compartir por correo'><span class='avia_hidden_link_text'>Compartir por correo<\/span><\/a><\/li><\/ul><\/div><\/div>\n<div  style='height:50px' class='hr hr-invisible   avia-builder-el-8  el_after_av_social_share  el_before_av_comments_list '><span class='hr-inner ' ><span class='hr-inner-style'><\/span><\/span><\/div>\n<div  class='av-buildercomment  av-blog-meta-html-info-disabled av-blog-meta-tag-disabled  '><\/div>\n","protected":false},"excerpt":{"rendered":"","protected":false},"author":1,"featured_media":66433,"comment_status":"closed","ping_status":"closed","sticky":false,"template":"","format":"standard","meta":{"footnotes":""},"categories":[38],"tags":[],"class_list":["post-66432","post","type-post","status-publish","format-standard","has-post-thumbnail","hentry","category-regional"],"jetpack_featured_media_url":"https:\/\/radiorevelacionfm.cl\/wp-content\/uploads\/2026\/04\/bioaysen-_optimized.jpeg","_links":{"self":[{"href":"https:\/\/radiorevelacionfm.cl\/index.php?rest_route=\/wp\/v2\/posts\/66432","targetHints":{"allow":["GET"]}}],"collection":[{"href":"https:\/\/radiorevelacionfm.cl\/index.php?rest_route=\/wp\/v2\/posts"}],"about":[{"href":"https:\/\/radiorevelacionfm.cl\/index.php?rest_route=\/wp\/v2\/types\/post"}],"author":[{"embeddable":true,"href":"https:\/\/radiorevelacionfm.cl\/index.php?rest_route=\/wp\/v2\/users\/1"}],"replies":[{"embeddable":true,"href":"https:\/\/radiorevelacionfm.cl\/index.php?rest_route=%2Fwp%2Fv2%2Fcomments&post=66432"}],"version-history":[{"count":2,"href":"https:\/\/radiorevelacionfm.cl\/index.php?rest_route=\/wp\/v2\/posts\/66432\/revisions"}],"predecessor-version":[{"id":66454,"href":"https:\/\/radiorevelacionfm.cl\/index.php?rest_route=\/wp\/v2\/posts\/66432\/revisions\/66454"}],"wp:featuredmedia":[{"embeddable":true,"href":"https:\/\/radiorevelacionfm.cl\/index.php?rest_route=\/wp\/v2\/media\/66433"}],"wp:attachment":[{"href":"https:\/\/radiorevelacionfm.cl\/index.php?rest_route=%2Fwp%2Fv2%2Fmedia&parent=66432"}],"wp:term":[{"taxonomy":"category","embeddable":true,"href":"https:\/\/radiorevelacionfm.cl\/index.php?rest_route=%2Fwp%2Fv2%2Fcategories&post=66432"},{"taxonomy":"post_tag","embeddable":true,"href":"https:\/\/radiorevelacionfm.cl\/index.php?rest_route=%2Fwp%2Fv2%2Ftags&post=66432"}],"curies":[{"name":"wp","href":"https:\/\/api.w.org\/{rel}","templated":true}]}}