{"id":6643,"date":"2021-07-26T13:25:04","date_gmt":"2021-07-26T16:25:04","guid":{"rendered":"https:\/\/radiorevelacionfm.cl\/?p=6643"},"modified":"2021-07-26T13:25:04","modified_gmt":"2021-07-26T16:25:04","slug":"corfo-anuncia-nueva-convocatoria-para-apoyar-la-reactivacion-de-la-industria-de-la-musica","status":"publish","type":"post","link":"https:\/\/radiorevelacionfm.cl\/?p=6643","title":{"rendered":"Corfo anuncia nueva convocatoria para apoyar la reactivaci\u00f3n de la industria de la m\u00fasica"},"content":{"rendered":"<div class=\"flex_column av_one_full  flex_column_div av-zero-column-padding first  avia-builder-el-0  el_before_av_one_full  avia-builder-el-first  \" style='border-radius:0px; '><div  class='avia-image-container  av-styling-    avia-builder-el-1  avia-builder-el-no-sibling  avia-align-center '  itemprop=\"image\" itemscope=\"itemscope\" itemtype=\"https:\/\/schema.org\/ImageObject\"  ><div class='avia-image-container-inner'><div class='avia-image-overlay-wrap'><img decoding=\"async\" class='wp-image-6644 avia-img-lazy-loading-not-6644 avia_image' src=\"https:\/\/radiorevelacionfm.cl\/wp-content\/uploads\/2021\/07\/factoria-musical-impulsa-2021-1-1_optimized.jpg\" alt='' title='factoria-musical-impulsa-2021-(1)-(1)_optimized' height=\"600\" width=\"948\"  itemprop=\"thumbnailUrl\" srcset=\"https:\/\/radiorevelacionfm.cl\/wp-content\/uploads\/2021\/07\/factoria-musical-impulsa-2021-1-1_optimized.jpg 948w, https:\/\/radiorevelacionfm.cl\/wp-content\/uploads\/2021\/07\/factoria-musical-impulsa-2021-1-1_optimized-300x190.jpg 300w, https:\/\/radiorevelacionfm.cl\/wp-content\/uploads\/2021\/07\/factoria-musical-impulsa-2021-1-1_optimized-768x486.jpg 768w, https:\/\/radiorevelacionfm.cl\/wp-content\/uploads\/2021\/07\/factoria-musical-impulsa-2021-1-1_optimized-705x446.jpg 705w, https:\/\/radiorevelacionfm.cl\/wp-content\/uploads\/2021\/07\/factoria-musical-impulsa-2021-1-1_optimized-600x380.jpg 600w\" sizes=\"(max-width: 948px) 100vw, 948px\" \/><\/div><\/div><\/div><\/div><div class=\"flex_column av_one_full  flex_column_div av-zero-column-padding first  avia-builder-el-2  el_after_av_one_full  el_before_av_one_full  column-top-margin\" style='border-radius:0px; '><section class=\"av_textblock_section \"  itemscope=\"itemscope\" itemtype=\"https:\/\/schema.org\/BlogPosting\" itemprop=\"blogPost\" ><div class='avia_textblock  '   itemprop=\"text\" ><p style=\"text-align: center;\"><strong><span style=\"font-size: 18pt;\">Corfo anuncia nueva convocatoria para apoyar la reactivaci\u00f3n de la industria de la m\u00fasica <\/span><\/strong><\/p>\n<div id=\"gtx-trans\" style=\"position: absolute; left: -50px; top: 4.31534px;\">\n<div class=\"gtx-trans-icon\"><\/div>\n<\/div>\n<\/div><\/section><\/div><div class=\"flex_column av_one_full  flex_column_div av-zero-column-padding first  avia-builder-el-4  el_after_av_one_full  el_before_av_hr  column-top-margin\" style='border-radius:0px; '><section class=\"av_textblock_section \"  itemscope=\"itemscope\" itemtype=\"https:\/\/schema.org\/BlogPosting\" itemprop=\"blogPost\" ><div class='avia_textblock  '   itemprop=\"text\" ><p style=\"text-align: justify;\">Para impulsar la reactivaci\u00f3n de la industria musical en Chile, Corfo lanz\u00f3 hoy la convocatoria <strong>\u201cFactor\u00eda Musical Impulsa 2021\u201d,<\/strong> programa nacional que otorga hasta 17 millones de pesos de cofinanciamiento para apoyar proyectos de micro, peque\u00f1as y medianas empresas de este sector que aporten a la continuidad de su actividad econ\u00f3mica.<\/p>\n<p style=\"text-align: justify;\">\u201cLa m\u00fasica es una de las \u00e1reas de las industrias creativas que destaca por su enorme potencial para la cultura de nuestro pa\u00eds, siendo capaz de exportar talentos y generar empleos. Desde Corfo, estamos trabajando por avanzar hacia la reactivaci\u00f3n econ\u00f3mica de Chile, y por eso invitamos a todas las empresas de la m\u00fasica a participar de esta importante convocatoria que les permitir\u00e1 levantar sus negocios y mejorar su potencial productivo, en tiempos donde m\u00e1s lo necesitan\u201d, indic\u00f3 el vicepresidente ejecutivo de Corfo, Pablo Terrazas.<\/p>\n<p style=\"text-align: justify;\">A trav\u00e9s de esta convocatoria, Corfo entrega un cofinanciamiento de hasta el 80% del costo total de los proyectos que est\u00e9n enfocados en dos l\u00edneas de trabajo: <strong>\u201cFortalecimiento Empresarial\u201d,<\/strong> que contempla la elaboraci\u00f3n de una estrategia comercial para la recuperaci\u00f3n y\/o mejora de su potencial productivo y su gesti\u00f3n; y <strong>\u201cPortafolio Art\u00edstico\u201d<\/strong>, para componer de un cat\u00e1logo y\/o repertorio de hasta dos artistas nacionales, que contenga un plan de difusi\u00f3n, ventas y comercializaci\u00f3n.<\/p>\n<p style=\"text-align: justify;\">Para esta versi\u00f3n del programa y considerando los efectos de la crisis sanitaria, Corfo ajust\u00f3 los requisitos de facturaci\u00f3n de las empresas que postulen, por lo que solo se exigir\u00e1 demostrar ventas netas durante el a\u00f1o 2019, entre UF1.200 y UF100.000.<\/p>\n<p style=\"text-align: justify;\">La convocatoria de <strong>Factor\u00eda Musical Impulsa 2021<\/strong> estar\u00e1 abierta hasta el <strong>16 de agosto 2021<\/strong> y se puede postular a trav\u00e9s de la p\u00e1gina web de <a href=\"https:\/\/www.corfo.cl\/sites\/cpp\/convocatorias\/factoria_musical_impulsa\">Corfo<\/a><\/p>\n<p style=\"text-align: justify;\"><strong>Link postulaci\u00f3n: <\/strong>\u00a0<a href=\"https:\/\/www.corfo.cl\/sites\/cpp\/convocatorias\/factoria_musical_impulsa\">https:\/\/www.corfo.cl\/sites\/cpp\/convocatorias\/factoria_musical_impulsa<\/a><\/p>\n<\/div><\/section><\/div><div  style='height:50px' class='hr hr-invisible   avia-builder-el-6  el_after_av_one_full  el_before_av_social_share '><span class='hr-inner ' ><span class='hr-inner-style'><\/span><\/span><\/div><\/p>\n<div  class='av-social-sharing-box  avia-builder-el-7  el_after_av_hr  el_before_av_hr  '><div class='av-share-box'><h5 class='av-share-link-description av-no-toc '>Compartir esta noticia<\/h5><ul class='av-share-box-list noLightbox'><li class='av-share-link av-social-link-facebook' ><a target=\"_blank\" aria-label=\"Compartir en Facebook\" href='https:\/\/www.facebook.com\/sharer.php?u=https:\/\/radiorevelacionfm.cl\/?p=6643&#038;t=Corfo%20anuncia%20nueva%20convocatoria%20para%20apoyar%20la%20reactivaci%C3%B3n%20de%20la%20industria%20de%20la%20m%C3%BAsica' aria-hidden='false' data-av_icon='\ue8f3' data-av_iconfont='entypo-fontello' title='' data-avia-related-tooltip='Compartir en Facebook' rel=\"noopener\"><span class='avia_hidden_link_text'>Compartir en Facebook<\/span><\/a><\/li><li class='av-share-link av-social-link-twitter' ><a target=\"_blank\" aria-label=\"Compartir en Twitter\" href='https:\/\/twitter.com\/share?text=Corfo%20anuncia%20nueva%20convocatoria%20para%20apoyar%20la%20reactivaci%C3%B3n%20de%20la%20industria%20de%20la%20m%C3%BAsica&#038;url=https:\/\/radiorevelacionfm.cl\/?p=6643' aria-hidden='false' data-av_icon='\ue8f1' data-av_iconfont='entypo-fontello' title='' data-avia-related-tooltip='Compartir en Twitter' rel=\"noopener\"><span class='avia_hidden_link_text'>Compartir en Twitter<\/span><\/a><\/li><li class='av-share-link av-social-link-whatsapp' ><a target=\"_blank\" aria-label=\"Compartir en Whatsapp\" href='https:\/\/api.whatsapp.com\/send?text=https:\/\/radiorevelacionfm.cl\/?p=6643' aria-hidden='false' data-av_icon='\uf232' data-av_iconfont='entypo-fontello' title='' data-avia-related-tooltip='Compartir en Whatsapp' rel=\"noopener\"><span class='avia_hidden_link_text'>Compartir en Whatsapp<\/span><\/a><\/li><li class='av-share-link av-social-link-linkedin' ><a target=\"_blank\" aria-label=\"Compartir en LinkedIn\" href='https:\/\/linkedin.com\/shareArticle?mini=true&#038;title=Corfo%20anuncia%20nueva%20convocatoria%20para%20apoyar%20la%20reactivaci%C3%B3n%20de%20la%20industria%20de%20la%20m%C3%BAsica&#038;url=https:\/\/radiorevelacionfm.cl\/?p=6643' aria-hidden='false' data-av_icon='\ue8fc' data-av_iconfont='entypo-fontello' title='' data-avia-related-tooltip='Compartir en LinkedIn' rel=\"noopener\"><span class='avia_hidden_link_text'>Compartir en LinkedIn<\/span><\/a><\/li><li class='av-share-link av-social-link-mail' ><a  aria-label=\"Compartir por correo\" href='mailto:?subject=Corfo%20anuncia%20nueva%20convocatoria%20para%20apoyar%20la%20reactivaci%C3%B3n%20de%20la%20industria%20de%20la%20m%C3%BAsica&#038;body=https:\/\/radiorevelacionfm.cl\/?p=6643' aria-hidden='false' data-av_icon='\ue805' data-av_iconfont='entypo-fontello' title='' data-avia-related-tooltip='Compartir por correo'><span class='avia_hidden_link_text'>Compartir por correo<\/span><\/a><\/li><\/ul><\/div><\/div>\n<div  style='height:50px' class='hr hr-invisible   avia-builder-el-8  el_after_av_social_share  el_before_av_comments_list '><span class='hr-inner ' ><span class='hr-inner-style'><\/span><\/span><\/div>\n<div  class='av-buildercomment  av-blog-meta-html-info-disabled av-blog-meta-tag-disabled  '><\/div>\n","protected":false},"excerpt":{"rendered":"","protected":false},"author":1,"featured_media":6644,"comment_status":"open","ping_status":"open","sticky":false,"template":"","format":"standard","meta":{"footnotes":""},"categories":[37,43],"tags":[],"class_list":["post-6643","post","type-post","status-publish","format-standard","has-post-thumbnail","hentry","category-economia","category-musica"],"jetpack_featured_media_url":"https:\/\/radiorevelacionfm.cl\/wp-content\/uploads\/2021\/07\/factoria-musical-impulsa-2021-1-1_optimized.jpg","_links":{"self":[{"href":"https:\/\/radiorevelacionfm.cl\/index.php?rest_route=\/wp\/v2\/posts\/6643","targetHints":{"allow":["GET"]}}],"collection":[{"href":"https:\/\/radiorevelacionfm.cl\/index.php?rest_route=\/wp\/v2\/posts"}],"about":[{"href":"https:\/\/radiorevelacionfm.cl\/index.php?rest_route=\/wp\/v2\/types\/post"}],"author":[{"embeddable":true,"href":"https:\/\/radiorevelacionfm.cl\/index.php?rest_route=\/wp\/v2\/users\/1"}],"replies":[{"embeddable":true,"href":"https:\/\/radiorevelacionfm.cl\/index.php?rest_route=%2Fwp%2Fv2%2Fcomments&post=6643"}],"version-history":[{"count":1,"href":"https:\/\/radiorevelacionfm.cl\/index.php?rest_route=\/wp\/v2\/posts\/6643\/revisions"}],"predecessor-version":[{"id":6645,"href":"https:\/\/radiorevelacionfm.cl\/index.php?rest_route=\/wp\/v2\/posts\/6643\/revisions\/6645"}],"wp:featuredmedia":[{"embeddable":true,"href":"https:\/\/radiorevelacionfm.cl\/index.php?rest_route=\/wp\/v2\/media\/6644"}],"wp:attachment":[{"href":"https:\/\/radiorevelacionfm.cl\/index.php?rest_route=%2Fwp%2Fv2%2Fmedia&parent=6643"}],"wp:term":[{"taxonomy":"category","embeddable":true,"href":"https:\/\/radiorevelacionfm.cl\/index.php?rest_route=%2Fwp%2Fv2%2Fcategories&post=6643"},{"taxonomy":"post_tag","embeddable":true,"href":"https:\/\/radiorevelacionfm.cl\/index.php?rest_route=%2Fwp%2Fv2%2Ftags&post=6643"}],"curies":[{"name":"wp","href":"https:\/\/api.w.org\/{rel}","templated":true}]}}