{"id":66429,"date":"2026-04-22T20:46:07","date_gmt":"2026-04-22T23:46:07","guid":{"rendered":"https:\/\/radiorevelacionfm.cl\/?p=66429"},"modified":"2026-04-22T20:46:07","modified_gmt":"2026-04-22T23:46:07","slug":"emiten-alerta-temprana-preventiva-con-cobertura-regional-por-evento-meteorologico","status":"publish","type":"post","link":"https:\/\/radiorevelacionfm.cl\/?p=66429","title":{"rendered":"Emiten Alerta Temprana Preventiva con cobertura regional por evento meteorol\u00f3gico"},"content":{"rendered":"<div class=\"flex_column av_one_full  flex_column_div av-zero-column-padding first  avia-builder-el-0  el_before_av_one_full  avia-builder-el-first  \" style='border-radius:0px; '><div  class='avia-image-container  av-styling-    avia-builder-el-1  avia-builder-el-no-sibling  avia-align-center '  itemprop=\"image\" itemscope=\"itemscope\" itemtype=\"https:\/\/schema.org\/ImageObject\"  ><div class='avia-image-container-inner'><div class='avia-image-overlay-wrap'><img decoding=\"async\" class='wp-image-66430 avia-img-lazy-loading-not-66430 avia_image' src=\"https:\/\/radiorevelacionfm.cl\/wp-content\/uploads\/2026\/04\/lluvia-1_optimized-1.jpg\" alt='' title='lluvia-(1)_optimized (1)' height=\"600\" width=\"859\"  itemprop=\"thumbnailUrl\" srcset=\"https:\/\/radiorevelacionfm.cl\/wp-content\/uploads\/2026\/04\/lluvia-1_optimized-1.jpg 859w, https:\/\/radiorevelacionfm.cl\/wp-content\/uploads\/2026\/04\/lluvia-1_optimized-1-300x210.jpg 300w, https:\/\/radiorevelacionfm.cl\/wp-content\/uploads\/2026\/04\/lluvia-1_optimized-1-768x536.jpg 768w, https:\/\/radiorevelacionfm.cl\/wp-content\/uploads\/2026\/04\/lluvia-1_optimized-1-705x492.jpg 705w, https:\/\/radiorevelacionfm.cl\/wp-content\/uploads\/2026\/04\/lluvia-1_optimized-1-450x314.jpg 450w, https:\/\/radiorevelacionfm.cl\/wp-content\/uploads\/2026\/04\/lluvia-1_optimized-1-600x419.jpg 600w\" sizes=\"(max-width: 859px) 100vw, 859px\" \/><\/div><\/div><\/div><\/div><div class=\"flex_column av_one_full  flex_column_div av-zero-column-padding first  avia-builder-el-2  el_after_av_one_full  el_before_av_one_full  column-top-margin\" style='border-radius:0px; '><section class=\"av_textblock_section \"  itemscope=\"itemscope\" itemtype=\"https:\/\/schema.org\/BlogPosting\" itemprop=\"blogPost\" ><div class='avia_textblock  '   itemprop=\"text\" ><p style=\"text-align: center;\"><strong><span style=\"font-size: 18pt;\">Emiten Alerta Temprana Preventiva con cobertura regional por evento meteorol\u00f3gico<\/span><\/strong><\/p>\n<div id=\"gtx-trans\" style=\"position: absolute; left: -50px; top: 4.31534px;\">\n<div class=\"gtx-trans-icon\"><\/div>\n<\/div>\n<\/div><\/section><\/div><div class=\"flex_column av_one_full  flex_column_div av-zero-column-padding first  avia-builder-el-4  el_after_av_one_full  el_before_av_hr  column-top-margin\" style='border-radius:0px; '><section class=\"av_textblock_section \"  itemscope=\"itemscope\" itemtype=\"https:\/\/schema.org\/BlogPosting\" itemprop=\"blogPost\" ><div class='avia_textblock  '   itemprop=\"text\" ><p style=\"text-align: justify;\">De acuerdo con la informaci\u00f3n proporcionada por la Direcci\u00f3n Meteorol\u00f3gica de Chile, a trav\u00e9s de su Aviso Meteorol\u00f3gico A195\/2026, emitido el d\u00eda 22 de abril del 2026, que indica \u201cViento Normal a Moderado\u201d en zonas Cordillera Austral Sur de la regi\u00f3n de Ays\u00e9n, desde la tarde del mi\u00e9rcoles 22 abril hasta la ma\u00f1ana del jueves 23 de abril del 2026, por condici\u00f3n sin\u00f3ptica Jet de bajo nivel, con la siguiente intensidad estimada:<\/p>\n<p style=\"text-align: justify;\">Regi\u00f3n de Ays\u00e9n:<\/p>\n<p>Zona: Cordillera Austral Sur<\/p>\n<p>Mi\u00e9rcoles 22: 60-80 RACHA 100<\/p>\n<p>Jueves 23: 60-80 RACHA 100<\/p>\n<p style=\"text-align: justify;\">Sumado al aviso meteorol\u00f3gico A196\/2026 emito emitido hoy mi\u00e9rcoles 22 de abril del 2026 por la Direcci\u00f3n Meteorol\u00f3gica de Chile, que indica Precipitaciones Normales a Moderadas en corto periodo de tiempo, para las zonas Cordillera Austral Norte, Cordillera Austral Sur de la regi\u00f3n de Ays\u00e9n, desde la tarde del mi\u00e9rcoles 22 de abril, hasta la madrugada del jueves 23 de abril del 2026, por condici\u00f3n sin\u00f3ptica de Frente Frio, con los siguientes montos estimados:<\/p>\n<p style=\"text-align: justify;\">Zona:<\/p>\n<p>Cordillera Austral Norte: 35-50\/2-7 CM<\/p>\n<p>Cordillera Astral Sur: 40-55\/15-30 CM<\/p>\n<p style=\"text-align: justify;\">Finalmente, en atenci\u00f3n a la Minuta T\u00e9cnica por Peligro de Remociones en Masa del Servicio Nacional de Geolog\u00eda y Miner\u00eda (SERNAGEOMIN), emitida hoy mi\u00e9rcoles 22 de abril, que indica la posibilidad de ocurrencia de flujos de detritos, deslizamientos y ca\u00eddas de rocas para la regi\u00f3n de <strong>MODERADA <\/strong>para las zonas de Cordillera Austral Norte y Cordillera Austral Sur y <strong>BAJA <\/strong>para el resto de la regi\u00f3n.<\/p>\n<p style=\"text-align: justify;\">En consideraci\u00f3n a estos antecedentes, la Direcci\u00f3n Regional de SENAPRED Ays\u00e9n <strong>declara Alerta Temprana Preventiva <\/strong>por Evento Meteorol\u00f3gico para la Regi\u00f3n de Ays\u00e9n, vigente desde hoy y hasta que las condiciones del evento as\u00ed lo ameriten.<\/p>\n<p style=\"text-align: justify;\">La declaraci\u00f3n de esta alerta se constituye como un estado de reforzamiento de la vigilancia, mediante el monitoreo preciso y riguroso de las condiciones de riesgo y las respectivas vulnerabilidades asociadas a la amenaza, coordinando y activando al SINAPRED con el fin de actuar oportunamente frente a eventuales situaciones de emergencia.<\/p>\n<p style=\"text-align: justify;\">Adicionalmente, se recomienda a la poblaci\u00f3n:<\/p>\n<p style=\"text-align: justify;\">En relaci\u00f3n con las precipitaciones pronosticadas y considerando la acumulaci\u00f3n de material que puede existir seg\u00fan la vulnerabilidad local, el SINAPRED deber\u00e1 mantener monitoreo principalmente a cursos de agua y quebradas, debido a la probabilidad de activaci\u00f3n de estas, con arrastre de sedimentos hacia sectores poblados y aumento de caudales asociados a desbordes que causen inundaciones, peligro de deslizamientos y flujos de tierra. Adem\u00e1s, se debe tener especial resguardo, por acumulaci\u00f3n de agua en sectores bajos, posibles aumentos de caudal de los cursos de agua con potencial desborde, por lo que se deber\u00e1 monitorear estado de r\u00edos y caminos.<\/p>\n<p style=\"text-align: justify;\">Con relaci\u00f3n a la condici\u00f3n de viento el SINAPRED deber\u00e1 mantener las coordinaciones necesarias para la efectividad de los mecanismos de alerta y de gestiones de prevenci\u00f3n. Adem\u00e1s, reforzar la vigilancia de los sectores de mayor vulnerabilidad a fin de evitar situaciones de riesgo para la poblaci\u00f3n, debido a eventual afectaci\u00f3n por desprendimientos o da\u00f1o de techumbres, alteraci\u00f3n de conectividad e interrupci\u00f3n de suministro el\u00e9ctrico y telef\u00f3nico por ca\u00edda de \u00e1rboles o ramas en el tendido el\u00e9ctrico, tanto en sectores rurales como urbanos.<\/p>\n<p style=\"text-align: justify;\">En atenci\u00f3n a la probabilidad de ocurrencia de eventos de remoci\u00f3n en masa informados por SERNAGEOMIN producto de las precipitaciones, el SINAPRED deber\u00e1 monitorear permanentemente r\u00edos y quebradas, poniendo atenci\u00f3n a los aumentos s\u00fabitos de escorrent\u00eda y caudales, ya que son indicadores de posibles fen\u00f3menos de remoci\u00f3n en masa. Adem\u00e1s, se deber\u00e1 alertar a la poblaci\u00f3n para que tomen precauciones y pongan atenci\u00f3n a los caudales de quebradas y escorrent\u00edas en las laderas y taludes en cercan\u00edas de los lugares que habitan. Por otra parte, se recomienda conducir con precauci\u00f3n en aquellas rutas que presenten antecedentes de eventos pasados de remoci\u00f3n en masa. Alertar a turistas y pobladores del riesgo de pernoctar cerca de cauces, quebradas y r\u00edos que se podr\u00edan activar s\u00fabitamente.<\/p>\n<p style=\"text-align: justify;\"><em>Fuentes: Direcci\u00f3n Meteorol\u00f3gica de Chile (DMC) &#8211; SERNAGEOMIN<\/em><\/p>\n<p style=\"text-align: justify;\"><em>Orientaciones y An\u00e1lisis de Riesgo: Unidad Regional de Alerta Temprana \u2013 SENAPRED.<\/em><\/p>\n<\/div><\/section><\/div><div  style='height:50px' class='hr hr-invisible   avia-builder-el-6  el_after_av_one_full  el_before_av_social_share '><span class='hr-inner ' ><span class='hr-inner-style'><\/span><\/span><\/div><\/p>\n<div  class='av-social-sharing-box  avia-builder-el-7  el_after_av_hr  el_before_av_hr  '><div class='av-share-box'><h5 class='av-share-link-description av-no-toc '>Compartir esta noticia<\/h5><ul class='av-share-box-list noLightbox'><li class='av-share-link av-social-link-facebook' ><a target=\"_blank\" aria-label=\"Compartir en Facebook\" href='https:\/\/www.facebook.com\/sharer.php?u=https:\/\/radiorevelacionfm.cl\/?p=66429&#038;t=Emiten%20Alerta%20Temprana%20Preventiva%20con%20cobertura%20regional%20por%20evento%20meteorol%C3%B3gico' aria-hidden='false' data-av_icon='\ue8f3' data-av_iconfont='entypo-fontello' title='' data-avia-related-tooltip='Compartir en Facebook' rel=\"noopener\"><span class='avia_hidden_link_text'>Compartir en Facebook<\/span><\/a><\/li><li class='av-share-link av-social-link-twitter' ><a target=\"_blank\" aria-label=\"Compartir en Twitter\" href='https:\/\/twitter.com\/share?text=Emiten%20Alerta%20Temprana%20Preventiva%20con%20cobertura%20regional%20por%20evento%20meteorol%C3%B3gico&#038;url=https:\/\/radiorevelacionfm.cl\/?p=66429' aria-hidden='false' data-av_icon='\ue8f1' data-av_iconfont='entypo-fontello' title='' data-avia-related-tooltip='Compartir en Twitter' rel=\"noopener\"><span class='avia_hidden_link_text'>Compartir en Twitter<\/span><\/a><\/li><li class='av-share-link av-social-link-whatsapp' ><a target=\"_blank\" aria-label=\"Compartir en Whatsapp\" href='https:\/\/api.whatsapp.com\/send?text=https:\/\/radiorevelacionfm.cl\/?p=66429' aria-hidden='false' data-av_icon='\uf232' data-av_iconfont='entypo-fontello' title='' data-avia-related-tooltip='Compartir en Whatsapp' rel=\"noopener\"><span class='avia_hidden_link_text'>Compartir en Whatsapp<\/span><\/a><\/li><li class='av-share-link av-social-link-linkedin' ><a target=\"_blank\" aria-label=\"Compartir en LinkedIn\" href='https:\/\/linkedin.com\/shareArticle?mini=true&#038;title=Emiten%20Alerta%20Temprana%20Preventiva%20con%20cobertura%20regional%20por%20evento%20meteorol%C3%B3gico&#038;url=https:\/\/radiorevelacionfm.cl\/?p=66429' aria-hidden='false' data-av_icon='\ue8fc' data-av_iconfont='entypo-fontello' title='' data-avia-related-tooltip='Compartir en LinkedIn' rel=\"noopener\"><span class='avia_hidden_link_text'>Compartir en LinkedIn<\/span><\/a><\/li><li class='av-share-link av-social-link-mail' ><a  aria-label=\"Compartir por correo\" href='mailto:?subject=Emiten%20Alerta%20Temprana%20Preventiva%20con%20cobertura%20regional%20por%20evento%20meteorol%C3%B3gico&#038;body=https:\/\/radiorevelacionfm.cl\/?p=66429' aria-hidden='false' data-av_icon='\ue805' data-av_iconfont='entypo-fontello' title='' data-avia-related-tooltip='Compartir por correo'><span class='avia_hidden_link_text'>Compartir por correo<\/span><\/a><\/li><\/ul><\/div><\/div>\n<div  style='height:50px' class='hr hr-invisible   avia-builder-el-8  el_after_av_social_share  el_before_av_comments_list '><span class='hr-inner ' ><span class='hr-inner-style'><\/span><\/span><\/div>\n<div  class='av-buildercomment  av-blog-meta-html-info-disabled av-blog-meta-tag-disabled  '><\/div>\n","protected":false},"excerpt":{"rendered":"","protected":false},"author":1,"featured_media":66430,"comment_status":"closed","ping_status":"closed","sticky":false,"template":"","format":"standard","meta":{"footnotes":""},"categories":[38],"tags":[],"class_list":["post-66429","post","type-post","status-publish","format-standard","has-post-thumbnail","hentry","category-regional"],"jetpack_featured_media_url":"https:\/\/radiorevelacionfm.cl\/wp-content\/uploads\/2026\/04\/lluvia-1_optimized-1.jpg","_links":{"self":[{"href":"https:\/\/radiorevelacionfm.cl\/index.php?rest_route=\/wp\/v2\/posts\/66429","targetHints":{"allow":["GET"]}}],"collection":[{"href":"https:\/\/radiorevelacionfm.cl\/index.php?rest_route=\/wp\/v2\/posts"}],"about":[{"href":"https:\/\/radiorevelacionfm.cl\/index.php?rest_route=\/wp\/v2\/types\/post"}],"author":[{"embeddable":true,"href":"https:\/\/radiorevelacionfm.cl\/index.php?rest_route=\/wp\/v2\/users\/1"}],"replies":[{"embeddable":true,"href":"https:\/\/radiorevelacionfm.cl\/index.php?rest_route=%2Fwp%2Fv2%2Fcomments&post=66429"}],"version-history":[{"count":2,"href":"https:\/\/radiorevelacionfm.cl\/index.php?rest_route=\/wp\/v2\/posts\/66429\/revisions"}],"predecessor-version":[{"id":66449,"href":"https:\/\/radiorevelacionfm.cl\/index.php?rest_route=\/wp\/v2\/posts\/66429\/revisions\/66449"}],"wp:featuredmedia":[{"embeddable":true,"href":"https:\/\/radiorevelacionfm.cl\/index.php?rest_route=\/wp\/v2\/media\/66430"}],"wp:attachment":[{"href":"https:\/\/radiorevelacionfm.cl\/index.php?rest_route=%2Fwp%2Fv2%2Fmedia&parent=66429"}],"wp:term":[{"taxonomy":"category","embeddable":true,"href":"https:\/\/radiorevelacionfm.cl\/index.php?rest_route=%2Fwp%2Fv2%2Fcategories&post=66429"},{"taxonomy":"post_tag","embeddable":true,"href":"https:\/\/radiorevelacionfm.cl\/index.php?rest_route=%2Fwp%2Fv2%2Ftags&post=66429"}],"curies":[{"name":"wp","href":"https:\/\/api.w.org\/{rel}","templated":true}]}}