{"id":66423,"date":"2026-04-22T18:25:07","date_gmt":"2026-04-22T21:25:07","guid":{"rendered":"https:\/\/radiorevelacionfm.cl\/?p=66423"},"modified":"2026-04-25T21:30:27","modified_gmt":"2026-04-26T00:30:27","slug":"el-sesgo-detras-de-la-exigencia-empresarial-por-mayor-certeza-juridica","status":"publish","type":"post","link":"https:\/\/radiorevelacionfm.cl\/?p=66423","title":{"rendered":"El sesgo detr\u00e1s de la exigencia empresarial por mayor certeza jur\u00eddica"},"content":{"rendered":"<div class=\"flex_column av_one_full  flex_column_div av-zero-column-padding first  avia-builder-el-0  el_before_av_one_full  avia-builder-el-first  \" style='border-radius:0px; '><div  class='avia-image-container  av-styling-    avia-builder-el-1  avia-builder-el-no-sibling  avia-align-center '  itemprop=\"image\" itemscope=\"itemscope\" itemtype=\"https:\/\/schema.org\/ImageObject\"  ><div class='avia-image-container-inner'><div class='avia-image-overlay-wrap'><img decoding=\"async\" class='wp-image-66424 avia-img-lazy-loading-not-66424 avia_image' src=\"https:\/\/radiorevelacionfm.cl\/wp-content\/uploads\/2026\/04\/diapositiva1-1_optimized-1.jpeg\" alt='' title='diapositiva1-(1)_optimized (1)' height=\"875\" width=\"802\"  itemprop=\"thumbnailUrl\" srcset=\"https:\/\/radiorevelacionfm.cl\/wp-content\/uploads\/2026\/04\/diapositiva1-1_optimized-1.jpeg 802w, https:\/\/radiorevelacionfm.cl\/wp-content\/uploads\/2026\/04\/diapositiva1-1_optimized-1-275x300.jpeg 275w, https:\/\/radiorevelacionfm.cl\/wp-content\/uploads\/2026\/04\/diapositiva1-1_optimized-1-768x838.jpeg 768w, https:\/\/radiorevelacionfm.cl\/wp-content\/uploads\/2026\/04\/diapositiva1-1_optimized-1-646x705.jpeg 646w, https:\/\/radiorevelacionfm.cl\/wp-content\/uploads\/2026\/04\/diapositiva1-1_optimized-1-450x491.jpeg 450w, https:\/\/radiorevelacionfm.cl\/wp-content\/uploads\/2026\/04\/diapositiva1-1_optimized-1-600x655.jpeg 600w\" sizes=\"(max-width: 802px) 100vw, 802px\" \/><\/div><\/div><\/div><\/div><div class=\"flex_column av_one_full  flex_column_div av-zero-column-padding first  avia-builder-el-2  el_after_av_one_full  el_before_av_one_full  column-top-margin\" style='border-radius:0px; '><section class=\"av_textblock_section \"  itemscope=\"itemscope\" itemtype=\"https:\/\/schema.org\/BlogPosting\" itemprop=\"blogPost\" ><div class='avia_textblock  '   itemprop=\"text\" ><p style=\"text-align: center;\"><span style=\"font-size: 18pt;\"><b><span lang=\"ES-TRAD\">El sesgo detr\u00e1s de la exigencia empresarial por mayor certeza jur\u00eddica<\/span><\/b><\/span><\/p>\n<div id=\"gtx-trans\" style=\"position: absolute; left: -50px; top: 4.31534px;\">\n<div class=\"gtx-trans-icon\"><\/div>\n<\/div>\n<\/div><\/section><\/div><div class=\"flex_column av_one_full  flex_column_div av-zero-column-padding first  avia-builder-el-4  el_after_av_one_full  el_before_av_hr  column-top-margin\" style='border-radius:0px; '><section class=\"av_textblock_section \"  itemscope=\"itemscope\" itemtype=\"https:\/\/schema.org\/BlogPosting\" itemprop=\"blogPost\" ><div class='avia_textblock  '   itemprop=\"text\" ><p style=\"font-weight: 400; text-align: justify;\">En los d\u00edas que corren, el papel y el teclado aguantan mucho. Argumentos van, argumentos vienen, y en ocasiones no es relevante si el planteamiento tiene l\u00f3gica o no. O si da cuenta de la integralidad de determinado debate.<\/p>\n<p style=\"font-weight: 400; text-align: justify;\">Ejemplo de ello es el clamor por mayor \u201ccerteza jur\u00eddica\u201d que viene, desde hace un tiempo ya, siendo en Chile fundamento para cuestionar una diversidad de materias: los cambios legislativos, los fallos judiciales, las decisiones administrativas. Columnistas nacionales y locales, y ciertos sectores pol\u00edticos y empresariales, son parte del bien amplificado coro.<\/p>\n<p style=\"font-weight: 400; text-align: justify;\">El \u00faltimo hito fue la cadena nacional del Presidente Jos\u00e9 Antonio Kast, en la que al desmenuzar su autodesignado proyecto de \u201creconstrucci\u00f3n nacional\u201d plante\u00f3 la figura de la \u201cinvariabilidad tributaria\u201d para las grandes empresas. En otros ciclos pol\u00edticos fueron las concesiones de derechos de aguas no consuntivos por d\u00e9cadas para hidroel\u00e9ctricas y en todo momento la cr\u00edtica a dict\u00e1menes de los tribunales ambientales revirtiendo decisiones de organismos p\u00fablicos sobre proyectos de inversi\u00f3n. Kast tambi\u00e9n agreg\u00f3 el reembolso a inversionistas por Resoluci\u00f3n de Calificaci\u00f3n Ambiental revocadas.<\/p>\n<p style=\"font-weight: 400; text-align: justify;\">El subtexto es que la administraci\u00f3n del Estado no podr\u00eda hacer supervigilancia ex post de sus propios actos. Y peor a\u00fan, que la justicia, en su rol de revisi\u00f3n de los procedimientos administrativos, debiera estar pintada.<\/p>\n<p style=\"font-weight: 400; text-align: justify;\">Es dif\u00edcil no estar de acuerdo con la exigencia de reglas claras. Es m\u00e1s, la figura es puntal del derecho en todas sus formas. Por ejemplo, el principio <em>non bis in \u00eddem<\/em> apunta a que nadie puede volver a ser juzgado por un mismo hecho. Es lo que se conoce como seguridad jur\u00eddica.<\/p>\n<p style=\"font-weight: 400; text-align: justify;\">Pero el tema de fondo no es que se respete el principio de la necesaria certeza. Es el uso que se hace, fundamentalmente, en pro de cierta visi\u00f3n e intereses particulares: lo econ\u00f3mico.<\/p>\n<p style=\"font-weight: 400; text-align: justify;\">En 2004 las aguas del embalse Ralco\u00a0<a href=\"https:\/\/distintaslatitudes.net\/archivo\/el-cementerio-inundado-un-ejemplo-mas-del-conflicto-mapuche\" data-saferedirecturl=\"https:\/\/www.google.com\/url?q=https:\/\/distintaslatitudes.net\/archivo\/el-cementerio-inundado-un-ejemplo-mas-del-conflicto-mapuche&amp;source=gmail&amp;ust=1776978724897000&amp;usg=AOvVaw0fpd6vFs_lNJ4NTkSVUnC-\">inundaron un cementerio<\/a> ind\u00edgena en el Alto B\u00edo B\u00edo. Bajo los 60 metros de agua quedaron unos 700 cuerpos de antepasados de decenas de familias pehuenches, que por siglos hab\u00edan vivido en el lugar. Ante el hecho, la empresa fue multada con m\u00edseros $ 15 millones de la \u00e9poca. \u00bfD\u00f3nde qued\u00f3 la certeza de convivir en armon\u00eda espiritual y afectiva entre quienes habitaron el territorio desde antes que llegaran Endesa y el Estado chileno?<\/p>\n<p style=\"font-weight: 400; text-align: justify;\">Por d\u00e9cadas, la bah\u00eda de Quintero y Puchuncav\u00ed alberg\u00f3 diversas actividades sociales y productivas locales. Las familias se hab\u00edan dedicado hist\u00f3ricamente a la agricultura, la pesca artesanal y el turismo, \u201c<em>modos de vida que se fueron apagando ante el avance implacable de la actividad industrial intensiva<\/em>\u201d\u00a0<a href=\"https:\/\/aida-americas.org\/es\/blog\/cuando-la-transicion-energetica-no-es-justa-el-caso-de-quintero-y-puchuncavi-en-chile\" data-saferedirecturl=\"https:\/\/www.google.com\/url?q=https:\/\/aida-americas.org\/es\/blog\/cuando-la-transicion-energetica-no-es-justa-el-caso-de-quintero-y-puchuncavi-en-chile&amp;source=gmail&amp;ust=1776978724897000&amp;usg=AOvVaw3JF2XgXg70XnE_EIJfYFaS\">rese\u00f1a una cr\u00f3nica<\/a> de hace un par de a\u00f1os. Efectivamente, por decisiones del Estado y el sector privado, en la d\u00e9cada de los 60 comenz\u00f3 a conformarse un sistema socioproductivo que hoy es s\u00edmbolo de las infames \u201c<em>zona de sacrificio<\/em>\u201d: c\u00e1ncer generalizado, episodios de intoxicaci\u00f3n masiva, metales pesados en el agua, aire y suelo, y un estigma que ha trascendido las fronteras del pa\u00eds. \u00bfD\u00f3nde qued\u00f3 la certeza jur\u00eddica de las familias que, viviendo hist\u00f3ricamente en la zona, sufrieron sus perjuicios del proceso econ\u00f3mico digitado por otros?<\/p>\n<p style=\"font-weight: 400; text-align: justify;\">Desde antes de la colonia exist\u00edan m\u00faltiples poblaciones canoeras que navegaban tanto desde Chilo\u00e9 al sur, viviendo de los productos que el mar les prodigaba, al principio con fines de subsistencia que luego derivando a los de comercializaci\u00f3n. En torno a ello se gener\u00f3 toda una historia, cultura, tradici\u00f3n y forma de poblamiento del litoral. Sin embargo, desde fines de los 70 la vida se fue modificando a partir de diversas actividades industriales, particularmente la salmonicultura que ha ocupado lugares estrat\u00e9gicos de la costa y el mar, afectando aquellas actividades ancestrales. Esto, adem\u00e1s de la contaminaci\u00f3n que producen sus operaciones (y mortandades), junto a los efectos de los recurrentes y masivos escapes de salmones, voraz especie ex\u00f3tica que arrasa con la biodiversidad aut\u00f3ctona. Por ejemplo, ya en 2017 un subsecretario de Pesca se\u00f1alaba que los \u201c<em>caladeros est\u00e1n restringiendo<\/em>\u201d la relocalizaci\u00f3n de \u201c<em>centros de cultivo de salm\u00f3nidos<\/em>\u201d. \u00bfD\u00f3nde qued\u00f3 la certeza jur\u00eddica para quienes estuvieron antes que las grandes industrias de capitales externos al territorio, que han sido desplazados y expulsados porque su visi\u00f3n del desarrollo no encaja con el extractivismo a gran escala?<\/p>\n<p style=\"font-weight: 400; text-align: justify;\">S\u00ed, es positiva la certeza jur\u00eddica. Pero no s\u00f3lo de quienes invierten. Tambi\u00e9n es fundamental la de quienes han vivido por d\u00e9cadas e incluso siglos, en el caso de ciertos pueblos.<\/p>\n<p style=\"font-weight: 400; text-align: justify;\">Entonces, el problema no es la certeza jur\u00eddica.\u00a0 Es que algunos consideren que s\u00f3lo ellos tienen derecho a ella.<\/p>\n<p style=\"font-weight: 400; text-align: justify;\"><em>Columna: Patricio Segura Ortiz, periodista.<\/em><\/p>\n<\/div><\/section><\/div><div  style='height:50px' class='hr hr-invisible   avia-builder-el-6  el_after_av_one_full  el_before_av_social_share '><span class='hr-inner ' ><span class='hr-inner-style'><\/span><\/span><\/div><\/p>\n<div  class='av-social-sharing-box  avia-builder-el-7  el_after_av_hr  el_before_av_hr  '><div class='av-share-box'><h5 class='av-share-link-description av-no-toc '>Compartir esta noticia<\/h5><ul class='av-share-box-list noLightbox'><li class='av-share-link av-social-link-facebook' ><a target=\"_blank\" aria-label=\"Compartir en Facebook\" href='https:\/\/www.facebook.com\/sharer.php?u=https:\/\/radiorevelacionfm.cl\/?p=66423&#038;t=El%20sesgo%20detr%C3%A1s%20de%20la%20exigencia%20empresarial%20por%20mayor%20certeza%20jur%C3%ADdica' aria-hidden='false' data-av_icon='\ue8f3' data-av_iconfont='entypo-fontello' title='' data-avia-related-tooltip='Compartir en Facebook' rel=\"noopener\"><span class='avia_hidden_link_text'>Compartir en Facebook<\/span><\/a><\/li><li class='av-share-link av-social-link-twitter' ><a target=\"_blank\" aria-label=\"Compartir en Twitter\" href='https:\/\/twitter.com\/share?text=El%20sesgo%20detr%C3%A1s%20de%20la%20exigencia%20empresarial%20por%20mayor%20certeza%20jur%C3%ADdica&#038;url=https:\/\/radiorevelacionfm.cl\/?p=66423' aria-hidden='false' data-av_icon='\ue8f1' data-av_iconfont='entypo-fontello' title='' data-avia-related-tooltip='Compartir en Twitter' rel=\"noopener\"><span class='avia_hidden_link_text'>Compartir en Twitter<\/span><\/a><\/li><li class='av-share-link av-social-link-whatsapp' ><a target=\"_blank\" aria-label=\"Compartir en Whatsapp\" href='https:\/\/api.whatsapp.com\/send?text=https:\/\/radiorevelacionfm.cl\/?p=66423' aria-hidden='false' data-av_icon='\uf232' data-av_iconfont='entypo-fontello' title='' data-avia-related-tooltip='Compartir en Whatsapp' rel=\"noopener\"><span class='avia_hidden_link_text'>Compartir en Whatsapp<\/span><\/a><\/li><li class='av-share-link av-social-link-linkedin' ><a target=\"_blank\" aria-label=\"Compartir en LinkedIn\" href='https:\/\/linkedin.com\/shareArticle?mini=true&#038;title=El%20sesgo%20detr%C3%A1s%20de%20la%20exigencia%20empresarial%20por%20mayor%20certeza%20jur%C3%ADdica&#038;url=https:\/\/radiorevelacionfm.cl\/?p=66423' aria-hidden='false' data-av_icon='\ue8fc' data-av_iconfont='entypo-fontello' title='' data-avia-related-tooltip='Compartir en LinkedIn' rel=\"noopener\"><span class='avia_hidden_link_text'>Compartir en LinkedIn<\/span><\/a><\/li><li class='av-share-link av-social-link-mail' ><a  aria-label=\"Compartir por correo\" href='mailto:?subject=El%20sesgo%20detr%C3%A1s%20de%20la%20exigencia%20empresarial%20por%20mayor%20certeza%20jur%C3%ADdica&#038;body=https:\/\/radiorevelacionfm.cl\/?p=66423' aria-hidden='false' data-av_icon='\ue805' data-av_iconfont='entypo-fontello' title='' data-avia-related-tooltip='Compartir por correo'><span class='avia_hidden_link_text'>Compartir por correo<\/span><\/a><\/li><\/ul><\/div><\/div>\n<div  style='height:50px' class='hr hr-invisible   avia-builder-el-8  el_after_av_social_share  el_before_av_comments_list '><span class='hr-inner ' ><span class='hr-inner-style'><\/span><\/span><\/div>\n<div  class='av-buildercomment  av-blog-meta-html-info-disabled av-blog-meta-tag-disabled  '><\/div>\n","protected":false},"excerpt":{"rendered":"","protected":false},"author":1,"featured_media":66424,"comment_status":"closed","ping_status":"closed","sticky":false,"template":"","format":"standard","meta":{"footnotes":""},"categories":[50],"tags":[],"class_list":["post-66423","post","type-post","status-publish","format-standard","has-post-thumbnail","hentry","category-cartas-y-opinion"],"jetpack_featured_media_url":"https:\/\/radiorevelacionfm.cl\/wp-content\/uploads\/2026\/04\/diapositiva1-1_optimized-1.jpeg","_links":{"self":[{"href":"https:\/\/radiorevelacionfm.cl\/index.php?rest_route=\/wp\/v2\/posts\/66423","targetHints":{"allow":["GET"]}}],"collection":[{"href":"https:\/\/radiorevelacionfm.cl\/index.php?rest_route=\/wp\/v2\/posts"}],"about":[{"href":"https:\/\/radiorevelacionfm.cl\/index.php?rest_route=\/wp\/v2\/types\/post"}],"author":[{"embeddable":true,"href":"https:\/\/radiorevelacionfm.cl\/index.php?rest_route=\/wp\/v2\/users\/1"}],"replies":[{"embeddable":true,"href":"https:\/\/radiorevelacionfm.cl\/index.php?rest_route=%2Fwp%2Fv2%2Fcomments&post=66423"}],"version-history":[{"count":2,"href":"https:\/\/radiorevelacionfm.cl\/index.php?rest_route=\/wp\/v2\/posts\/66423\/revisions"}],"predecessor-version":[{"id":66581,"href":"https:\/\/radiorevelacionfm.cl\/index.php?rest_route=\/wp\/v2\/posts\/66423\/revisions\/66581"}],"wp:featuredmedia":[{"embeddable":true,"href":"https:\/\/radiorevelacionfm.cl\/index.php?rest_route=\/wp\/v2\/media\/66424"}],"wp:attachment":[{"href":"https:\/\/radiorevelacionfm.cl\/index.php?rest_route=%2Fwp%2Fv2%2Fmedia&parent=66423"}],"wp:term":[{"taxonomy":"category","embeddable":true,"href":"https:\/\/radiorevelacionfm.cl\/index.php?rest_route=%2Fwp%2Fv2%2Fcategories&post=66423"},{"taxonomy":"post_tag","embeddable":true,"href":"https:\/\/radiorevelacionfm.cl\/index.php?rest_route=%2Fwp%2Fv2%2Ftags&post=66423"}],"curies":[{"name":"wp","href":"https:\/\/api.w.org\/{rel}","templated":true}]}}