{"id":66416,"date":"2026-04-22T20:57:12","date_gmt":"2026-04-22T23:57:12","guid":{"rendered":"https:\/\/radiorevelacionfm.cl\/?p=66416"},"modified":"2026-04-22T20:57:12","modified_gmt":"2026-04-22T23:57:12","slug":"carabineros-y-universidad-austral-impulsan-capacitacion-para-la-excelencia-policial-en-la-region-de-aysen","status":"publish","type":"post","link":"https:\/\/radiorevelacionfm.cl\/?p=66416","title":{"rendered":"Carabineros y Universidad Austral impulsan \u00abCapacitaci\u00f3n para la Excelencia Policial\u00bb en la Regi\u00f3n de Ays\u00e9n"},"content":{"rendered":"<div class=\"flex_column av_one_full  flex_column_div av-zero-column-padding first  avia-builder-el-0  el_before_av_one_full  avia-builder-el-first  \" style='border-radius:0px; '><div  class='avia-image-container  av-styling-    avia-builder-el-1  avia-builder-el-no-sibling  avia-align-center '  itemprop=\"image\" itemscope=\"itemscope\" itemtype=\"https:\/\/schema.org\/ImageObject\"  ><div class='avia-image-container-inner'><div class='avia-image-overlay-wrap'><img decoding=\"async\" class='wp-image-66417 avia-img-lazy-loading-not-66417 avia_image' src=\"https:\/\/radiorevelacionfm.cl\/wp-content\/uploads\/2026\/04\/841f7cab-3e16-4d3b-86fa-8cc8c2216a65-1-1.jpg\" alt='' title='841f7cab-3e16-4d3b-86fa-8cc8c2216a65 (1) (1)' height=\"640\" width=\"801\"  itemprop=\"thumbnailUrl\" srcset=\"https:\/\/radiorevelacionfm.cl\/wp-content\/uploads\/2026\/04\/841f7cab-3e16-4d3b-86fa-8cc8c2216a65-1-1.jpg 801w, https:\/\/radiorevelacionfm.cl\/wp-content\/uploads\/2026\/04\/841f7cab-3e16-4d3b-86fa-8cc8c2216a65-1-1-300x240.jpg 300w, https:\/\/radiorevelacionfm.cl\/wp-content\/uploads\/2026\/04\/841f7cab-3e16-4d3b-86fa-8cc8c2216a65-1-1-768x614.jpg 768w, https:\/\/radiorevelacionfm.cl\/wp-content\/uploads\/2026\/04\/841f7cab-3e16-4d3b-86fa-8cc8c2216a65-1-1-705x563.jpg 705w, https:\/\/radiorevelacionfm.cl\/wp-content\/uploads\/2026\/04\/841f7cab-3e16-4d3b-86fa-8cc8c2216a65-1-1-450x360.jpg 450w, https:\/\/radiorevelacionfm.cl\/wp-content\/uploads\/2026\/04\/841f7cab-3e16-4d3b-86fa-8cc8c2216a65-1-1-600x479.jpg 600w\" sizes=\"(max-width: 801px) 100vw, 801px\" \/><\/div><\/div><\/div><\/div><div class=\"flex_column av_one_full  flex_column_div av-zero-column-padding first  avia-builder-el-2  el_after_av_one_full  el_before_av_one_full  column-top-margin\" style='border-radius:0px; '><section class=\"av_textblock_section \"  itemscope=\"itemscope\" itemtype=\"https:\/\/schema.org\/BlogPosting\" itemprop=\"blogPost\" ><div class='avia_textblock  '   itemprop=\"text\" ><p style=\"text-align: center;\"><strong><span style=\"font-size: 18pt;\">Carabineros y Universidad Austral impulsan \u00abCapacitaci\u00f3n para la Excelencia Policial\u00bb en la Regi\u00f3n de Ays\u00e9n<\/span><\/strong><\/p>\n<div id=\"gtx-trans\" style=\"position: absolute; left: -50px; top: 4.31534px;\">\n<div class=\"gtx-trans-icon\"><\/div>\n<\/div>\n<\/div><\/section><\/div><div class=\"flex_column av_one_full  flex_column_div av-zero-column-padding first  avia-builder-el-4  el_after_av_one_full  el_before_av_hr  column-top-margin\" style='border-radius:0px; '><section class=\"av_textblock_section \"  itemscope=\"itemscope\" itemtype=\"https:\/\/schema.org\/BlogPosting\" itemprop=\"blogPost\" ><div class='avia_textblock  '   itemprop=\"text\" ><ul>\n<li dir=\"ltr\">\n<p dir=\"ltr\" style=\"text-align: justify;\" role=\"presentation\"><em>La instancia cont\u00f3 con la participaci\u00f3n de expositores de \u00e9lite, incluyendo a la oficina de la DEA en Chile, el Ministerio P\u00fablico y la Contralor\u00eda Regional, enfoc\u00e1ndose en la probidad y el fortalecimiento del recurso humano.<\/em><\/p>\n<\/li>\n<\/ul>\n<p dir=\"ltr\" style=\"text-align: justify;\">En un esfuerzo conjunto por fortalecer las competencias t\u00e9cnicas y humanas de la polic\u00eda, la Zona de Carabineros Ays\u00e9n dio inicio a una estrat\u00e9gica alianza acad\u00e9mica con el Campus Patagonia de la Universidad Austral de Chile.<\/p>\n<p dir=\"ltr\" style=\"text-align: justify;\">Lo anterior se tradujo en la realizaci\u00f3n del seminario \u201cCapacitaci\u00f3n para la Excelencia Policial\u201d que reuni\u00f3 a personal de Carabineros y de la Polic\u00eda de Investigaciones (PDI).<\/p>\n<p dir=\"ltr\" style=\"text-align: justify;\">El seminario se centr\u00f3 especialmente en el personal con pocos a\u00f1os de servicio y en aquellos carabineros reci\u00e9n egresados que se integraron recientemente a las filas y conforman la dotaci\u00f3n en la regi\u00f3n, cumpliendo con las pol\u00edticas de capacitaci\u00f3n permanente y retroalimentaci\u00f3n de conocimientos impulsadas por la Direcci\u00f3n General de la instituci\u00f3n.<\/p>\n<p dir=\"ltr\" style=\"text-align: justify;\"><strong>Convocatoria de alto nivel<\/strong><\/p>\n<p dir=\"ltr\" style=\"text-align: justify;\">La actividad destac\u00f3 por el nivel de sus expositores, siendo abordado temas que van desde la operatividad delictual hasta la \u00e9tica administrativa.<\/p>\n<p dir=\"ltr\" style=\"text-align: justify;\">Entre las exposiciones principales figur\u00f3 la intervenci\u00f3n del jefe de la oficina de la DEA en Chile Branden Bindrup, quien analiz\u00f3 las nuevas rutas del crimen organizado en el Cono Sur de Am\u00e9rica Latina. Asimismo, el Contralor Regional de Ays\u00e9n, Ricardo Hevia Kaluf, dict\u00f3 una c\u00e1tedra sobre probidad y responsabilidad funcionaria.<\/p>\n<p dir=\"ltr\" style=\"text-align: justify;\">Por su parte el Fiscal Luis Gonz\u00e1lez Aracena, Fiscal Jefe de la Unidad de An\u00e1lisis Criminal y Focos Investigativos (SACFI) abord\u00f3 la importancia del procedimiento policial de excelencia, en tanto que el abogado defensor Cristian Cajas Silva expuso sobre garant\u00edas procesales y control de legalidad.<\/p>\n<p dir=\"ltr\" style=\"text-align: justify;\">Asimismo, el acad\u00e9mico Jos\u00e9 Miguel Rodriguez Leighton abord\u00f3 la seguridad y el aprendizaje a trav\u00e9s de la ponencia \u201cSeguridad: entre disciplina, riesgo, privatizaci\u00f3n e inmunidad\u201d.<\/p>\n<p dir=\"ltr\" style=\"text-align: justify;\">Por su parte el Jefe de Zona de Carabineros Ays\u00e9n, General Eduardo Palma Fuentes, valor\u00f3 la apertura de la casa de estudios superiores y la calidad del programa.<\/p>\n<p dir=\"ltr\" style=\"text-align: justify;\">\u00abTuvimos una convocatoria con varios expositores realmente de \u00e9lite. Contamos con la participaci\u00f3n del Ministerio P\u00fablico y la Defensor\u00eda Penal P\u00fablica para que nos den a conocer nuestras falencias y d\u00f3nde tenemos que mejorar. Tambi\u00e9n hubo una charla muy potente del Contralor Regional sobre probidad, y una clase magistral con una mirada filos\u00f3fica sobre la seguridad y la disciplina\u00bb, indic\u00f3.<\/p>\n<p dir=\"ltr\" style=\"text-align: justify;\"><strong>Factor humano y salud mental<\/strong><\/p>\n<p dir=\"ltr\" style=\"text-align: justify;\">Uno de los pilares del cierre de la jornada fue la importancia del bienestar emocional y la actitud del funcionario frente a la comunidad, siendo abordada la salud mental como un elemento cr\u00edtico para ofrecer un servicio proactivo y resolutivo, especialmente en situaciones de alta carga emocional como accidentes de tr\u00e1nsito o atenci\u00f3n de p\u00fablico.<\/p>\n<p dir=\"ltr\" style=\"text-align: justify;\">\u00abEs vital tener un recurso humano \u00f3ptimo y eficiente. La actitud es la que multiplica el deber ser; cuando se pierde esa esencia de la alegr\u00eda y la felicidad, &#8216;nos vamos a negro&#8217;. A uno no lo recuerdan s\u00f3lo por los conocimientos t\u00e9cnicos, sino por la forma de ser y la actitud al atender a una persona\u00bb, enfatiz\u00f3 el General Palma durante su exposici\u00f3n de cierre.<\/p>\n<p dir=\"ltr\" style=\"text-align: justify;\"><strong>Coordinaci\u00f3n contra la criminalidad<\/strong><\/p>\n<p dir=\"ltr\" style=\"text-align: justify;\">Desde la perspectiva judicial, el Fiscal Luis Gonz\u00e1lez Aracena, Fiscal Jefe de la Unidad de An\u00e1lisis Criminal y Focos Investigativos (SACFI), destac\u00f3 la necesidad de mantener estos procesos de actualizaci\u00f3n ante los desaf\u00edos de la criminalidad del mundo actual.<\/p>\n<p dir=\"ltr\" style=\"text-align: justify;\">\u201cUn orgullo ver como las polic\u00edas se capacitan en definitiva y avanzan en la b\u00fasqueda de la excelencia y obviamente como Ministerio P\u00fablico estamos siempre dispuestos y llanos para participar de este tipo de actividades junto con la academia y junto con la forma de revisar todos los procesos, los procedimientos, las normas, la relaci\u00f3n entre las distintas agencias para buscar un trabajo de excelencia\u201d, indic\u00f3.<\/p>\n<p dir=\"ltr\" style=\"text-align: justify;\">El persecutor a\u00f1adi\u00f3 que \u201cel trabajo investigativo es sumamente t\u00e9cnico y especializado, por lo tanto siempre hay que estar revisando los mismos procesos, los mismos procedimientos con el personal que va llegando y el personal que est\u00e1 trabajando actualmente, es una necesidad b\u00fasqueda permanente de la excelencia\u201d.<\/p>\n<p dir=\"ltr\" style=\"text-align: justify;\">\u00abEl trabajo en crimen organizado y alta complejidad requiere un manejo especializado de evidencia digital y capacitaci\u00f3n de todos los equipos profesionales que tengan que ver con el manejo de dichas evidencias y normas y de los procedimientos que la regulan. Por lo tanto, siempre es un desaf\u00edo estar a la par de las exigencias actuales de la criminalidad\u201d, se\u00f1al\u00f3 el Fiscal Gonz\u00e1lez.<\/p>\n<p dir=\"ltr\" style=\"text-align: justify;\">La jornada concluy\u00f3 con la certificaci\u00f3n de funcionarios de Carabineros y la PDI por parte de el Mando Zonal y la Prefectura en conjunto con la Delegada Presidencial Regional de Ays\u00e9n, Luz Mar\u00eda Vicu\u00f1a; el Seremi de Seguridad P\u00fablica, Jean Paul Zimmermann; el Fiscal Luis Gonz\u00e1lez Aracena y el Rector de la Universidad Austral, Dr. V\u00edctor Cubillos Godoy.<\/p>\n<p dir=\"ltr\" style=\"text-align: justify;\"><strong>Proyecciones para el segundo semestre<\/strong><\/p>\n<p dir=\"ltr\" style=\"text-align: justify;\">Tras el \u00e9xito de esta primera convocatoria, el General Palma se\u00f1al\u00f3 que el v\u00ednculo con la Universidad Austral continuar\u00e1 vigente, toda vez que se proyecta para el segundo semestre, una segunda etapa, la cual integrar\u00e1 a nuevos actores y materias para mantener la retroalimentaci\u00f3n constante del personal policial en la zona austral del pa\u00eds.<\/p>\n<div class=\"yj6qo\"><\/div>\n<div class=\"adL\"><\/div>\n<\/div><\/section><\/div><div  style='height:50px' class='hr hr-invisible   avia-builder-el-6  el_after_av_one_full  el_before_av_social_share '><span class='hr-inner ' ><span class='hr-inner-style'><\/span><\/span><\/div><\/p>\n<div  class='av-social-sharing-box  avia-builder-el-7  el_after_av_hr  el_before_av_hr  '><div class='av-share-box'><h5 class='av-share-link-description av-no-toc '>Compartir esta noticia<\/h5><ul class='av-share-box-list noLightbox'><li class='av-share-link av-social-link-facebook' ><a target=\"_blank\" aria-label=\"Compartir en Facebook\" href='https:\/\/www.facebook.com\/sharer.php?u=https:\/\/radiorevelacionfm.cl\/?p=66416&#038;t=Carabineros%20y%20Universidad%20Austral%20impulsan%20%C2%ABCapacitaci%C3%B3n%20para%20la%20Excelencia%20Policial%C2%BB%20en%20la%20Regi%C3%B3n%20de%20Ays%C3%A9n' aria-hidden='false' data-av_icon='\ue8f3' data-av_iconfont='entypo-fontello' title='' data-avia-related-tooltip='Compartir en Facebook' rel=\"noopener\"><span class='avia_hidden_link_text'>Compartir en Facebook<\/span><\/a><\/li><li class='av-share-link av-social-link-twitter' ><a target=\"_blank\" aria-label=\"Compartir en Twitter\" href='https:\/\/twitter.com\/share?text=Carabineros%20y%20Universidad%20Austral%20impulsan%20%C2%ABCapacitaci%C3%B3n%20para%20la%20Excelencia%20Policial%C2%BB%20en%20la%20Regi%C3%B3n%20de%20Ays%C3%A9n&#038;url=https:\/\/radiorevelacionfm.cl\/?p=66416' aria-hidden='false' data-av_icon='\ue8f1' data-av_iconfont='entypo-fontello' title='' data-avia-related-tooltip='Compartir en Twitter' rel=\"noopener\"><span class='avia_hidden_link_text'>Compartir en Twitter<\/span><\/a><\/li><li class='av-share-link av-social-link-whatsapp' ><a target=\"_blank\" aria-label=\"Compartir en Whatsapp\" href='https:\/\/api.whatsapp.com\/send?text=https:\/\/radiorevelacionfm.cl\/?p=66416' aria-hidden='false' data-av_icon='\uf232' data-av_iconfont='entypo-fontello' title='' data-avia-related-tooltip='Compartir en Whatsapp' rel=\"noopener\"><span class='avia_hidden_link_text'>Compartir en Whatsapp<\/span><\/a><\/li><li class='av-share-link av-social-link-linkedin' ><a target=\"_blank\" aria-label=\"Compartir en LinkedIn\" href='https:\/\/linkedin.com\/shareArticle?mini=true&#038;title=Carabineros%20y%20Universidad%20Austral%20impulsan%20%C2%ABCapacitaci%C3%B3n%20para%20la%20Excelencia%20Policial%C2%BB%20en%20la%20Regi%C3%B3n%20de%20Ays%C3%A9n&#038;url=https:\/\/radiorevelacionfm.cl\/?p=66416' aria-hidden='false' data-av_icon='\ue8fc' data-av_iconfont='entypo-fontello' title='' data-avia-related-tooltip='Compartir en LinkedIn' rel=\"noopener\"><span class='avia_hidden_link_text'>Compartir en LinkedIn<\/span><\/a><\/li><li class='av-share-link av-social-link-mail' ><a  aria-label=\"Compartir por correo\" href='mailto:?subject=Carabineros%20y%20Universidad%20Austral%20impulsan%20%C2%ABCapacitaci%C3%B3n%20para%20la%20Excelencia%20Policial%C2%BB%20en%20la%20Regi%C3%B3n%20de%20Ays%C3%A9n&#038;body=https:\/\/radiorevelacionfm.cl\/?p=66416' aria-hidden='false' data-av_icon='\ue805' data-av_iconfont='entypo-fontello' title='' data-avia-related-tooltip='Compartir por correo'><span class='avia_hidden_link_text'>Compartir por correo<\/span><\/a><\/li><\/ul><\/div><\/div>\n<div  style='height:50px' class='hr hr-invisible   avia-builder-el-8  el_after_av_social_share  el_before_av_comments_list '><span class='hr-inner ' ><span class='hr-inner-style'><\/span><\/span><\/div>\n<div  class='av-buildercomment  av-blog-meta-html-info-disabled av-blog-meta-tag-disabled  '><\/div>\n","protected":false},"excerpt":{"rendered":"","protected":false},"author":1,"featured_media":66417,"comment_status":"closed","ping_status":"closed","sticky":false,"template":"","format":"standard","meta":{"footnotes":""},"categories":[36],"tags":[],"class_list":["post-66416","post","type-post","status-publish","format-standard","has-post-thumbnail","hentry","category-policial"],"jetpack_featured_media_url":"https:\/\/radiorevelacionfm.cl\/wp-content\/uploads\/2026\/04\/841f7cab-3e16-4d3b-86fa-8cc8c2216a65-1-1.jpg","_links":{"self":[{"href":"https:\/\/radiorevelacionfm.cl\/index.php?rest_route=\/wp\/v2\/posts\/66416","targetHints":{"allow":["GET"]}}],"collection":[{"href":"https:\/\/radiorevelacionfm.cl\/index.php?rest_route=\/wp\/v2\/posts"}],"about":[{"href":"https:\/\/radiorevelacionfm.cl\/index.php?rest_route=\/wp\/v2\/types\/post"}],"author":[{"embeddable":true,"href":"https:\/\/radiorevelacionfm.cl\/index.php?rest_route=\/wp\/v2\/users\/1"}],"replies":[{"embeddable":true,"href":"https:\/\/radiorevelacionfm.cl\/index.php?rest_route=%2Fwp%2Fv2%2Fcomments&post=66416"}],"version-history":[{"count":2,"href":"https:\/\/radiorevelacionfm.cl\/index.php?rest_route=\/wp\/v2\/posts\/66416\/revisions"}],"predecessor-version":[{"id":66450,"href":"https:\/\/radiorevelacionfm.cl\/index.php?rest_route=\/wp\/v2\/posts\/66416\/revisions\/66450"}],"wp:featuredmedia":[{"embeddable":true,"href":"https:\/\/radiorevelacionfm.cl\/index.php?rest_route=\/wp\/v2\/media\/66417"}],"wp:attachment":[{"href":"https:\/\/radiorevelacionfm.cl\/index.php?rest_route=%2Fwp%2Fv2%2Fmedia&parent=66416"}],"wp:term":[{"taxonomy":"category","embeddable":true,"href":"https:\/\/radiorevelacionfm.cl\/index.php?rest_route=%2Fwp%2Fv2%2Fcategories&post=66416"},{"taxonomy":"post_tag","embeddable":true,"href":"https:\/\/radiorevelacionfm.cl\/index.php?rest_route=%2Fwp%2Fv2%2Ftags&post=66416"}],"curies":[{"name":"wp","href":"https:\/\/api.w.org\/{rel}","templated":true}]}}