{"id":66408,"date":"2026-04-22T20:28:30","date_gmt":"2026-04-22T23:28:30","guid":{"rendered":"https:\/\/radiorevelacionfm.cl\/?p=66408"},"modified":"2026-04-22T20:28:30","modified_gmt":"2026-04-22T23:28:30","slug":"inicia-nuevo-proceso-de-admision-2026-para-gendarmes-alumnos","status":"publish","type":"post","link":"https:\/\/radiorevelacionfm.cl\/?p=66408","title":{"rendered":"Inicia nuevo proceso de admisi\u00f3n 2026 para Gendarmes Alumnos"},"content":{"rendered":"<div class=\"flex_column av_one_full  flex_column_div av-zero-column-padding first  avia-builder-el-0  el_before_av_one_full  avia-builder-el-first  \" style='border-radius:0px; '><div  class='avia-image-container  av-styling-    avia-builder-el-1  avia-builder-el-no-sibling  avia-align-center '  itemprop=\"image\" itemscope=\"itemscope\" itemtype=\"https:\/\/schema.org\/ImageObject\"  ><div class='avia-image-container-inner'><div class='avia-image-overlay-wrap'><img decoding=\"async\" class='wp-image-66409 avia-img-lazy-loading-not-66409 avia_image' src=\"https:\/\/radiorevelacionfm.cl\/wp-content\/uploads\/2026\/04\/img-20260420-wa0039-1_optimized-1.jpg\" alt='' title='img-20260420-wa0039-(1)_optimized (1)' height=\"600\" width=\"900\"  itemprop=\"thumbnailUrl\" srcset=\"https:\/\/radiorevelacionfm.cl\/wp-content\/uploads\/2026\/04\/img-20260420-wa0039-1_optimized-1.jpg 900w, https:\/\/radiorevelacionfm.cl\/wp-content\/uploads\/2026\/04\/img-20260420-wa0039-1_optimized-1-300x200.jpg 300w, https:\/\/radiorevelacionfm.cl\/wp-content\/uploads\/2026\/04\/img-20260420-wa0039-1_optimized-1-768x512.jpg 768w, https:\/\/radiorevelacionfm.cl\/wp-content\/uploads\/2026\/04\/img-20260420-wa0039-1_optimized-1-705x470.jpg 705w, https:\/\/radiorevelacionfm.cl\/wp-content\/uploads\/2026\/04\/img-20260420-wa0039-1_optimized-1-450x300.jpg 450w, https:\/\/radiorevelacionfm.cl\/wp-content\/uploads\/2026\/04\/img-20260420-wa0039-1_optimized-1-600x400.jpg 600w\" sizes=\"(max-width: 900px) 100vw, 900px\" \/><\/div><\/div><\/div><\/div>\n<div class=\"flex_column av_one_full  flex_column_div av-zero-column-padding first  avia-builder-el-2  el_after_av_one_full  el_before_av_one_full  column-top-margin\" style='border-radius:0px; '><section class=\"av_textblock_section \"  itemscope=\"itemscope\" itemtype=\"https:\/\/schema.org\/BlogPosting\" itemprop=\"blogPost\" ><div class='avia_textblock  '   itemprop=\"text\" ><p style=\"text-align: center;\"><strong><span style=\"font-size: 18pt;\">Inicia nuevo proceso de admisi\u00f3n 2026 para Gendarmes Alumnos<\/span><\/strong><\/p>\n<div id=\"gtx-trans\" style=\"position: absolute; left: -50px; top: 4.31534px;\">\n<div class=\"gtx-trans-icon\"><\/div>\n<\/div>\n<\/div><\/section><\/div><div class=\"flex_column av_one_full  flex_column_div av-zero-column-padding first  avia-builder-el-4  el_after_av_one_full  el_before_av_hr  column-top-margin\" style='border-radius:0px; '><section class=\"av_textblock_section \"  itemscope=\"itemscope\" itemtype=\"https:\/\/schema.org\/BlogPosting\" itemprop=\"blogPost\" ><div class='avia_textblock  '   itemprop=\"text\" ><p style=\"text-align: justify;\"><strong><em>La Escuela de Formaci\u00f3n Penitenciaria llevar\u00e1 a cabo este proceso a partir del martes 21 de abril y se extender\u00e1 hasta el martes 5 de mayo.<\/em><\/strong><\/p>\n<p style=\"text-align: justify;\">El Plantel Formador hace un llamado a los j\u00f3venes varones, entre 18 y 25 a\u00f1os, que est\u00e9n interesados en formar parte de la nueva promoci\u00f3n de estudiantes becarios de la Escuela de Gendarmer\u00eda de Chile. La etapa de postulaci\u00f3n es la primera fase de un proceso, el cual tambi\u00e9n incluye evaluaciones f\u00edsicas, psicol\u00f3gicas y entrevistas.<\/p>\n<p style=\"text-align: justify;\">Este martes 21 de abril se iniciar\u00e1 el nuevo proceso de admisi\u00f3n que se extender\u00e1 por un plazo de dos semanas y considera nuevas plazas para la promoci\u00f3n 2026 de Gendarmes Alumnos. Las inscripciones se realizar\u00e1n a trav\u00e9s de la Plataforma Cero Filas, con verificaci\u00f3n de identidad digital v\u00eda Clave \u00danica.<\/p>\n<p style=\"text-align: justify;\">Dentro de los requisitos de postulaci\u00f3n est\u00e1n: ser chileno, soltero, contar con situaci\u00f3n militar al d\u00eda (no implica haberlo realizado), tener antecedentes personales intachables y haber aprobado segundo a\u00f1o de ense\u00f1anza media. Cabe destacar que no existe una estatura m\u00ednima establecida como requisito para los candidatos, quienes no deben tener tatuajes en lugares visibles de su cuerpo y disponer de un estado de salud compatible con las exigencias del trabajo penitenciario.<\/p>\n<p style=\"text-align: justify;\">La Directora de Escuela, Coronel Carol Araneda Meza, dijo: \u201cSer parte de Gendarmer\u00eda de Chile no es solo una opci\u00f3n laboral, es una decisi\u00f3n de vida orientada a la seguridad y al compromiso con el pa\u00eds. Invitamos a los j\u00f3venes a asumir este desaf\u00edo con convicci\u00f3n. Hoy m\u00e1s que nunca, el pa\u00eds necesita personas comprometidas, \u00edntegras y con vocaci\u00f3n de servicio\u201d.<\/p>\n<p style=\"text-align: justify;\">\u201cHoy, la Escuela de Gendarmer\u00eda de Chile abre sus puertas a j\u00f3venes que buscan un futuro con prop\u00f3sito y proyecci\u00f3n profesional, donde ingresar a esta Instituci\u00f3n significa acceder a una educaci\u00f3n integral de car\u00e1cter disciplinario, val\u00f3rico y t\u00e9cnico, orientada a enfrentar los desaf\u00edos de la seguridad penitenciaria moderna. Entre sus principales beneficios destacan la estabilidad laboral, oportunidades concretas de crecimiento, perfeccionamiento permanente y la posibilidad de desarrollar una trayectoria s\u00f3lida, junto con el fortalecimiento de habilidades como liderazgo, responsabilidad, empat\u00eda y trabajo en equipo\u201d, explic\u00f3 la directora.<\/p>\n<p style=\"text-align: justify;\">En la primera etapa, el postulante deber\u00e1 remitir la documentaci\u00f3n solicitada, entre ellas: los certificados de nacimiento, antecedentes personales, estado de solter\u00eda, situaci\u00f3n militar al d\u00eda y concentraci\u00f3n de notas. El proceso, para quienes cumplan con los requisitos de postulaci\u00f3n, continuar\u00e1 con las fases de evaluaci\u00f3n psicom\u00e9trica, entrevista m\u00e9dica, evaluaci\u00f3n f\u00edsica, y entrevista personal.<\/p>\n<p style=\"text-align: justify;\">El plazo de postulaci\u00f3n se extender\u00e1 hasta el martes 5 de mayo (17:00 horas) y el ingreso para los j\u00f3venes seleccionados est\u00e1 previsto para el segundo semestre del presente a\u00f1o.<\/p>\n<p style=\"text-align: justify;\">Para mayor informaci\u00f3n pueden visitar el sitio web <a href=\"http:\/\/www.escueladegendarmeria.gob.cl\/\">www.escueladegendarmeria.gob.cl<\/a>, o escribir al correo electr\u00f3nico <a href=\"mailto:admision.escuela@gendarmeria.cl\">admision.escuela@gendarmeria.cl<\/a>.<\/p>\n<\/div><\/section><\/div><\/p>\n<div  style='height:50px' class='hr hr-invisible   avia-builder-el-6  el_after_av_one_full  el_before_av_social_share '><span class='hr-inner ' ><span class='hr-inner-style'><\/span><\/span><\/div>\n<div  class='av-social-sharing-box  avia-builder-el-7  el_after_av_hr  el_before_av_hr  '><div class='av-share-box'><h5 class='av-share-link-description av-no-toc '>Compartir esta noticia<\/h5><ul class='av-share-box-list noLightbox'><li class='av-share-link av-social-link-facebook' ><a target=\"_blank\" aria-label=\"Compartir en Facebook\" href='https:\/\/www.facebook.com\/sharer.php?u=https:\/\/radiorevelacionfm.cl\/?p=66408&#038;t=Inicia%20nuevo%20proceso%20de%20admisi%C3%B3n%202026%20para%20Gendarmes%20Alumnos' aria-hidden='false' data-av_icon='\ue8f3' data-av_iconfont='entypo-fontello' title='' data-avia-related-tooltip='Compartir en Facebook' rel=\"noopener\"><span class='avia_hidden_link_text'>Compartir en Facebook<\/span><\/a><\/li><li class='av-share-link av-social-link-twitter' ><a target=\"_blank\" aria-label=\"Compartir en Twitter\" href='https:\/\/twitter.com\/share?text=Inicia%20nuevo%20proceso%20de%20admisi%C3%B3n%202026%20para%20Gendarmes%20Alumnos&#038;url=https:\/\/radiorevelacionfm.cl\/?p=66408' aria-hidden='false' data-av_icon='\ue8f1' data-av_iconfont='entypo-fontello' title='' data-avia-related-tooltip='Compartir en Twitter' rel=\"noopener\"><span class='avia_hidden_link_text'>Compartir en Twitter<\/span><\/a><\/li><li class='av-share-link av-social-link-whatsapp' ><a target=\"_blank\" aria-label=\"Compartir en Whatsapp\" href='https:\/\/api.whatsapp.com\/send?text=https:\/\/radiorevelacionfm.cl\/?p=66408' aria-hidden='false' data-av_icon='\uf232' data-av_iconfont='entypo-fontello' title='' data-avia-related-tooltip='Compartir en Whatsapp' rel=\"noopener\"><span class='avia_hidden_link_text'>Compartir en Whatsapp<\/span><\/a><\/li><li class='av-share-link av-social-link-linkedin' ><a target=\"_blank\" aria-label=\"Compartir en LinkedIn\" href='https:\/\/linkedin.com\/shareArticle?mini=true&#038;title=Inicia%20nuevo%20proceso%20de%20admisi%C3%B3n%202026%20para%20Gendarmes%20Alumnos&#038;url=https:\/\/radiorevelacionfm.cl\/?p=66408' aria-hidden='false' data-av_icon='\ue8fc' data-av_iconfont='entypo-fontello' title='' data-avia-related-tooltip='Compartir en LinkedIn' rel=\"noopener\"><span class='avia_hidden_link_text'>Compartir en LinkedIn<\/span><\/a><\/li><li class='av-share-link av-social-link-mail' ><a  aria-label=\"Compartir por correo\" href='mailto:?subject=Inicia%20nuevo%20proceso%20de%20admisi%C3%B3n%202026%20para%20Gendarmes%20Alumnos&#038;body=https:\/\/radiorevelacionfm.cl\/?p=66408' aria-hidden='false' data-av_icon='\ue805' data-av_iconfont='entypo-fontello' title='' data-avia-related-tooltip='Compartir por correo'><span class='avia_hidden_link_text'>Compartir por correo<\/span><\/a><\/li><\/ul><\/div><\/div>\n<div  style='height:50px' class='hr hr-invisible   avia-builder-el-8  el_after_av_social_share  el_before_av_comments_list '><span class='hr-inner ' ><span class='hr-inner-style'><\/span><\/span><\/div>\n<div  class='av-buildercomment  av-blog-meta-html-info-disabled av-blog-meta-tag-disabled  '><\/div>\n","protected":false},"excerpt":{"rendered":"","protected":false},"author":1,"featured_media":66409,"comment_status":"closed","ping_status":"closed","sticky":false,"template":"","format":"standard","meta":{"footnotes":""},"categories":[61],"tags":[],"class_list":["post-66408","post","type-post","status-publish","format-standard","has-post-thumbnail","hentry","category-nacional"],"jetpack_featured_media_url":"https:\/\/radiorevelacionfm.cl\/wp-content\/uploads\/2026\/04\/img-20260420-wa0039-1_optimized-1.jpg","_links":{"self":[{"href":"https:\/\/radiorevelacionfm.cl\/index.php?rest_route=\/wp\/v2\/posts\/66408","targetHints":{"allow":["GET"]}}],"collection":[{"href":"https:\/\/radiorevelacionfm.cl\/index.php?rest_route=\/wp\/v2\/posts"}],"about":[{"href":"https:\/\/radiorevelacionfm.cl\/index.php?rest_route=\/wp\/v2\/types\/post"}],"author":[{"embeddable":true,"href":"https:\/\/radiorevelacionfm.cl\/index.php?rest_route=\/wp\/v2\/users\/1"}],"replies":[{"embeddable":true,"href":"https:\/\/radiorevelacionfm.cl\/index.php?rest_route=%2Fwp%2Fv2%2Fcomments&post=66408"}],"version-history":[{"count":3,"href":"https:\/\/radiorevelacionfm.cl\/index.php?rest_route=\/wp\/v2\/posts\/66408\/revisions"}],"predecessor-version":[{"id":66447,"href":"https:\/\/radiorevelacionfm.cl\/index.php?rest_route=\/wp\/v2\/posts\/66408\/revisions\/66447"}],"wp:featuredmedia":[{"embeddable":true,"href":"https:\/\/radiorevelacionfm.cl\/index.php?rest_route=\/wp\/v2\/media\/66409"}],"wp:attachment":[{"href":"https:\/\/radiorevelacionfm.cl\/index.php?rest_route=%2Fwp%2Fv2%2Fmedia&parent=66408"}],"wp:term":[{"taxonomy":"category","embeddable":true,"href":"https:\/\/radiorevelacionfm.cl\/index.php?rest_route=%2Fwp%2Fv2%2Fcategories&post=66408"},{"taxonomy":"post_tag","embeddable":true,"href":"https:\/\/radiorevelacionfm.cl\/index.php?rest_route=%2Fwp%2Fv2%2Ftags&post=66408"}],"curies":[{"name":"wp","href":"https:\/\/api.w.org\/{rel}","templated":true}]}}