{"id":66403,"date":"2026-04-22T17:49:21","date_gmt":"2026-04-22T20:49:21","guid":{"rendered":"https:\/\/radiorevelacionfm.cl\/?p=66403"},"modified":"2026-04-22T17:49:21","modified_gmt":"2026-04-22T20:49:21","slug":"en-aysen-celebran-dia-de-la-tierra-con-ceremonia-de-banderas-de-certificacion-ambiental","status":"publish","type":"post","link":"https:\/\/radiorevelacionfm.cl\/?p=66403","title":{"rendered":"En Ays\u00e9n celebran d\u00eda de la tierra con ceremonia de banderas de certificaci\u00f3n ambiental"},"content":{"rendered":"<div class=\"flex_column av_one_full  flex_column_div av-zero-column-padding first  avia-builder-el-0  el_before_av_one_full  avia-builder-el-first  \" style='border-radius:0px; '><div  class='avia-image-container  av-styling-    avia-builder-el-1  avia-builder-el-no-sibling  avia-align-center '  itemprop=\"image\" itemscope=\"itemscope\" itemtype=\"https:\/\/schema.org\/ImageObject\"  ><div class='avia-image-container-inner'><div class='avia-image-overlay-wrap'><img decoding=\"async\" class='wp-image-66404 avia-img-lazy-loading-not-66404 avia_image' src=\"https:\/\/radiorevelacionfm.cl\/wp-content\/uploads\/2026\/04\/9-33-1-1_optimized-1.jpg\" alt='' title='9-(33)-(1)-(1)_optimized (1)' height=\"600\" width=\"1067\"  itemprop=\"thumbnailUrl\" srcset=\"https:\/\/radiorevelacionfm.cl\/wp-content\/uploads\/2026\/04\/9-33-1-1_optimized-1.jpg 1067w, https:\/\/radiorevelacionfm.cl\/wp-content\/uploads\/2026\/04\/9-33-1-1_optimized-1-300x169.jpg 300w, https:\/\/radiorevelacionfm.cl\/wp-content\/uploads\/2026\/04\/9-33-1-1_optimized-1-1030x579.jpg 1030w, https:\/\/radiorevelacionfm.cl\/wp-content\/uploads\/2026\/04\/9-33-1-1_optimized-1-768x432.jpg 768w, https:\/\/radiorevelacionfm.cl\/wp-content\/uploads\/2026\/04\/9-33-1-1_optimized-1-705x396.jpg 705w, https:\/\/radiorevelacionfm.cl\/wp-content\/uploads\/2026\/04\/9-33-1-1_optimized-1-450x253.jpg 450w, https:\/\/radiorevelacionfm.cl\/wp-content\/uploads\/2026\/04\/9-33-1-1_optimized-1-600x337.jpg 600w\" sizes=\"(max-width: 1067px) 100vw, 1067px\" \/><\/div><\/div><\/div><\/div><div class=\"flex_column av_one_full  flex_column_div av-zero-column-padding first  avia-builder-el-2  el_after_av_one_full  el_before_av_one_full  column-top-margin\" style='border-radius:0px; '><section class=\"av_textblock_section \"  itemscope=\"itemscope\" itemtype=\"https:\/\/schema.org\/BlogPosting\" itemprop=\"blogPost\" ><div class='avia_textblock  '   itemprop=\"text\" ><p style=\"text-align: center;\"><strong><span style=\"font-size: 18pt;\">En Ays\u00e9n celebran d\u00eda de la tierra con ceremonia de banderas de certificaci\u00f3n ambiental<\/span><\/strong><\/p>\n<div id=\"gtx-trans\" style=\"position: absolute; left: -50px; top: 4.31534px;\">\n<div class=\"gtx-trans-icon\"><\/div>\n<\/div>\n<\/div><\/section><\/div><div class=\"flex_column av_one_full  flex_column_div av-zero-column-padding first  avia-builder-el-4  el_after_av_one_full  el_before_av_hr  column-top-margin\" style='border-radius:0px; '><section class=\"av_textblock_section \"  itemscope=\"itemscope\" itemtype=\"https:\/\/schema.org\/BlogPosting\" itemprop=\"blogPost\" ><div class='avia_textblock  '   itemprop=\"text\" ><p style=\"text-align: justify;\">En el marco de la conmemoraci\u00f3n del D\u00eda de la Tierra, la SEREMI del Medio Ambiente de la Regi\u00f3n de Ays\u00e9n realiz\u00f3 la ceremonia de certificaci\u00f3n ambiental y entrega de banderas del Sistema Nacional de Certificaci\u00f3n Ambiental de Establecimientos Educacionales (SNCAE), instancia que reuni\u00f3 a comunidades educativas de distintos puntos del territorio para reconocer el trabajo sostenido en educaci\u00f3n ambiental durante el \u00faltimo a\u00f1o.<\/p>\n<p style=\"text-align: justify;\">La actividad, desarrollada en el Sal\u00f3n Audit\u00f3rium del MOP, marc\u00f3 el cierre de un proceso que ha permitido a jardines, escuelas y liceos integrar la sustentabilidad en su gesti\u00f3n, en el aula y en su v\u00ednculo con el entorno. En este contexto, el SEREMI del Medio Ambiente, Eugenio Canales, valor\u00f3 el compromiso de las comunidades educativas se\u00f1alando que como Ministerio <strong>\u201chemos trabajado permanentemente con ellos en materia de certificaci\u00f3n y hoy d\u00eda vemos reflejado el trabajo realizado en cada uno de los establecimientos\u201d<\/strong>, destacando adem\u00e1s que este reconocimiento se extiende a estudiantes, docentes y familias, <strong>\u201cporque educar ambientalmente es trabajar para el futuro de nuestro pa\u00eds\u201d <\/strong>.<\/p>\n<p style=\"text-align: justify;\">Durante la ceremonia, se hizo entrega de las banderas que distinguen los niveles de certificaci\u00f3n \u2014b\u00e1sico, medio y de excelencia\u2014 a establecimientos que han avanzado en la incorporaci\u00f3n de pr\u00e1cticas concretas como reciclaje, eficiencia energ\u00e9tica, huertos escolares y trabajo con biodiversidad local. M\u00e1s all\u00e1 del s\u00edmbolo, estas distinciones representan procesos educativos que nacen desde los territorios y que impactan directamente en la formaci\u00f3n de ciudadan\u00eda ambiental.<\/p>\n<p style=\"text-align: justify;\">El proceso SNCAE en la regi\u00f3n es acompa\u00f1ado por el Comit\u00e9 Regional de Certificaci\u00f3n Ambiental, cuyo trabajo interinstitucional fue relevado por el Seremi de Educaci\u00f3n, Tom\u00e1s Valenzuela, quien destac\u00f3 que <strong>\u201cesto reafirma el compromiso que tiene cada una de las comunidades con el cuidado del medio ambiente\u201d,<\/strong> agregando que la regi\u00f3n cuenta con <strong>\u201cla mejor aula del mundo, que es la Patagonia\u201d,<\/strong> subrayando que el rol de las instituciones es <strong>precisamente \u201capoyar el trabajo que desarrollan cada una de las comunidades\u201d<\/strong> . A partir de esta coordinaci\u00f3n, el comit\u00e9 \u2014integrado por SEREMI de Educaci\u00f3n, JUNJI, Fundaci\u00f3n Integra, CONAF, PAR Explora Ays\u00e9n, CIEP y el Servicio Local de Educaci\u00f3n P\u00fablica\u2014 ha permitido sostener el crecimiento del sistema, fortalecer el acompa\u00f1amiento t\u00e9cnico y consolidar una red activa de educaci\u00f3n ambiental en la regi\u00f3n.<\/p>\n<p style=\"text-align: justify;\">El encuentro tambi\u00e9n fue una oportunidad para visibilizar experiencias locales, como la de la Escuela Guido G\u00f3mez de Puerto Cisnes, cuya comunidad educativa ha impulsado un trabajo progresivo en torno a su sello ambiental. Su profesora, Denise Ar\u00e9valo, destac\u00f3 que <strong>\u201cha sido un trabajo de hormiguita, de a poquito hemos ido creciendo en nuestro sello\u201d<\/strong>, valorando el rol de la brigada ambiental y el orgullo que representa este primer logro para la comunidad escolar.<\/p>\n<p style=\"text-align: justify;\">Desde la educaci\u00f3n inicial, el compromiso tambi\u00e9n se hace presente. La directora regional de Fundaci\u00f3n Integra, Leticia Araya, enfatiz\u00f3 que estas experiencias van m\u00e1s all\u00e1 de una certificaci\u00f3n, se\u00f1alando que <strong>\u201clo importante de esta actividad es c\u00f3mo los ni\u00f1os y las ni\u00f1as se comprometen junto a su familia y su equipo en desaf\u00edos para cuidar el medio ambiente\u201d<\/strong>, relevando el valor formativo de acciones cotidianas como el cuidado del agua, el reciclaje y la conciencia sobre el entorno.<\/p>\n<p style=\"text-align: justify;\">La ceremonia finaliz\u00f3 con una actividad participativa, donde las comunidades plasmaron sus compromisos ambientales en una obra colectiva, proyectando as\u00ed los desaf\u00edos futuros. De esta manera, el SNCAE se consolida en la Regi\u00f3n de Ays\u00e9n como una herramienta concreta de transformaci\u00f3n, donde la educaci\u00f3n ambiental deja de ser un concepto abstracto y se convierte en una pr\u00e1ctica viva, construida d\u00eda a d\u00eda desde las propias comunidades educativas.<\/p>\n<\/div><\/section><\/div><div  style='height:50px' class='hr hr-invisible   avia-builder-el-6  el_after_av_one_full  el_before_av_social_share '><span class='hr-inner ' ><span class='hr-inner-style'><\/span><\/span><\/div><\/p>\n<div  class='av-social-sharing-box  avia-builder-el-7  el_after_av_hr  el_before_av_hr  '><div class='av-share-box'><h5 class='av-share-link-description av-no-toc '>Compartir esta noticia<\/h5><ul class='av-share-box-list noLightbox'><li class='av-share-link av-social-link-facebook' ><a target=\"_blank\" aria-label=\"Compartir en Facebook\" href='https:\/\/www.facebook.com\/sharer.php?u=https:\/\/radiorevelacionfm.cl\/?p=66403&#038;t=En%20Ays%C3%A9n%20celebran%20d%C3%ADa%20de%20la%20tierra%20con%20ceremonia%20de%20banderas%20de%20certificaci%C3%B3n%20ambiental' aria-hidden='false' data-av_icon='\ue8f3' data-av_iconfont='entypo-fontello' title='' data-avia-related-tooltip='Compartir en Facebook' rel=\"noopener\"><span class='avia_hidden_link_text'>Compartir en Facebook<\/span><\/a><\/li><li class='av-share-link av-social-link-twitter' ><a target=\"_blank\" aria-label=\"Compartir en Twitter\" href='https:\/\/twitter.com\/share?text=En%20Ays%C3%A9n%20celebran%20d%C3%ADa%20de%20la%20tierra%20con%20ceremonia%20de%20banderas%20de%20certificaci%C3%B3n%20ambiental&#038;url=https:\/\/radiorevelacionfm.cl\/?p=66403' aria-hidden='false' data-av_icon='\ue8f1' data-av_iconfont='entypo-fontello' title='' data-avia-related-tooltip='Compartir en Twitter' rel=\"noopener\"><span class='avia_hidden_link_text'>Compartir en Twitter<\/span><\/a><\/li><li class='av-share-link av-social-link-whatsapp' ><a target=\"_blank\" aria-label=\"Compartir en Whatsapp\" href='https:\/\/api.whatsapp.com\/send?text=https:\/\/radiorevelacionfm.cl\/?p=66403' aria-hidden='false' data-av_icon='\uf232' data-av_iconfont='entypo-fontello' title='' data-avia-related-tooltip='Compartir en Whatsapp' rel=\"noopener\"><span class='avia_hidden_link_text'>Compartir en Whatsapp<\/span><\/a><\/li><li class='av-share-link av-social-link-linkedin' ><a target=\"_blank\" aria-label=\"Compartir en LinkedIn\" href='https:\/\/linkedin.com\/shareArticle?mini=true&#038;title=En%20Ays%C3%A9n%20celebran%20d%C3%ADa%20de%20la%20tierra%20con%20ceremonia%20de%20banderas%20de%20certificaci%C3%B3n%20ambiental&#038;url=https:\/\/radiorevelacionfm.cl\/?p=66403' aria-hidden='false' data-av_icon='\ue8fc' data-av_iconfont='entypo-fontello' title='' data-avia-related-tooltip='Compartir en LinkedIn' rel=\"noopener\"><span class='avia_hidden_link_text'>Compartir en LinkedIn<\/span><\/a><\/li><li class='av-share-link av-social-link-mail' ><a  aria-label=\"Compartir por correo\" href='mailto:?subject=En%20Ays%C3%A9n%20celebran%20d%C3%ADa%20de%20la%20tierra%20con%20ceremonia%20de%20banderas%20de%20certificaci%C3%B3n%20ambiental&#038;body=https:\/\/radiorevelacionfm.cl\/?p=66403' aria-hidden='false' data-av_icon='\ue805' data-av_iconfont='entypo-fontello' title='' data-avia-related-tooltip='Compartir por correo'><span class='avia_hidden_link_text'>Compartir por correo<\/span><\/a><\/li><\/ul><\/div><\/div>\n<div  style='height:50px' class='hr hr-invisible   avia-builder-el-8  el_after_av_social_share  el_before_av_comments_list '><span class='hr-inner ' ><span class='hr-inner-style'><\/span><\/span><\/div>\n<div  class='av-buildercomment  av-blog-meta-html-info-disabled av-blog-meta-tag-disabled  '><\/div>\n","protected":false},"excerpt":{"rendered":"","protected":false},"author":1,"featured_media":66404,"comment_status":"closed","ping_status":"closed","sticky":false,"template":"","format":"standard","meta":{"footnotes":""},"categories":[39],"tags":[],"class_list":["post-66403","post","type-post","status-publish","format-standard","has-post-thumbnail","hentry","category-medio-ambiente"],"jetpack_featured_media_url":"https:\/\/radiorevelacionfm.cl\/wp-content\/uploads\/2026\/04\/9-33-1-1_optimized-1.jpg","_links":{"self":[{"href":"https:\/\/radiorevelacionfm.cl\/index.php?rest_route=\/wp\/v2\/posts\/66403","targetHints":{"allow":["GET"]}}],"collection":[{"href":"https:\/\/radiorevelacionfm.cl\/index.php?rest_route=\/wp\/v2\/posts"}],"about":[{"href":"https:\/\/radiorevelacionfm.cl\/index.php?rest_route=\/wp\/v2\/types\/post"}],"author":[{"embeddable":true,"href":"https:\/\/radiorevelacionfm.cl\/index.php?rest_route=\/wp\/v2\/users\/1"}],"replies":[{"embeddable":true,"href":"https:\/\/radiorevelacionfm.cl\/index.php?rest_route=%2Fwp%2Fv2%2Fcomments&post=66403"}],"version-history":[{"count":2,"href":"https:\/\/radiorevelacionfm.cl\/index.php?rest_route=\/wp\/v2\/posts\/66403\/revisions"}],"predecessor-version":[{"id":66412,"href":"https:\/\/radiorevelacionfm.cl\/index.php?rest_route=\/wp\/v2\/posts\/66403\/revisions\/66412"}],"wp:featuredmedia":[{"embeddable":true,"href":"https:\/\/radiorevelacionfm.cl\/index.php?rest_route=\/wp\/v2\/media\/66404"}],"wp:attachment":[{"href":"https:\/\/radiorevelacionfm.cl\/index.php?rest_route=%2Fwp%2Fv2%2Fmedia&parent=66403"}],"wp:term":[{"taxonomy":"category","embeddable":true,"href":"https:\/\/radiorevelacionfm.cl\/index.php?rest_route=%2Fwp%2Fv2%2Fcategories&post=66403"},{"taxonomy":"post_tag","embeddable":true,"href":"https:\/\/radiorevelacionfm.cl\/index.php?rest_route=%2Fwp%2Fv2%2Ftags&post=66403"}],"curies":[{"name":"wp","href":"https:\/\/api.w.org\/{rel}","templated":true}]}}