{"id":6640,"date":"2021-07-26T13:06:06","date_gmt":"2021-07-26T16:06:06","guid":{"rendered":"https:\/\/radiorevelacionfm.cl\/?p=6640"},"modified":"2021-07-26T13:06:06","modified_gmt":"2021-07-26T16:06:06","slug":"corte-ordena-reintegrar-a-funcionario-despedido-de-la-seremia-de-las-culturas-y-las-artes-de-aysen","status":"publish","type":"post","link":"https:\/\/radiorevelacionfm.cl\/?p=6640","title":{"rendered":"Corte ordena reintegrar a funcionario despedido de la Serem\u00eda de las Culturas y las Artes de Ays\u00e9n"},"content":{"rendered":"<div class=\"flex_column av_one_full  flex_column_div av-zero-column-padding first  avia-builder-el-0  el_before_av_one_full  avia-builder-el-first  \" style='border-radius:0px; '><div  class='avia-image-container  av-styling-    avia-builder-el-1  avia-builder-el-no-sibling  avia-align-center '  itemprop=\"image\" itemscope=\"itemscope\" itemtype=\"https:\/\/schema.org\/ImageObject\"  ><div class='avia-image-container-inner'><div class='avia-image-overlay-wrap'><img decoding=\"async\" class='wp-image-6641 avia-img-lazy-loading-not-6641 avia_image' src=\"https:\/\/radiorevelacionfm.cl\/wp-content\/uploads\/2021\/07\/foto-01-corte-1_optimized.jpg\" alt='' title='foto-01-corte--(1)_optimized' height=\"600\" width=\"918\"  itemprop=\"thumbnailUrl\" srcset=\"https:\/\/radiorevelacionfm.cl\/wp-content\/uploads\/2021\/07\/foto-01-corte-1_optimized.jpg 918w, https:\/\/radiorevelacionfm.cl\/wp-content\/uploads\/2021\/07\/foto-01-corte-1_optimized-300x196.jpg 300w, https:\/\/radiorevelacionfm.cl\/wp-content\/uploads\/2021\/07\/foto-01-corte-1_optimized-768x502.jpg 768w, https:\/\/radiorevelacionfm.cl\/wp-content\/uploads\/2021\/07\/foto-01-corte-1_optimized-705x461.jpg 705w, https:\/\/radiorevelacionfm.cl\/wp-content\/uploads\/2021\/07\/foto-01-corte-1_optimized-600x392.jpg 600w\" sizes=\"(max-width: 918px) 100vw, 918px\" \/><\/div><\/div><\/div><\/div><div class=\"flex_column av_one_full  flex_column_div av-zero-column-padding first  avia-builder-el-2  el_after_av_one_full  el_before_av_one_full  column-top-margin\" style='border-radius:0px; '><section class=\"av_textblock_section \"  itemscope=\"itemscope\" itemtype=\"https:\/\/schema.org\/BlogPosting\" itemprop=\"blogPost\" ><div class='avia_textblock  '   itemprop=\"text\" ><p style=\"text-align: center;\"><strong><span style=\"font-size: 18pt;\">Corte ordena reintegrar a funcionario despedido de la Serem\u00eda de las Culturas y las Artes de Ays\u00e9n<\/span><\/strong><\/p>\n<div id=\"gtx-trans\" style=\"position: absolute; left: -50px; top: 4.31534px;\">\n<div class=\"gtx-trans-icon\"><\/div>\n<\/div>\n<\/div><\/section><\/div><div class=\"flex_column av_one_full  flex_column_div av-zero-column-padding first  avia-builder-el-4  el_after_av_one_full  el_before_av_hr  column-top-margin\" style='border-radius:0px; '><section class=\"av_textblock_section \"  itemscope=\"itemscope\" itemtype=\"https:\/\/schema.org\/BlogPosting\" itemprop=\"blogPost\" ><div class='avia_textblock  '   itemprop=\"text\" ><p style=\"font-weight: 400; text-align: justify;\">La\u00a0Corte\u00a0de Apelaciones de Coyhaique acogi\u00f3 el\u00a0recurso\u00a0de\u00a0protecci\u00f3n\u00a0presentado en contra de la\u00a0Subsecretar\u00eda\u00a0de\u00a0las\u00a0Culturas y\u00a0las\u00a0Artes de Ays\u00e9n, por poner\u00a0t\u00e9rmino\u00a0anticipado a la contrata anual del funcionario recurrente.<\/p>\n<p style=\"font-weight: 400; text-align: justify;\">En fallo un\u00e1nime (causa rol 256-2021), el tribunal de alzada \u2013integrado por los ministros Sergio Mora Vallejos, Pedro Castro Espinoza y Jos\u00e9 Ignacio Mora Trujillo\u2013 estableci\u00f3 el actuar ilegal y arbitrario de la repartici\u00f3n p\u00fablica y le orden\u00f3 el inmediato reintegro del trabajador y el pago de las remuneraciones por el tiempo que estuvo separado de sus labores y su reincorporaci\u00f3n.<\/p>\n<p style=\"font-weight: 400; text-align: justify;\">\u201c(\u2026) de lo que se ha venido diciendo resulta palmaria la falta de congruencia en el actuar de la recurrida, contraviniendo sus propios actos, desde que la resoluci\u00f3n impugnada se fundamenta extensamente en el mal desempe\u00f1o funcionario del recurrente, consistente en una deficiente evaluaci\u00f3n de su trabajo como abogado de la Secretar\u00eda Regional Ministerial de Ays\u00e9n, sobre hechos que la misma resoluci\u00f3n expone\u201d, sostiene el fallo.<\/p>\n<p style=\"font-weight: 400; text-align: justify;\">La resoluci\u00f3n agrega que: \u201cEntonces, este fundamento se contraviene abiertamente con el actuar previo de la recurrida, de fecha 30 de noviembre de 2020, en que le comunic\u00f3 al recurrente la decisi\u00f3n del servicio de renovar su contrata para el a\u00f1o 2021, fundado en la aprobaci\u00f3n respecto de su desempe\u00f1o y logros obtenidos; sin perjuicio que ello concuerda con la calificaci\u00f3n del a\u00f1o 2019, en lista 1, de distinci\u00f3n, con una hoja de vida funcionaria emitida el 2021 sin anotaciones de dem\u00e9rito y con la realizaci\u00f3n de varios curso de capacitaci\u00f3n el a\u00f1o 2019; sin que se cuente con la evaluaci\u00f3n de desempe\u00f1o pendiente por el a\u00f1o 2020, debido a las condiciones de pandemia que nos afecta actualmente a nivel mundial, sin embargo estos antecedentes se avienen m\u00e1s con lo que motiv\u00f3 la renovaci\u00f3n de la contrata que con los fundamentos de la resoluci\u00f3n impugnada\u201d.<\/p>\n<p style=\"font-weight: 400; text-align: justify;\">Por tanto, se resuelve que: \u201cSE ACOGE, sin costas, el recurso de protecci\u00f3n deducido por Lorenzo Avil\u00e9s Rubilar, abogado, en representaci\u00f3n de Cristi\u00e1n Alejandro Arancibia Otei en contra de la Subsecretaria de Las Culturas y Las Artes, representada legalmente por Juan Carlos Silva Aldunate y, en consecuencia, se deja sin efecto la Resoluci\u00f3n Exenta N\u00b0122509\/109\/2021, de fecha 20 de mayo de 2021, dictada por la recurrida, debiendo esta, mediando los actos administrativos de rigor, prorrogar el empleo del recurrente en calidad de contrata para el a\u00f1o 2021, disponer su reintegro inmediato en su cargo servido como abogado en la Secretar\u00eda Regional Ministerial de las Artes y el Patrimonio de la Regi\u00f3n de Ays\u00e9n y efectuar el pago \u00edntegro de todas las remuneraciones devengadas en el tiempo que medi\u00f3 entre la separaci\u00f3n de sus funciones y su reincorporaci\u00f3n a su empleo\u201d.<\/p>\n<\/div><\/section><\/div><div  style='height:50px' class='hr hr-invisible   avia-builder-el-6  el_after_av_one_full  el_before_av_social_share '><span class='hr-inner ' ><span class='hr-inner-style'><\/span><\/span><\/div><\/p>\n<div  class='av-social-sharing-box  avia-builder-el-7  el_after_av_hr  el_before_av_hr  '><div class='av-share-box'><h5 class='av-share-link-description av-no-toc '>Compartir esta noticia<\/h5><ul class='av-share-box-list noLightbox'><li class='av-share-link av-social-link-facebook' ><a target=\"_blank\" aria-label=\"Compartir en Facebook\" href='https:\/\/www.facebook.com\/sharer.php?u=https:\/\/radiorevelacionfm.cl\/?p=6640&#038;t=Corte%20ordena%20reintegrar%20a%20funcionario%20despedido%20de%20la%20Serem%C3%ADa%20de%20las%20Culturas%20y%20las%20Artes%20de%20Ays%C3%A9n' aria-hidden='false' data-av_icon='\ue8f3' data-av_iconfont='entypo-fontello' title='' data-avia-related-tooltip='Compartir en Facebook' rel=\"noopener\"><span class='avia_hidden_link_text'>Compartir en Facebook<\/span><\/a><\/li><li class='av-share-link av-social-link-twitter' ><a target=\"_blank\" aria-label=\"Compartir en Twitter\" href='https:\/\/twitter.com\/share?text=Corte%20ordena%20reintegrar%20a%20funcionario%20despedido%20de%20la%20Serem%C3%ADa%20de%20las%20Culturas%20y%20las%20Artes%20de%20Ays%C3%A9n&#038;url=https:\/\/radiorevelacionfm.cl\/?p=6640' aria-hidden='false' data-av_icon='\ue8f1' data-av_iconfont='entypo-fontello' title='' data-avia-related-tooltip='Compartir en Twitter' rel=\"noopener\"><span class='avia_hidden_link_text'>Compartir en Twitter<\/span><\/a><\/li><li class='av-share-link av-social-link-whatsapp' ><a target=\"_blank\" aria-label=\"Compartir en Whatsapp\" href='https:\/\/api.whatsapp.com\/send?text=https:\/\/radiorevelacionfm.cl\/?p=6640' aria-hidden='false' data-av_icon='\uf232' data-av_iconfont='entypo-fontello' title='' data-avia-related-tooltip='Compartir en Whatsapp' rel=\"noopener\"><span class='avia_hidden_link_text'>Compartir en Whatsapp<\/span><\/a><\/li><li class='av-share-link av-social-link-linkedin' ><a target=\"_blank\" aria-label=\"Compartir en LinkedIn\" href='https:\/\/linkedin.com\/shareArticle?mini=true&#038;title=Corte%20ordena%20reintegrar%20a%20funcionario%20despedido%20de%20la%20Serem%C3%ADa%20de%20las%20Culturas%20y%20las%20Artes%20de%20Ays%C3%A9n&#038;url=https:\/\/radiorevelacionfm.cl\/?p=6640' aria-hidden='false' data-av_icon='\ue8fc' data-av_iconfont='entypo-fontello' title='' data-avia-related-tooltip='Compartir en LinkedIn' rel=\"noopener\"><span class='avia_hidden_link_text'>Compartir en LinkedIn<\/span><\/a><\/li><li class='av-share-link av-social-link-mail' ><a  aria-label=\"Compartir por correo\" href='mailto:?subject=Corte%20ordena%20reintegrar%20a%20funcionario%20despedido%20de%20la%20Serem%C3%ADa%20de%20las%20Culturas%20y%20las%20Artes%20de%20Ays%C3%A9n&#038;body=https:\/\/radiorevelacionfm.cl\/?p=6640' aria-hidden='false' data-av_icon='\ue805' data-av_iconfont='entypo-fontello' title='' data-avia-related-tooltip='Compartir por correo'><span class='avia_hidden_link_text'>Compartir por correo<\/span><\/a><\/li><\/ul><\/div><\/div>\n<div  style='height:50px' class='hr hr-invisible   avia-builder-el-8  el_after_av_social_share  el_before_av_comments_list '><span class='hr-inner ' ><span class='hr-inner-style'><\/span><\/span><\/div>\n<div  class='av-buildercomment  av-blog-meta-html-info-disabled av-blog-meta-tag-disabled  '><\/div>\n","protected":false},"excerpt":{"rendered":"","protected":false},"author":1,"featured_media":6641,"comment_status":"open","ping_status":"open","sticky":false,"template":"","format":"standard","meta":{"footnotes":""},"categories":[55],"tags":[],"class_list":["post-6640","post","type-post","status-publish","format-standard","has-post-thumbnail","hentry","category-justicia"],"jetpack_featured_media_url":"https:\/\/radiorevelacionfm.cl\/wp-content\/uploads\/2021\/07\/foto-01-corte-1_optimized.jpg","_links":{"self":[{"href":"https:\/\/radiorevelacionfm.cl\/index.php?rest_route=\/wp\/v2\/posts\/6640","targetHints":{"allow":["GET"]}}],"collection":[{"href":"https:\/\/radiorevelacionfm.cl\/index.php?rest_route=\/wp\/v2\/posts"}],"about":[{"href":"https:\/\/radiorevelacionfm.cl\/index.php?rest_route=\/wp\/v2\/types\/post"}],"author":[{"embeddable":true,"href":"https:\/\/radiorevelacionfm.cl\/index.php?rest_route=\/wp\/v2\/users\/1"}],"replies":[{"embeddable":true,"href":"https:\/\/radiorevelacionfm.cl\/index.php?rest_route=%2Fwp%2Fv2%2Fcomments&post=6640"}],"version-history":[{"count":1,"href":"https:\/\/radiorevelacionfm.cl\/index.php?rest_route=\/wp\/v2\/posts\/6640\/revisions"}],"predecessor-version":[{"id":6642,"href":"https:\/\/radiorevelacionfm.cl\/index.php?rest_route=\/wp\/v2\/posts\/6640\/revisions\/6642"}],"wp:featuredmedia":[{"embeddable":true,"href":"https:\/\/radiorevelacionfm.cl\/index.php?rest_route=\/wp\/v2\/media\/6641"}],"wp:attachment":[{"href":"https:\/\/radiorevelacionfm.cl\/index.php?rest_route=%2Fwp%2Fv2%2Fmedia&parent=6640"}],"wp:term":[{"taxonomy":"category","embeddable":true,"href":"https:\/\/radiorevelacionfm.cl\/index.php?rest_route=%2Fwp%2Fv2%2Fcategories&post=6640"},{"taxonomy":"post_tag","embeddable":true,"href":"https:\/\/radiorevelacionfm.cl\/index.php?rest_route=%2Fwp%2Fv2%2Ftags&post=6640"}],"curies":[{"name":"wp","href":"https:\/\/api.w.org\/{rel}","templated":true}]}}